{"id":7476,"date":"2011-08-01T09:57:04","date_gmt":"2011-08-01T07:57:04","guid":{"rendered":"https:\/\/wbp.lublin.pl8\/index.php\/2011\/08\/01\/seminarium-wyjazdowe-do-europejskiego-centrum-bajki-w-pacanowie-dla-bibliotekarzy-pracujacych-z-dziecmi-i-mlodzieza-7-wrzesnia-2011-r\/"},"modified":"2024-03-14T09:45:19","modified_gmt":"2024-03-14T08:45:19","slug":"seminarium-wyjazdowe-do-europejskiego-centrum-bajki-w-pacanowie-dla-bibliotekarzy-pracujacych-z-dziecmi-i-mlodzieza-7-wrzesnia-2011-r","status":"publish","type":"post","link":"https:\/\/wbp.lublin.pl\/index.php\/2011\/08\/01\/seminarium-wyjazdowe-do-europejskiego-centrum-bajki-w-pacanowie-dla-bibliotekarzy-pracujacych-z-dziecmi-i-mlodzieza-7-wrzesnia-2011-r\/","title":{"rendered":"Seminarium wyjazdowe do Europejskiego Centrum Bajki w Pacanowie dla bibliotekarzy pracuj\u0105cych z dzie\u0107mi i m\u0142odzie\u017c\u0105 (7 wrze\u015bnia 2011 r.)"},"content":{"rendered":"<h2 class=\"art-PostHeaderIcon-wrapper\"><\/h2>\n<p><!--more--><\/p>\n<h5>Wojew\u00f3dzka Biblioteka Publiczna im. Hieronima \u0141opaci\u0144skiego w Lublinie<br \/>\nzaprasza wszystkich bibliotekarzy do udzia\u0142u<br \/>\nw <b>seminarium wyjazdowym do Europejskiego Centrum Bajki<br \/>\nw Pacanowie <\/b>(wojew\u00f3dztwo \u015bwi\u0119tokrzyskie)<br \/>\nw dniu <b>7 wrze\u015bnia 2011 r.<\/b><\/h5>\n<h6>Wyjazd <strong>spod siedziby WBP przy ul. Narutowicza 4 o godz. 7:00<\/strong>.<br \/>\nPlanowany powr\u00f3t do Lublina ok. godz.19:00.<\/h6>\n<p>G\u0142\u00f3wnym celem seminarium jest pokazanie nowych form inspirowania m\u0142odych ludzi do si\u0119gania po literatur\u0119 ba\u015bniow\u0105 oraz propagowania pozytywnych warto\u015bci. Planowane jest zwiedzanie ECB oraz wystawy \u201eBajkowy \u015awiat\u201d i udzia\u0142 w zabawach interaktywnych. Szczeg\u00f3\u0142owe informacje o ECB w Pacanowie dost\u0119pne s\u0105 <a href=\"http:\/\/www.ecb.pacanow.eu\/\" target=\"_blank\" rel=\"noopener\">na jego stronie internetowej<\/a>.<\/p>\n<p>Koszt udzia\u0142u w seminarium wynosi 93 z\u0142 (s\u0142ownie z\u0142otych: dziewi\u0119\u0107dziesi\u0105t trzy 00\/100) i pokrywaj\u0105 go instytucje deleguj\u0105ce. Wp\u0142aty nale\u017cy dokona\u0107 na konto WBP (<strong>03 1240 5497 1111 0000 5012 3951 Bank Pekao S.A. O\/Lublin<\/strong>) do <strong>19 sierpnia 2011 r<\/strong>. Cena zawiera koszt przejazdu autokarem klasy turystycznej na trasie Lublin \u2013 Pacan\u00f3w \u2013 Lublin, bilet wst\u0119pu, dwudaniowy obiad, ubezpieczenie NNW oraz podatek VAT.<\/p>\n<p style=\"text-align: center;\">Zg\u0142oszenia przyjmujemy do <strong>25 sierpnia 2011 r. <\/strong><br \/>\ntelefonicznie <strong>81 528-74-20.<\/strong><\/p>\n<h5>Liczba miejsc ograniczona.<\/h5>\n<h5>Zapraszamy do skorzystania z oferty!<\/h5>\n","protected":false},"excerpt":{"rendered":"","protected":false},"author":9,"featured_media":0,"comment_status":"open","ping_status":"open","sticky":false,"template":"","format":"standard","meta":{"_tec_requires_first_save":true,"_crdt_document":"","pgc_sgb_lightbox_settings":"","_EventAllDay":false,"_EventTimezone":"","_EventStartDate":"","_EventEndDate":"","_EventStartDateUTC":"","_EventEndDateUTC":"","_EventShowMap":false,"_EventShowMapLink":false,"_EventURL":"","_EventCost":"","_EventCostDescription":"","_EventCurrencySymbol":"","_EventCurrencyCode":"","_EventCurrencyPosition":"","_EventDateTimeSeparator":"","_EventTimeRangeSeparator":"","_EventOrganizerID":[],"_EventVenueID":[],"_OrganizerEmail":"","_OrganizerPhone":"","_OrganizerWebsite":"","_VenueAddress":"","_VenueCity":"","_VenueCountry":"","_VenueProvince":"","_VenueState":"","_VenueZip":"","_VenuePhone":"","_VenueURL":"","_VenueStateProvince":"","_VenueLat":"","_VenueLng":"","_VenueShowMap":false,"_VenueShowMapLink":false,"_tribe_blocks_recurrence_rules":"","_tribe_blocks_recurrence_description":"","_tribe_blocks_recurrence_exclusions":"","footnotes":""},"categories":[101],"tags":[],"class_list":["post-7476","post","type-post","status-publish","format-standard","hentry","category-komunikaty-branzowe-archiwum"],"publishpress_future_action":{"enabled":false,"date":"2026-05-06 15:55:30","action":"change-status","newStatus":"draft","terms":[],"taxonomy":"category","extraData":[]},"publishpress_future_workflow_manual_trigger":{"enabledWorkflows":[]},"_links":{"self":[{"href":"https:\/\/wbp.lublin.pl\/index.php\/wp-json\/wp\/v2\/posts\/7476","targetHints":{"allow":["GET"]}}],"collection":[{"href":"https:\/\/wbp.lublin.pl\/index.php\/wp-json\/wp\/v2\/posts"}],"about":[{"href":"https:\/\/wbp.lublin.pl\/index.php\/wp-json\/wp\/v2\/types\/post"}],"author":[{"embeddable":true,"href":"https:\/\/wbp.lublin.pl\/index.php\/wp-json\/wp\/v2\/users\/9"}],"replies":[{"embeddable":true,"href":"https:\/\/wbp.lublin.pl\/index.php\/wp-json\/wp\/v2\/comments?post=7476"}],"version-history":[{"count":4,"href":"https:\/\/wbp.lublin.pl\/index.php\/wp-json\/wp\/v2\/posts\/7476\/revisions"}],"predecessor-version":[{"id":55328,"href":"https:\/\/wbp.lublin.pl\/index.php\/wp-json\/wp\/v2\/posts\/7476\/revisions\/55328"}],"wp:attachment":[{"href":"https:\/\/wbp.lublin.pl\/index.php\/wp-json\/wp\/v2\/media?parent=7476"}],"wp:term":[{"taxonomy":"category","embeddable":true,"href":"https:\/\/wbp.lublin.pl\/index.php\/wp-json\/wp\/v2\/categories?post=7476"},{"taxonomy":"post_tag","embeddable":true,"href":"https:\/\/wbp.lublin.pl\/index.php\/wp-json\/wp\/v2\/tags?post=7476"}],"curies":[{"name":"wp","href":"https:\/\/api.w.org\/{rel}","templated":true}]}}