{"id":7497,"date":"2011-09-26T07:57:10","date_gmt":"2011-09-26T05:57:10","guid":{"rendered":"https:\/\/wbp.lublin.pl8\/index.php\/2011\/09\/26\/zdjecia-z-wyjazdowego-seminarium-szkoleniowego-dkk-w-romanowie\/"},"modified":"2018-07-02T22:57:38","modified_gmt":"2018-07-02T20:57:38","slug":"zdjecia-z-wyjazdowego-seminarium-szkoleniowego-dkk-w-romanowie","status":"publish","type":"post","link":"https:\/\/wbp.lublin.pl\/index.php\/2011\/09\/26\/zdjecia-z-wyjazdowego-seminarium-szkoleniowego-dkk-w-romanowie\/","title":{"rendered":"Zdj\u0119cia z wyjazdowego seminarium szkoleniowego DKK w Romanowie"},"content":{"rendered":"<p>20 wrze\u015bnia 2011 r. Wojew\u00f3dzka Biblioteka Publiczna im. Hieronima \u0141opaci\u0144skiego w Lublinie zorganizowa\u0142a <strong>wyjazdowe seminarium szkoleniowe dla \u00a0moderator\u00f3w Dyskusyjnych Klub\u00f3w Ksi\u0105\u017cki oraz pracownik\u00f3w\u00a0dzia\u0142\u00f3w udost\u0119pniania bibliotek miejskich<\/strong>.<\/p>\n<p>W trakcie seminarium zwiedzono <a href=\"http:\/\/muzeumjik.prv.pl\/dane\/glowna.html\" target=\"_blank\" rel=\"noopener\">Muzeum J\u00f3zefa Ignacego Kraszewskiego <\/a>w Romanowie oraz Gminn\u0105 Bibliotek\u0119 Publiczn\u0105 w Wisznicach. Prezentacji pracy plac\u00f3wki dokona\u0142a dyrektor Alina Maniowiec.<\/p>\n<p style=\"text-align: center;\"><img data-dominant-color=\"575a4e\" data-has-transparency=\"false\" style=\"--dominant-color: #575a4e;\" loading=\"lazy\" decoding=\"async\" class=\"size-full wp-image-7488 not-transparent\" src=\"http:\/\/wbp.lublin.pl\/wp-content\/uploads\/2011\/09\/dkk_relacje_2011-09-20-Romanow_1.JPG\" alt=\"\" width=\"150\" height=\"100\" \/><img data-dominant-color=\"6a5f58\" data-has-transparency=\"false\" style=\"--dominant-color: #6a5f58;\" loading=\"lazy\" decoding=\"async\" class=\"size-full wp-image-7489 not-transparent\" src=\"http:\/\/wbp.lublin.pl\/wp-content\/uploads\/2011\/09\/dkk_relacje_2011-09-20-Romanow_2.JPG\" alt=\"\" width=\"150\" height=\"100\" \/><img data-dominant-color=\"856a4c\" data-has-transparency=\"false\" style=\"--dominant-color: #856a4c;\" loading=\"lazy\" decoding=\"async\" class=\"size-full wp-image-7490 not-transparent\" src=\"http:\/\/wbp.lublin.pl\/wp-content\/uploads\/2011\/09\/dkk_relacje_2011-09-20-Romanow_3.JPG\" alt=\"\" width=\"150\" height=\"100\" \/><img data-dominant-color=\"a58571\" data-has-transparency=\"false\" style=\"--dominant-color: #a58571;\" loading=\"lazy\" decoding=\"async\" class=\"size-full wp-image-7491 not-transparent\" src=\"http:\/\/wbp.lublin.pl\/wp-content\/uploads\/2011\/09\/dkk_relacje_2011-09-20-Romanow_4.JPG\" alt=\"\" width=\"150\" height=\"100\" \/><img data-dominant-color=\"625d53\" data-has-transparency=\"false\" style=\"--dominant-color: #625d53;\" loading=\"lazy\" decoding=\"async\" class=\"size-full wp-image-7492 not-transparent\" src=\"http:\/\/wbp.lublin.pl\/wp-content\/uploads\/2011\/09\/dkk_relacje_2011-09-20-Romanow_5.JPG\" alt=\"\" width=\"150\" height=\"100\" \/><img data-dominant-color=\"686957\" data-has-transparency=\"false\" style=\"--dominant-color: #686957;\" loading=\"lazy\" decoding=\"async\" class=\"size-full wp-image-7493 not-transparent\" src=\"http:\/\/wbp.lublin.pl\/wp-content\/uploads\/2011\/09\/dkk_relacje_2011-09-20-Romanow_6.JPG\" alt=\"\" width=\"150\" height=\"100\" \/><img data-dominant-color=\"686358\" data-has-transparency=\"false\" style=\"--dominant-color: #686358;\" loading=\"lazy\" decoding=\"async\" class=\"size-full wp-image-7494 not-transparent\" src=\"http:\/\/wbp.lublin.pl\/wp-content\/uploads\/2011\/09\/dkk_relacje_2011-09-20-Romanow_7.JPG\" alt=\"\" width=\"150\" height=\"100\" \/><img data-dominant-color=\"927447\" data-has-transparency=\"false\" style=\"--dominant-color: #927447;\" loading=\"lazy\" decoding=\"async\" class=\"size-full wp-image-7495 not-transparent\" src=\"http:\/\/wbp.lublin.pl\/wp-content\/uploads\/2011\/09\/dkk_relacje_2011-09-20-Romanow_8.JPG\" alt=\"\" width=\"67\" height=\"100\" \/><img data-dominant-color=\"9e704b\" data-has-transparency=\"false\" style=\"--dominant-color: #9e704b;\" loading=\"lazy\" decoding=\"async\" class=\"size-full wp-image-7496 not-transparent\" src=\"http:\/\/wbp.lublin.pl\/wp-content\/uploads\/2011\/09\/dkk_relacje_2011-09-20-Romanow_9.JPG\" alt=\"\" width=\"150\" height=\"100\" \/><\/p>\n","protected":false},"excerpt":{"rendered":"<p><!--[if gte mso 9]><xml>     Normal   0   21         false   false   false                             MicrosoftInternetExplorer4   <\/xml><![endif]--><!--[if gte mso 9]><![endif]--><!--[if gte mso 10]> \n\n<style>  \/* Style Definitions *\/  table.MsoNormalTable \t{ \tmso-style-parent:\"\"; \tfont-size:10.0pt;\"Times New Roman\";} <\/style>\n\n <![endif]--><\/p>\n","protected":false},"author":18,"featured_media":7488,"comment_status":"open","ping_status":"open","sticky":false,"template":"","format":"standard","meta":{"_tec_requires_first_save":true,"_crdt_document":"","pgc_sgb_lightbox_settings":"","_EventAllDay":false,"_EventTimezone":"","_EventStartDate":"","_EventEndDate":"","_EventStartDateUTC":"","_EventEndDateUTC":"","_EventShowMap":false,"_EventShowMapLink":false,"_EventURL":"","_EventCost":"","_EventCostDescription":"","_EventCurrencySymbol":"","_EventCurrencyCode":"","_EventCurrencyPosition":"","_EventDateTimeSeparator":"","_EventTimeRangeSeparator":"","_EventOrganizerID":[],"_EventVenueID":[],"_OrganizerEmail":"","_OrganizerPhone":"","_OrganizerWebsite":"","_VenueAddress":"","_VenueCity":"","_VenueCountry":"","_VenueProvince":"","_VenueState":"","_VenueZip":"","_VenuePhone":"","_VenueURL":"","_VenueStateProvince":"","_VenueLat":"","_VenueLng":"","_VenueShowMap":false,"_VenueShowMapLink":false,"_tribe_blocks_recurrence_rules":"","_tribe_blocks_recurrence_description":"","_tribe_blocks_recurrence_exclusions":"","footnotes":""},"categories":[1],"tags":[],"class_list":["post-7497","post","type-post","status-publish","format-standard","has-post-thumbnail","hentry","category-bez-kategorii"],"publishpress_future_action":{"enabled":false,"date":"2026-05-06 15:53:17","action":"change-status","newStatus":"draft","terms":[],"taxonomy":"category","extraData":[]},"publishpress_future_workflow_manual_trigger":{"enabledWorkflows":[]},"_links":{"self":[{"href":"https:\/\/wbp.lublin.pl\/index.php\/wp-json\/wp\/v2\/posts\/7497","targetHints":{"allow":["GET"]}}],"collection":[{"href":"https:\/\/wbp.lublin.pl\/index.php\/wp-json\/wp\/v2\/posts"}],"about":[{"href":"https:\/\/wbp.lublin.pl\/index.php\/wp-json\/wp\/v2\/types\/post"}],"author":[{"embeddable":true,"href":"https:\/\/wbp.lublin.pl\/index.php\/wp-json\/wp\/v2\/users\/18"}],"replies":[{"embeddable":true,"href":"https:\/\/wbp.lublin.pl\/index.php\/wp-json\/wp\/v2\/comments?post=7497"}],"version-history":[{"count":2,"href":"https:\/\/wbp.lublin.pl\/index.php\/wp-json\/wp\/v2\/posts\/7497\/revisions"}],"predecessor-version":[{"id":13239,"href":"https:\/\/wbp.lublin.pl\/index.php\/wp-json\/wp\/v2\/posts\/7497\/revisions\/13239"}],"wp:featuredmedia":[{"embeddable":true,"href":"https:\/\/wbp.lublin.pl\/index.php\/wp-json\/wp\/v2\/media\/7488"}],"wp:attachment":[{"href":"https:\/\/wbp.lublin.pl\/index.php\/wp-json\/wp\/v2\/media?parent=7497"}],"wp:term":[{"taxonomy":"category","embeddable":true,"href":"https:\/\/wbp.lublin.pl\/index.php\/wp-json\/wp\/v2\/categories?post=7497"},{"taxonomy":"post_tag","embeddable":true,"href":"https:\/\/wbp.lublin.pl\/index.php\/wp-json\/wp\/v2\/tags?post=7497"}],"curies":[{"name":"wp","href":"https:\/\/api.w.org\/{rel}","templated":true}]}}