{"id":7603,"date":"2011-12-16T09:45:45","date_gmt":"2011-12-16T08:45:45","guid":{"rendered":"https:\/\/wbp.lublin.pl8\/index.php\/2011\/12\/16\/kuryluk-ewa-frascati\/"},"modified":"2018-07-02T21:57:11","modified_gmt":"2018-07-02T19:57:11","slug":"kuryluk-ewa-frascati","status":"publish","type":"post","link":"https:\/\/wbp.lublin.pl\/index.php\/2011\/12\/16\/kuryluk-ewa-frascati\/","title":{"rendered":"Kuryluk Ewa: Frascati"},"content":{"rendered":"<p><!-- [if gte mso 9]><xml>     Normal   0   21         false   false   false                             MicrosoftInternetExplorer4   <\/xml><![endif]--><!-- [if gte mso 9]><![endif]--><!-- [if gte mso 10]>\n\n\n\n<style>  \/* Style Definitions *\/  table.MsoNormalTable \t{ \tmso-style-parent:\"\"; \tfont-size:10.0pt;\"Times New Roman\";} <\/style>\n\n <![endif]--><\/p>\n<p>\u201dFrascati\u201d jest niezwyk\u0142\u0105 opowie\u015bci\u0105 o niezwyczajnej rodzinie. Autorka opisuje dramatyczne losy swoich najbli\u017cszych, kt\u00f3rym przysz\u0142o zmaga\u0107 si\u0119 z l\u0119kami i demonami przesz\u0142o\u015bci. Ka\u017cdy z cz\u0142onk\u00f3w rodziny by\u0142 postaci\u0105 nietuzinkow\u0105: ojciec Karol, zwany \u0141apk\u0105 by\u0142 ministrem kultury i ambasadorem Polski w Austrii na prze\u0142omie lat 50. i 60. ubieg\u0142ego wieku. By\u0142 cz\u0142owiekiem odwa\u017cnym i zaanga\u017cowanym spo\u0142ecznie; w czasie wojny uratowa\u0142 swoj\u0105 przysz\u0142a \u017con\u0119, ukrywaj\u0105c j\u0105 po ucieczce z getta. Mama Maria Kuryluk, czyli Miriam Kohany, by\u0142a \u017byd\u00f3wk\u0105 z zamo\u017cnej rodziny, osob\u0105 wykszta\u0142con\u0105 i uzdolnion\u0105 artystycznie. Brat autorki, utalentowane i wra\u017cliwe dziecko, studiowa\u0142 fizyk\u0119 i germanistyk\u0119, t\u0142umaczy\u0142 teksty z j\u0119zyka niemieckiego. Popad\u0142 w ob\u0142\u0119d po \u015bmierci ojca. Matka walczy\u0142a latami o godne \u017cycie dla chorego syna, cho\u0107 sama &#8211; obarczona traumatycznymi prze\u017cyciami wojennymi \u2013 przechodzi\u0142a za\u0142amania nerwowe.<\/p>\n<p>\u201eFrascati\u201d, cho\u0107 m\u00f3wi o tragicznych prze\u017cyciach, nie jest ksi\u0105\u017ck\u0105 smutn\u0105. Wiele w\u00a0niej bowiem ciep\u0142ych uczu\u0107 i dobrych emocji: czu\u0142o\u015bci, rodzinnej mi\u0142o\u015bci, prawo\u015bci i\u00a0odwagi, tak\u017ce wobec ludzkiej nienawi\u015bci .<\/p>\n<p>Ksi\u0105\u017cka nie jest klasyczn\u0105 pozycj\u0105 autobiograficzn\u0105, zapis wspomnie\u0144 nie jest chronologiczny i nie stanowi zwartej opowie\u015bci. Jest kompilacj\u0105 retrospektywnych zdarze\u0144, dialog\u00f3w i rozwa\u017ca\u0144, zamkni\u0119tych w wysublimowan\u0105 form\u0119 literack\u0105, co czyni z niej proz\u0119 warto\u015bciow\u0105 artystycznie i niezwykle frapuj\u0105c\u0105. Czytelnik, zatapiaj\u0105c si\u0119 w lekturze, ulega stopniowej fascynacji rodzin\u0105, piel\u0119gnuj\u0105c\u0105 blisko\u015b\u0107 i mi\u0142o\u015b\u0107 w intelektualno-artystycznej atmosferze kamienicy na Frascati. Wzruszaj\u0105co-zabawne s\u0105 przydomki, kt\u00f3rymi okre\u015blaj\u0105 si\u0119 cz\u0142onkowie rodziny oraz osobliwy, pe\u0142en mi\u0142o\u015bci, j\u0119zyk, s\u0142u\u017c\u0105cy do codziennej komunikacji.<\/p>\n<p>Poruszaj\u0105ce jest r\u00f3wnie\u017c spo\u0142eczne t\u0142o wspomnie\u0144: holokaust, bohaterstwo i\u00a0determinacja niekt\u00f3rych ludzi w ratowaniu nacji skazanej na zag\u0142ad\u0119, oboj\u0119tno\u015b\u0107 , a nawet pod\u0142o\u015b\u0107. Matka autorki, tak\u017ce po wojnie, ukrywa\u0142a swoje pochodzenie, obawiaj\u0105c si\u0119, \u017ce zn\u00f3w spotka ja co\u015b z\u0142ego.Nigdy nie wspomina\u0142a swojego pierwszego m\u0119\u017ca, ani \u017cydowskiej rodziny. Jej tragiczne prze\u017cycia bole\u015bnie rzutowa\u0142y na \u017cycie Kuryluk\u00f3w.<\/p>\n<p>Ksi\u0105\u017cka ilustrowana jest dzieci\u0119cymi rysunkami i fotografiami, pochodz\u0105cymi z\u00a0rodzinnego archiwum, kt\u00f3re dodatkowo ubarwiaj\u0105 t\u0119 pi\u0119kn\u0105 i m\u0105dr\u0105 ksi\u0105\u017ck\u0119. Po przeczytaniu trudno o niej zapomnie\u0107; wiele wra\u017ce\u0144 i refleksji k\u0142\u0119bi si\u0119 w g\u0142owie.<\/p>\n<p>Ewa Kuryluk mieszka w Nowym Jorku, w Pary\u017cu i w Warszawie. Jest\u00a0pisark\u0105, eseistk\u0105 i malark\u0105. \u201eFrascati\u201d, publikowana nak\u0142adem Wydawnictwa Literackiego w 2009 r., uwa\u017cana jest za kontynuacj\u0119 ksi\u0105\u017cki \u201eGoldi\u201d, finalisty Nagrody Nike.<\/p>\n","protected":false},"excerpt":{"rendered":"<p>\u201dFrascati\u201d jest niezwyk\u0142\u0105 opowie\u015bci\u0105 o niezwyczajnej rodzinie. Autorka opisuje dramatyczne losy swoich najbli\u017cszych, kt\u00f3rym przysz\u0142o zmaga\u0107 si\u0119 z l\u0119kami i demonami przesz\u0142o\u015bci. Ka\u017cdy z cz\u0142onk\u00f3w rodziny by\u0142 postaci\u0105 nietuzinkow\u0105: ojciec [&hellip;]<\/p>\n","protected":false},"author":18,"featured_media":0,"comment_status":"open","ping_status":"open","sticky":false,"template":"","format":"standard","meta":{"_tec_requires_first_save":true,"_crdt_document":"","pgc_sgb_lightbox_settings":"","_EventAllDay":false,"_EventTimezone":"","_EventStartDate":"","_EventEndDate":"","_EventStartDateUTC":"","_EventEndDateUTC":"","_EventShowMap":false,"_EventShowMapLink":false,"_EventURL":"","_EventCost":"","_EventCostDescription":"","_EventCurrencySymbol":"","_EventCurrencyCode":"","_EventCurrencyPosition":"","_EventDateTimeSeparator":"","_EventTimeRangeSeparator":"","_EventOrganizerID":[],"_EventVenueID":[],"_OrganizerEmail":"","_OrganizerPhone":"","_OrganizerWebsite":"","_VenueAddress":"","_VenueCity":"","_VenueCountry":"","_VenueProvince":"","_VenueState":"","_VenueZip":"","_VenuePhone":"","_VenueURL":"","_VenueStateProvince":"","_VenueLat":"","_VenueLng":"","_VenueShowMap":false,"_VenueShowMapLink":false,"_tribe_blocks_recurrence_rules":"","_tribe_blocks_recurrence_description":"","_tribe_blocks_recurrence_exclusions":"","footnotes":""},"categories":[110],"tags":[],"class_list":["post-7603","post","type-post","status-publish","format-standard","hentry","category-recenzje-klubowiczow"],"publishpress_future_action":{"enabled":false,"date":"2026-05-06 10:11:19","action":"change-status","newStatus":"draft","terms":[],"taxonomy":"category","extraData":[]},"publishpress_future_workflow_manual_trigger":{"enabledWorkflows":[]},"_links":{"self":[{"href":"https:\/\/wbp.lublin.pl\/index.php\/wp-json\/wp\/v2\/posts\/7603","targetHints":{"allow":["GET"]}}],"collection":[{"href":"https:\/\/wbp.lublin.pl\/index.php\/wp-json\/wp\/v2\/posts"}],"about":[{"href":"https:\/\/wbp.lublin.pl\/index.php\/wp-json\/wp\/v2\/types\/post"}],"author":[{"embeddable":true,"href":"https:\/\/wbp.lublin.pl\/index.php\/wp-json\/wp\/v2\/users\/18"}],"replies":[{"embeddable":true,"href":"https:\/\/wbp.lublin.pl\/index.php\/wp-json\/wp\/v2\/comments?post=7603"}],"version-history":[{"count":2,"href":"https:\/\/wbp.lublin.pl\/index.php\/wp-json\/wp\/v2\/posts\/7603\/revisions"}],"predecessor-version":[{"id":12914,"href":"https:\/\/wbp.lublin.pl\/index.php\/wp-json\/wp\/v2\/posts\/7603\/revisions\/12914"}],"wp:attachment":[{"href":"https:\/\/wbp.lublin.pl\/index.php\/wp-json\/wp\/v2\/media?parent=7603"}],"wp:term":[{"taxonomy":"category","embeddable":true,"href":"https:\/\/wbp.lublin.pl\/index.php\/wp-json\/wp\/v2\/categories?post=7603"},{"taxonomy":"post_tag","embeddable":true,"href":"https:\/\/wbp.lublin.pl\/index.php\/wp-json\/wp\/v2\/tags?post=7603"}],"curies":[{"name":"wp","href":"https:\/\/api.w.org\/{rel}","templated":true}]}}