{"id":7608,"date":"2011-12-16T10:26:31","date_gmt":"2011-12-16T09:26:31","guid":{"rendered":"https:\/\/wbp.lublin.pl8\/index.php\/2011\/12\/16\/meyer-stephenie-zmierzch-cykl-1\/"},"modified":"2018-07-02T21:57:19","modified_gmt":"2018-07-02T19:57:19","slug":"meyer-stephenie-zmierzch-cykl-1","status":"publish","type":"post","link":"https:\/\/wbp.lublin.pl\/index.php\/2011\/12\/16\/meyer-stephenie-zmierzch-cykl-1\/","title":{"rendered":"Meyer Stephenie: Zmierzch (cykl) (1)"},"content":{"rendered":"<p><!-- [if gte mso 9]><xml>     Normal   0   21         false   false   false                             MicrosoftInternetExplorer4   <\/xml><![endif]--><!-- [if gte mso 9]><![endif]--><!-- [if gte mso 10]>\n\n\n\n<style>  \/* Style Definitions *\/  table.MsoNormalTable \t{ \tmso-style-parent:\"\"; \tfont-size:10.0pt;\"Times New Roman\";} <\/style>\n\n <![endif]--><\/p>\n<p>Fantastyczn\u0105 sag\u0119 \u201eZmierzch\u201d, kt\u00f3r\u0105 tu pokr\u00f3tce opisz\u0119 napisa\u0142a Stephenie Meyer.<\/p>\n<p>Wszystkie ksi\u0105\u017cki z serii \u201eZmierzch\u201d nie s\u0105 mi oboj\u0119tne, ale te\u017c nie wzbudzaj\u0105 we mnie specjalnego zachwytu, poniewa\u017c nie jestem wielk\u0105 fank\u0105 wampir\u00f3w oraz nie wzrusza mnie mi\u0142o\u015b\u0107 od pierwszego wejrzenia.<\/p>\n<p>Taki typ ksi\u0105\u017cki przeczyta\u0142am po raz pierwszy, wra\u017cenie wywar\u0142 na mnie fakt, i\u017c kto\u015b w tak prosty spos\u00f3b m\u00f3g\u0142 napisa\u0107 o tak trudnych sprawach.<\/p>\n<p>Ze wszystkich ksi\u0105\u017cek z tej serii najbardziej podoba\u0142 mi si\u0119 \u201eKsi\u0119\u017cyc w nowiu\u201d. Na pierwszy rzut oka ksi\u0105\u017cka wydaje si\u0119 trudna i ci\u0119\u017cka w przeczytaniu, ale to b\u0142\u0105d. Gdy ju\u017c zacz\u0119\u0142am czyta\u0107 nie mog\u0142a przesta\u0107. Robi\u0142am sobie tylko przerwy posi\u0142kowe. Na samym pocz\u0105tku nie mog\u0142am zrozumie\u0107 o co chodzi, lecz czytaj\u0105c dalej wszystkie nie jasno\u015bci przeobrazi\u0142y si\u0119 w prawid\u0142ow\u0105 kolejno\u015b\u0107 zdarze\u0144.<\/p>\n<p>Przygody Belli i Edwarda by\u0142y interesuj\u0105ce. Z ka\u017cdym wersem ksi\u0105\u017cki rozumia\u0142am ich problemy oraz dlaczego tak post\u0105pili, a nie inaczej. Ksi\u0105\u017cka podoba\u0142a mi si\u0119 ze wzgl\u0119du na du\u017c\u0105 ilo\u015b\u0107 wzruszaj\u0105cych scen, kt\u00f3re wzbudza\u0142y we mnie smutek i przygn\u0119bienie.<\/p>\n<p>W ksi\u0105\u017cce wyst\u0119puj\u0105 podteksty psychologiczne, kt\u00f3re u\u0142atwiaj\u0105 zrozumienie \u015bwiata po rozstaniu z drug\u0105 osob\u0105. Ca\u0142y \u015bwiat opada z si\u0142, kiedy si\u0119 ko\u0144czy mi\u0142o\u015b\u0107. Bella, po zerwaniu z Edwardem d\u0142ugo o nim my\u015bla\u0142a. Popad\u0142a w depresj\u0119 i mia\u0142a my\u015bli samob\u00f3jcze. Jacob, jej przyjaciel pomaga\u0142 jej zapomnie\u0107 o nim. G\u0142\u00f3wna bohaterka opr\u00f3cz mi\u0142o\u015bci stawia\u0142a r\u00f3wnie\u017c na przyja\u017a\u0144. Mimo, \u017ce zerwa\u0142a z Edwardem by\u0142a w stanie pom\u00f3c mu ratuj\u0105c go przed ujawnieniem, i\u017c jest on wampirem.<\/p>\n<p>Z ka\u017cdym dniem zastanawia\u0142am si\u0119, co zrobi\u0142abym na miejscu g\u0142\u00f3wnej bohaterki. Autorka mia\u0142a znakomity pomys\u0142 na to, jak zrobi\u0107 furor\u0119 w\u015br\u00f3d swoich utwor\u00f3w, a tak\u017ce jak na nich zarobi\u0107 zdobywaj\u0105c s\u0142aw\u0119 i ch\u0119\u0107 nastolatek do przeczytania kolejnych cz\u0119\u015bci sagi \u201eZmierzch\u201d. Za to ja podziwiam.<\/p>\n<p>Ksi\u0105\u017cka by\u0142a interesuj\u0105ca, ale nie wzbudza\u0142a we mnie wielkiego zachwytu. Traktowa\u0142am ja tak, jak inne ksi\u0105\u017cki powstaj\u0105ce w tym samym czasie co \u201eKsi\u0119\u017cyc w nowiu\u201d Stephenie Meyer.<\/p>\n","protected":false},"excerpt":{"rendered":"<p>Fantastyczn\u0105 sag\u0119 \u201eZmierzch\u201d, kt\u00f3r\u0105 tu pokr\u00f3tce opisz\u0119 napisa\u0142a Stephenie Meyer. Wszystkie ksi\u0105\u017cki z serii \u201eZmierzch\u201d nie s\u0105 mi oboj\u0119tne, ale te\u017c nie wzbudzaj\u0105 we mnie specjalnego zachwytu, poniewa\u017c nie jestem [&hellip;]<\/p>\n","protected":false},"author":18,"featured_media":0,"comment_status":"open","ping_status":"open","sticky":false,"template":"","format":"standard","meta":{"_tec_requires_first_save":true,"_crdt_document":"","pgc_sgb_lightbox_settings":"","_EventAllDay":false,"_EventTimezone":"","_EventStartDate":"","_EventEndDate":"","_EventStartDateUTC":"","_EventEndDateUTC":"","_EventShowMap":false,"_EventShowMapLink":false,"_EventURL":"","_EventCost":"","_EventCostDescription":"","_EventCurrencySymbol":"","_EventCurrencyCode":"","_EventCurrencyPosition":"","_EventDateTimeSeparator":"","_EventTimeRangeSeparator":"","_EventOrganizerID":[],"_EventVenueID":[],"_OrganizerEmail":"","_OrganizerPhone":"","_OrganizerWebsite":"","_VenueAddress":"","_VenueCity":"","_VenueCountry":"","_VenueProvince":"","_VenueState":"","_VenueZip":"","_VenuePhone":"","_VenueURL":"","_VenueStateProvince":"","_VenueLat":"","_VenueLng":"","_VenueShowMap":false,"_VenueShowMapLink":false,"_tribe_blocks_recurrence_rules":"","_tribe_blocks_recurrence_description":"","_tribe_blocks_recurrence_exclusions":"","footnotes":""},"categories":[110],"tags":[],"class_list":["post-7608","post","type-post","status-publish","format-standard","hentry","category-recenzje-klubowiczow"],"publishpress_future_action":{"enabled":false,"date":"2026-05-06 09:13:18","action":"change-status","newStatus":"draft","terms":[],"taxonomy":"category","extraData":[]},"publishpress_future_workflow_manual_trigger":{"enabledWorkflows":[]},"_links":{"self":[{"href":"https:\/\/wbp.lublin.pl\/index.php\/wp-json\/wp\/v2\/posts\/7608","targetHints":{"allow":["GET"]}}],"collection":[{"href":"https:\/\/wbp.lublin.pl\/index.php\/wp-json\/wp\/v2\/posts"}],"about":[{"href":"https:\/\/wbp.lublin.pl\/index.php\/wp-json\/wp\/v2\/types\/post"}],"author":[{"embeddable":true,"href":"https:\/\/wbp.lublin.pl\/index.php\/wp-json\/wp\/v2\/users\/18"}],"replies":[{"embeddable":true,"href":"https:\/\/wbp.lublin.pl\/index.php\/wp-json\/wp\/v2\/comments?post=7608"}],"version-history":[{"count":2,"href":"https:\/\/wbp.lublin.pl\/index.php\/wp-json\/wp\/v2\/posts\/7608\/revisions"}],"predecessor-version":[{"id":12923,"href":"https:\/\/wbp.lublin.pl\/index.php\/wp-json\/wp\/v2\/posts\/7608\/revisions\/12923"}],"wp:attachment":[{"href":"https:\/\/wbp.lublin.pl\/index.php\/wp-json\/wp\/v2\/media?parent=7608"}],"wp:term":[{"taxonomy":"category","embeddable":true,"href":"https:\/\/wbp.lublin.pl\/index.php\/wp-json\/wp\/v2\/categories?post=7608"},{"taxonomy":"post_tag","embeddable":true,"href":"https:\/\/wbp.lublin.pl\/index.php\/wp-json\/wp\/v2\/tags?post=7608"}],"curies":[{"name":"wp","href":"https:\/\/api.w.org\/{rel}","templated":true}]}}