{"id":7610,"date":"2011-12-16T10:29:27","date_gmt":"2011-12-16T09:29:27","guid":{"rendered":"https:\/\/wbp.lublin.pl8\/index.php\/2011\/12\/16\/meyer-stephenie-zmierzch-cykl-3\/"},"modified":"2018-07-02T21:57:21","modified_gmt":"2018-07-02T19:57:21","slug":"meyer-stephenie-zmierzch-cykl-3","status":"publish","type":"post","link":"https:\/\/wbp.lublin.pl\/index.php\/2011\/12\/16\/meyer-stephenie-zmierzch-cykl-3\/","title":{"rendered":"Meyer Stephenie: Zmierzch (cykl) (3)"},"content":{"rendered":"<p><!-- [if gte mso 9]><xml>     Normal   0   21         false   false   false                             MicrosoftInternetExplorer4   <\/xml><![endif]--><!-- [if gte mso 9]><![endif]--><!-- [if gte mso 10]>\n\n\n\n<style>  \/* Style Definitions *\/  table.MsoNormalTable \t{ \tmso-style-parent:\"\"; \tfont-size:10.0pt;\"Times New Roman\";} <\/style>\n\n <![endif]--><\/p>\n<p>Zbli\u017ca si\u0119 termin \u015blubu Belli i Edwarda. Dziewczyna nie jest jednak zachwycona tym, \u017ce zmieni sw\u00f3j stan cywilny, wie jednak, \u017ce to jedyny spos\u00f3b aby zosta\u0107 przemienion\u0105 w wampira przez swojego ukochanego i by\u0107 z nim na wieki. \u015alub nie jest jednak tak straszny, jak si\u0119 tego spodziewa\u0142a. M\u0142ode ma\u0142\u017ce\u0144stwo wyje\u017cd\u017ca na wysp\u0119 Esme i tam sp\u0119dza sw\u00f3j miesi\u0105c miodowy, kt\u00f3ry ko\u0144czy si\u0119, gdy okazuje si\u0119 \u017ce Bella jest w ci\u0105\u017cy. Edward i jego ojciec Carlisle chc\u0105 jak najszybciej usun\u0105\u0107 p\u0142\u00f3d z brzucha dziewczyny, poniewa\u017c uwa\u017caj\u0105, \u017ce stanowi on zagro\u017cenie dla matki. Nie uzyskuj\u0105 jednak zgody Belli, kt\u00f3ra postanawia urodzi\u0107 dziecko. Ca\u0142\u0105 spraw\u0105 zainteresowane s\u0105 r\u00f3wnie\u017c wilko\u0142aki. Ich zdania na temat ci\u0105\u017cy \u017cony Edwarda s\u0105 podzielone, przez co dochodzi do roz\u0142amu w sforze.<\/p>\n<p>Jest to czwarta, ostatnia cz\u0119\u015b\u0107 znanej na ca\u0142ym \u015bwiecie sagi \u201eZmierzch\u201d autorstwa Stephenie Meyer. Uwa\u017cam j\u0105 zdecydowanie za najlepsz\u0105 cz\u0119\u015b\u0107 serii. Ksi\u0105\u017cka podzielona jest na trzy ksi\u0119gi, w pierwszej i trzeciej narratorem jest Bella, a w drugiej Jacob. Ciesz\u0119 si\u0119, \u017ce w tej cz\u0119\u015bci ca\u0142y czas dzia\u0142o si\u0119 co\u015b ciekawego. Przyznaj\u0119 z niech\u0119ci\u0105, \u017ce w poprzednich brakowa\u0142o mi akcji. Tam najciekawsze zdarzenia mia\u0142y miejsce pod koniec ksi\u0105\u017cki, tu jednak jest inaczej. Opowie\u015b\u0107 trzyma w napi\u0119ciu przez ca\u0142y czas.<\/p>\n<p>Wielka szkoda, \u017ce jest to ostatnia cz\u0119\u015b\u0107 przyg\u00f3d Belli i Edwarda. \u201ePrzed \u015awitem\u201d trzeba uzna\u0107 za \u015bwietn\u0105 i bardzo wci\u0105gaj\u0105c\u0105 ksi\u0105\u017ck\u0119. Polecam j\u0105 ka\u017cdemu.<\/p>\n","protected":false},"excerpt":{"rendered":"<p>Zbli\u017ca si\u0119 termin \u015blubu Belli i Edwarda. Dziewczyna nie jest jednak zachwycona tym, \u017ce zmieni sw\u00f3j stan cywilny, wie jednak, \u017ce to jedyny spos\u00f3b aby zosta\u0107 przemienion\u0105 w wampira przez [&hellip;]<\/p>\n","protected":false},"author":18,"featured_media":0,"comment_status":"open","ping_status":"open","sticky":false,"template":"","format":"standard","meta":{"_tec_requires_first_save":true,"_crdt_document":"","pgc_sgb_lightbox_settings":"","_EventAllDay":false,"_EventTimezone":"","_EventStartDate":"","_EventEndDate":"","_EventStartDateUTC":"","_EventEndDateUTC":"","_EventShowMap":false,"_EventShowMapLink":false,"_EventURL":"","_EventCost":"","_EventCostDescription":"","_EventCurrencySymbol":"","_EventCurrencyCode":"","_EventCurrencyPosition":"","_EventDateTimeSeparator":"","_EventTimeRangeSeparator":"","_EventOrganizerID":[],"_EventVenueID":[],"_OrganizerEmail":"","_OrganizerPhone":"","_OrganizerWebsite":"","_VenueAddress":"","_VenueCity":"","_VenueCountry":"","_VenueProvince":"","_VenueState":"","_VenueZip":"","_VenuePhone":"","_VenueURL":"","_VenueStateProvince":"","_VenueLat":"","_VenueLng":"","_VenueShowMap":false,"_VenueShowMapLink":false,"_tribe_blocks_recurrence_rules":"","_tribe_blocks_recurrence_description":"","_tribe_blocks_recurrence_exclusions":"","footnotes":""},"categories":[110],"tags":[],"class_list":["post-7610","post","type-post","status-publish","format-standard","hentry","category-recenzje-klubowiczow"],"publishpress_future_action":{"enabled":false,"date":"2026-05-06 09:02:17","action":"change-status","newStatus":"draft","terms":[],"taxonomy":"category","extraData":[]},"publishpress_future_workflow_manual_trigger":{"enabledWorkflows":[]},"_links":{"self":[{"href":"https:\/\/wbp.lublin.pl\/index.php\/wp-json\/wp\/v2\/posts\/7610","targetHints":{"allow":["GET"]}}],"collection":[{"href":"https:\/\/wbp.lublin.pl\/index.php\/wp-json\/wp\/v2\/posts"}],"about":[{"href":"https:\/\/wbp.lublin.pl\/index.php\/wp-json\/wp\/v2\/types\/post"}],"author":[{"embeddable":true,"href":"https:\/\/wbp.lublin.pl\/index.php\/wp-json\/wp\/v2\/users\/18"}],"replies":[{"embeddable":true,"href":"https:\/\/wbp.lublin.pl\/index.php\/wp-json\/wp\/v2\/comments?post=7610"}],"version-history":[{"count":2,"href":"https:\/\/wbp.lublin.pl\/index.php\/wp-json\/wp\/v2\/posts\/7610\/revisions"}],"predecessor-version":[{"id":12925,"href":"https:\/\/wbp.lublin.pl\/index.php\/wp-json\/wp\/v2\/posts\/7610\/revisions\/12925"}],"wp:attachment":[{"href":"https:\/\/wbp.lublin.pl\/index.php\/wp-json\/wp\/v2\/media?parent=7610"}],"wp:term":[{"taxonomy":"category","embeddable":true,"href":"https:\/\/wbp.lublin.pl\/index.php\/wp-json\/wp\/v2\/categories?post=7610"},{"taxonomy":"post_tag","embeddable":true,"href":"https:\/\/wbp.lublin.pl\/index.php\/wp-json\/wp\/v2\/tags?post=7610"}],"curies":[{"name":"wp","href":"https:\/\/api.w.org\/{rel}","templated":true}]}}