{"id":7611,"date":"2011-12-16T11:32:47","date_gmt":"2011-12-16T10:32:47","guid":{"rendered":"https:\/\/wbp.lublin.pl8\/index.php\/2011\/12\/16\/coelho-paulo-weronika-postanawia-umrzec\/"},"modified":"2018-07-04T19:46:43","modified_gmt":"2018-07-04T17:46:43","slug":"coelho-paulo-weronika-postanawia-umrzec","status":"publish","type":"post","link":"https:\/\/wbp.lublin.pl\/index.php\/2011\/12\/16\/coelho-paulo-weronika-postanawia-umrzec\/","title":{"rendered":"Coelho Paulo: Weronika postanawia umrze\u0107"},"content":{"rendered":"<p><!-- [if gte mso 9]><xml>     Normal   0   21         false   false   false                             MicrosoftInternetExplorer4   <\/xml><![endif]--><!-- [if gte mso 9]><![endif]--><!-- [if gte mso 10]>\n\n\n\n<style>  \/* Style Definitions *\/  table.MsoNormalTable \t{ \tmso-style-parent:\"\"; \tfont-size:10.0pt;\"Times New Roman\";} <\/style>\n\n <![endif]--><\/p>\n<div>Paulo Coelho (urodzony w 1947 roku) jeden z najbardziej znanych pisarzy \u015bwiata. Najpopularniejsza jego powie\u015b\u0107 to \u201eAlchemik\u201d. Przez jednych uwa\u017cany za geniusza, przez innych za miernego literata. Ka\u017cdy ma prawo do w\u0142asnego os\u0105du. Wa\u017cne, aby by\u0142 on oparty na bogatym baga\u017cu wiedzy o tw\u00f3rczo\u015bci autora. Ksi\u0105\u017cka, o kt\u00f3rej chc\u0119 opowiedzie\u0107 zosta\u0142a zatytu\u0142owana przez P. Coelho \u201eWeronika postanawia umrze\u0107\u2019.<\/div>\n<p>To opowie\u015b\u0107 o \u017cyciu m\u0142odej dziewczyny Weroniki, kt\u00f3ra podejmuje decyzj\u0119, \u017ce chce umrze\u0107. Tak na dobr\u0105 spraw\u0119 trudno znale\u017a\u0107 pow\u00f3d, kt\u00f3ry j\u0105 sk\u0142oni\u0142 do tej decyzji. Mo\u017ce to samotno\u015b\u0107, znudzenie, a mo\u017ce jeszcze co\u015b innego. Ma w\u0142a\u015bciwie wszystko, czego zapragnie- urod\u0119, powodzenie a jednak czuje pustk\u0119. Bez tragizmu i patosu kie\u0142kuje w niej my\u015bl o samob\u00f3jczej \u015bmierci. Po\u0142ykaj\u0105c tabletki jedna po drugiej powoli \u017cegna si\u0119 z widokiem z okna. Wreszcie bezbole\u015bnie i spokojnie zasypia. Tutaj mo\u017cna wykrzykn\u0105\u0107:, co za historia- dopiero si\u0119 zacz\u0119\u0142a a ju\u017c si\u0119 ko\u0144czy. \u00a0Czytelnik jednak szybko zaczyna rozumie\u0107, \u017ce tak naprawd\u0119 to dopiero pocz\u0105tek. Nieoczekiwanie, bowiem bohaterka budzi si\u0119 w szpitalu psychiatrycznym. Tam dowiadujemy si\u0119, \u017ce zosta\u0142o jej kilka dni \u017cycia. Czas mija niepostrze\u017cenie i owocuje bogactwem dozna\u0144. Weronika poznaje nowych ludzi, cz\u0119sto ow\u0142adni\u0119tych ob\u0142\u0119dem, \u017cyj\u0105cych w zagadkowych rzeczywisto\u015bciach. W tym \u201eszale\u0144stwie\u201d odkrywa nowe \u017cycie. Zaczyna czu\u0107 smak w\u0142asnego \u201ejestestwa\u201d wszystkimi zmys\u0142ami. W tym niecodziennym miejscu mo\u017ce: noc\u0105 gra\u0107 na pianinie, przechadza\u0107 si\u0119 ch\u0142odnymi korytarzami i co najwa\u017cniejsze mo\u017ce zakocha\u0107 si\u0119 w schizofreniku, co w \u201enormalnym\u201d \u015bwiecie by\u0142oby absurdem, a ju\u017c na pewno czym\u015b dziwacznym i niestosownym. Z ka\u017cdym dniem dziewczyna uczy si\u0119 czego\u015b nowego od ludzi \u017cyj\u0105cych w \u201edomu wariat\u00f3w\u201d, lecz to w\u0142a\u015bnie tutaj dostrzega najcenniejszy dar- w\u0142asne \u017cycie. Przyp\u0142yn\u0119\u0142o do niej marzenie o wolno\u015bci, widoku nieba i ramionach ukochanego, gdy trzeba b\u0119dzie odej\u015b\u0107. Czy tak si\u0119 sta\u0142o? Czy kto\u015b przygotowa\u0142 dla niej nieco inny scenariusz?<\/p>\n<p>Wed\u0142ug mnie ta ksi\u0105\u017cka zas\u0142uguje na szczeg\u00f3ln\u0105 uwag\u0119. W cudowny spos\u00f3b pokazuje, jak jeste\u015bmy r\u00f3\u017cni, jak wielobarwne jest szcz\u0119\u015bcie. Pomaga nam zrozumie\u0107, \u017ce to my-niby normalni ludzie nierzadko kogo\u015b udajemy, aby przypodoba\u0107 si\u0119 innym. Najpierw w szkole, aby mie\u0107, z kim pogada\u0107 na przerwie, p\u00f3\u017aniej by dosta\u0107 jak najlepsz\u0105 prac\u0119, a\u017c wreszcie tylko po to, \u017ceby s\u0105siadki \u017ale nie m\u00f3wi\u0142y. Wybieramy najcz\u0119\u015bciej zasad\u0119 \u201ew moim wieku ju\u017c tak nie wypada\u201d.\u00a0Codziennie mijamy na ulicy ludzi goni\u0105cych za czym\u015b, czego nie mog\u0105 dogna\u0107, wspinaj\u0105cych si\u0119 na szczyty wy\u0142\u0105cznie dla pieni\u0119dzy, kt\u00f3re przecie\u017c i tak nie daj\u0105 szcz\u0119\u015bcia. Pr\u0119dzej czy p\u00f3\u017aniej i do ich \u017cycia zapuka zniech\u0119cenie. Poranne wstawanie, p\u00f3\u017ane powroty do domu, strach przed za\u015bni\u0119ciem, bo przecie\u017c rano d\u017awi\u0119k budzika zapowie kolejny taki sam dzie\u0144. Troch\u0119 to wygl\u0105da jak \u017cycie maszyny. Z drugiej strony ludzie chorzy tak zwani wariaci, maj\u0105 odwag\u0119, \u017ceby by\u0107 sob\u0105 bez wzgl\u0119du na konsekwencje. Trzeba si\u0119 zastanowi\u0107, kto jest bardziej prawdziwy. \u015awiat ma jednak niezliczon\u0105 ilo\u015b\u0107 odcieni i barw, kt\u00f3re czekaj\u0105 na poznanie. Smakujmy ma\u0142e chwile codzienno\u015bci, realizujmy marzenia i odkryjmy swoje ja. Czasem recept\u0105 mo\u017ce by\u0107 dawanie szcz\u0119\u015bcia innym. Przecie\u017c nie ma pi\u0119kniejszego uczucia jak \u015bwiadomo\u015b\u0107 tego, \u017ce sprawili\u015bmy komu\u015b rado\u015b\u0107. Ksi\u0105\u017cka uczy tak\u017ce, \u017ce nie warto podejmowa\u0107 pochopnych decyzji pod wp\u0142ywem impulsu. Nie ka\u017cdy z nas mo\u017ce mie\u0107 tyle szcz\u0119\u015bcia, co nasza bohaterka. My\u015bl\u0119, \u017ce \u017cycie jest zbyt cenne, aby rezygnowa\u0107 z niego nawet, kiedy tracimy wszystko. Historia Weroniki mo\u017ce by\u0107 r\u00f3wnie\u017c przestrog\u0105 dla wszystkich egoist\u00f3w, kt\u00f3rzy stawiaj\u0105 w\u0142asne dobro ponad wszystko, a kiedy tylko wydarzy si\u0119 co\u015b z\u0142ego przestaj\u0105 widzie\u0107 sens swojego istnienia. Mo\u017ce w\u0142a\u015bnie wtedy jest ten moment, aby otworzy\u0107 si\u0119 na \u015bwiat i czerpa\u0107 z niego jak najwi\u0119cej rado\u015bci, nawet, je\u015bli kto\u015b uzna ci\u0119 za wariata. Dla mnie osobi\u015bcie od czasu przeczytania tej ksi\u0105\u017cki to w\u0142a\u015bnie okre\u015blenie przesta\u0142o mie\u0107 negatywny wyd\u017awi\u0119k. Ci ludzi po prostu \u017cyj\u0105. Szukajmy, wi\u0119c swojego szcz\u0119\u015bcia.<\/p>\n<p>Powie\u015b\u0107 sk\u0142ania nas do refleksji nad samym sob\u0105, a jej szybka akcja i nieoczekiwane zdarzenia czyni\u0105 j\u0105 wyj\u0105tkow\u0105. Nie jest to jednak\u017ce typowa ksi\u0105\u017cka dla m\u0142odzie\u017cy. Nie oszukujmy si\u0119 jednak m\u0142odzie\u017c czyta takie ksi\u0105\u017cki. Ju\u017c sam tytu\u0142 zaciekawia \u201e\u2026postanawia umrze\u0107\u201d- i jak tu nie zerkn\u0105\u0107, dlaczego chcia\u0142a umrze\u0107 i czy jej si\u0119 to uda\u0142o.<\/p>\n<p>Ksi\u0105\u017cka jest warta przeczytania i mog\u0142abym poleci\u0107 j\u0105 ka\u017cdemu. Autor nie stara si\u0119 zmieni\u0107 na si\u0142\u0119 hierarchii naszych warto\u015bci, nie m\u00f3wi jak odr\u00f3\u017cni\u0107 dobro od z\u0142a, nie prawi banalnych mora\u0142\u00f3w, ale przekazuje co\u015b wa\u017cniejszego. Uczy szanowa\u0107 w\u0142asne \u017cycie, bo jego warto\u015b\u0107 mo\u017cemy odkry\u0107 dopiero wtedy, gdy ju\u017c nie b\u0119dzie odwrotu.\u00a0Jak ju\u017c zanurzymy si\u0119 w lekturze to zaczynamy czu\u0107 coraz bardziej wyrazisty smak \u017cycia. Chocia\u017cby dla tego doznania warto j\u0105 przeczyta\u0107. Bierzcie, wi\u0119c kurs na najbli\u017csz\u0105 bibliotek\u0119 lub ksi\u0119garni\u0119. Potem maluje si\u0119 obraz- jesienny wiecz\u00f3r, fili\u017canka mocnej herbaty, wygony fotel, blask ognia od kominka i szelest przewracanych kartek- nic tylko \u017cy\u0107. Mi\u0142ego czytania i koniecznie rozmy\u015blania. Hej!<\/p>\n","protected":false},"excerpt":{"rendered":"<p>Paulo Coelho (urodzony w 1947 roku) jeden z najbardziej znanych pisarzy \u015bwiata. Najpopularniejsza jego powie\u015b\u0107 to \u201eAlchemik\u201d. Przez jednych uwa\u017cany za geniusza, przez innych za miernego literata. Ka\u017cdy ma prawo [&hellip;]<\/p>\n","protected":false},"author":18,"featured_media":0,"comment_status":"open","ping_status":"open","sticky":false,"template":"","format":"standard","meta":{"_tec_requires_first_save":true,"_crdt_document":"","pgc_sgb_lightbox_settings":"","_EventAllDay":false,"_EventTimezone":"","_EventStartDate":"","_EventEndDate":"","_EventStartDateUTC":"","_EventEndDateUTC":"","_EventShowMap":false,"_EventShowMapLink":false,"_EventURL":"","_EventCost":"","_EventCostDescription":"","_EventCurrencySymbol":"","_EventCurrencyCode":"","_EventCurrencyPosition":"","_EventDateTimeSeparator":"","_EventTimeRangeSeparator":"","_EventOrganizerID":[],"_EventVenueID":[],"_OrganizerEmail":"","_OrganizerPhone":"","_OrganizerWebsite":"","_VenueAddress":"","_VenueCity":"","_VenueCountry":"","_VenueProvince":"","_VenueState":"","_VenueZip":"","_VenuePhone":"","_VenueURL":"","_VenueStateProvince":"","_VenueLat":"","_VenueLng":"","_VenueShowMap":false,"_VenueShowMapLink":false,"_tribe_blocks_recurrence_rules":"","_tribe_blocks_recurrence_description":"","_tribe_blocks_recurrence_exclusions":"","footnotes":""},"categories":[110],"tags":[],"class_list":["post-7611","post","type-post","status-publish","format-standard","hentry","category-recenzje-klubowiczow"],"publishpress_future_action":{"enabled":false,"date":"2026-05-06 06:24:11","action":"change-status","newStatus":"draft","terms":[],"taxonomy":"category","extraData":[]},"publishpress_future_workflow_manual_trigger":{"enabledWorkflows":[]},"_links":{"self":[{"href":"https:\/\/wbp.lublin.pl\/index.php\/wp-json\/wp\/v2\/posts\/7611","targetHints":{"allow":["GET"]}}],"collection":[{"href":"https:\/\/wbp.lublin.pl\/index.php\/wp-json\/wp\/v2\/posts"}],"about":[{"href":"https:\/\/wbp.lublin.pl\/index.php\/wp-json\/wp\/v2\/types\/post"}],"author":[{"embeddable":true,"href":"https:\/\/wbp.lublin.pl\/index.php\/wp-json\/wp\/v2\/users\/18"}],"replies":[{"embeddable":true,"href":"https:\/\/wbp.lublin.pl\/index.php\/wp-json\/wp\/v2\/comments?post=7611"}],"version-history":[{"count":2,"href":"https:\/\/wbp.lublin.pl\/index.php\/wp-json\/wp\/v2\/posts\/7611\/revisions"}],"predecessor-version":[{"id":12859,"href":"https:\/\/wbp.lublin.pl\/index.php\/wp-json\/wp\/v2\/posts\/7611\/revisions\/12859"}],"wp:attachment":[{"href":"https:\/\/wbp.lublin.pl\/index.php\/wp-json\/wp\/v2\/media?parent=7611"}],"wp:term":[{"taxonomy":"category","embeddable":true,"href":"https:\/\/wbp.lublin.pl\/index.php\/wp-json\/wp\/v2\/categories?post=7611"},{"taxonomy":"post_tag","embeddable":true,"href":"https:\/\/wbp.lublin.pl\/index.php\/wp-json\/wp\/v2\/tags?post=7611"}],"curies":[{"name":"wp","href":"https:\/\/api.w.org\/{rel}","templated":true}]}}