{"id":7620,"date":"2011-02-23T09:53:38","date_gmt":"2011-02-23T08:53:38","guid":{"rendered":"https:\/\/wbp.lublin.pl8\/index.php\/2011\/02\/23\/grzegorz-kasdepke-w-aleksandrowie-23-02-2011\/"},"modified":"2018-07-02T22:57:37","modified_gmt":"2018-07-02T20:57:37","slug":"grzegorz-kasdepke-w-aleksandrowie-23-02-2011","status":"publish","type":"post","link":"https:\/\/wbp.lublin.pl\/index.php\/2011\/02\/23\/grzegorz-kasdepke-w-aleksandrowie-23-02-2011\/","title":{"rendered":"Grzegorz Kasdepke w Aleksandrowie  (23. 02. 2011)"},"content":{"rendered":"<p><!-- [if gte mso 9]><xml>     Normal   0   21         false   false   false                             MicrosoftInternetExplorer4   <\/xml><![endif]--><!-- [if gte mso 9]><![endif]--><!-- [if gte mso 10]>\n\n\n\n<style>  \/* Style Definitions *\/  table.MsoNormalTable \t{ \tmso-style-parent:\"\"; \tfont-size:10.0pt;\"Times New Roman\";} <\/style>\n\n <![endif]--><\/p>\n<p><b>Grzegorz Kasdepke<\/b>&#8211; urodzi\u0142 si\u0119 w 1972r. Uko\u0144czy\u0142 studia na Wydziale Dziennikarstwa i Nauk Politycznych Uniwersytetu Warszawskiego. Debiutowa\u0142 w \u201ePolityce\u201d. W latach 1995-2000 by\u0142 redaktorem naczelnym magazynu dla dzieci \u201e\u015awierszczyk\u201d.\u00a0Publikowa\u0142 tak\u017ce swoje teksty w \u201eCiuchci\u201d, \u201eKomiksowie\u201d, \u201eWeso\u0142ych literkach&#8221;. Jest autorem ksi\u0105\u017cek dla dzieci m\u0142odszych i starszych. Jego tw\u00f3rczo\u015b\u0107 charakteryzuje si\u0119 niezwyk\u0142ym zrozumieniem psychiki dziecka i ciep\u0142ym humorem. Tw\u00f3rca scenariuszy program\u00f3w oraz seriali telewizyjnych (Ciuchcia, Budzik, Podwieczorek u Mini i Maxa). Wsp\u00f3\u0142pracuje z wydawnictwami: <a href=\"http:\/\/www.nk.com.pl\/\" target=\"_blank\" rel=\"noopener\">Nasza Ksi\u0119garnia<\/a>, <a href=\"http:\/\/www.wyd-literatura.com.pl\/\" target=\"_blank\" rel=\"noopener\">Literatura<\/a>, <a href=\"http:\/\/wydawnictwodwiesiostry.pl\/\" target=\"_blank\" rel=\"noopener\">Dwie Siostry<\/a>, <a href=\"http:\/\/www.guj.pl\/\" target=\"_blank\" rel=\"noopener\">G+J<\/a>. Mieszka w Warszawie.<\/p>\n<div><cite>\u00a0<\/cite><\/div>\n<div><span style=\"font-size: smaller;\"><cite>\u0179r\u00f3d\u0142a:<\/cite><\/span><\/div>\n<div><span style=\"font-size: smaller;\"><cite>-www.<b>kasdepke<\/b>.pl\/<\/cite> &#8211;<\/span><\/div>\n<div><span style=\"font-size: smaller;\"><cite>-ww.wyd-literatura.com.pl\/autorzy.php?id=24<\/cite><\/span><\/div>\n<div align=\"center\"><b>\u00a0<\/b><\/div>\n<div><\/div>\n<p>Ksi\u0105\u017cki Grzegorza Kasdepke w Gminnej Bibliotece Publicznej w Aleksandrowie ciesz\u0105 si\u0119 uznaniem w\u015br\u00f3d dzieci.\u00a0Takie tytu\u0142y jak: \u201eKacperiada\u201d,\u00a0\u201eKuba i Buba czyli awantura do kwadratu\u201d, \u201ePrzyjaciele\u201d, \u201eDziwne przypadki bajkopisarza\u201d, \u201eZ piaskownicy<\/p>\n<p>w \u015bwiat!\u201d, \u201eNiesforny alfabet\u201d, \u201eOstro\u017cnie\u201d ca\u0142y czas znajduj\u0105 swoich czytelnik\u00f3w.<\/p>\n<p>Jednak jak przysz\u0142a wiadomo\u015b\u0107, \u017ce pisarz przyjedzie na Roztocze i odwiedzi\u00a0tak\u017ce Aleksandr\u00f3w, to dopiero zacz\u0119\u0142o si\u0119\u2026\u00a0Dziewcz\u0119ta z Dyskusyjnego Klubu Ksi\u0105\u017cki \u201eOk\u0142adka\u201d zbiera\u0142y informacje o pisarzu, czyta\u0142y jego wszystkie dost\u0119pne w bibliotece ksi\u0105\u017cki, napisa\u0142y specjalny wierszyk na jego powitanie, a tak\u017ce wykona\u0142y pami\u0105tkow\u0105 ksi\u0105\u017ceczk\u0119 i zamie\u015bci\u0142y informacje o spotkaniu na blogu klubu. Uczniowie z klas I-III Szko\u0142y Podstawowej im. Dzieci Zamojszczyzny w Aleksandrowie razem ze swoimi wychowawczyniami urz\u0105dzi\u0142y miesi\u0105c z\u00a0ksi\u0105\u017ckami Grzegorza Kasdepke.\u00a0Dzieci s\u0142ucha\u0142y wybranych opowiada\u0144 pisarza, a potem toczy\u0142y si\u0119 dyskusje. Cz\u0119sto panie ulega\u0142y pro\u015bbom<\/p>\n<p>i czyta\u0142y kolejny fragment, bo dzieciaki koniecznie chcia\u0142y wiedzie\u0107 co b\u0119dzie dalej. Biblioteka zaprosi\u0142a dzieci do namalowania laurek dla bajkopisarza. Odzew by\u0142 fantastyczny, gdy\u017c wp\u0142yn\u0119\u0142o ponad 70 prac. Wszystkie dzieci otrzyma\u0142y pami\u0105tkowe dyplomy i drobne upominki, a czworo szcz\u0119\u015bliwc\u00f3w (Julia Bura, Zuzia Zawi\u015blak, Dagmara Jastrz\u0119bska, Julia Jastrz\u0119bska) otrzyma\u0142o podczas spotkania ksi\u0105\u017cki z autografami z r\u0105k samego autora.<\/p>\n<p>Grzegorz Kasdepke przyby\u0142 do Aleksandrowa 23 lutego bie\u017c\u0105cego roku przed godzin\u0105 9.00. Czeka\u0142a na niego ponad 100 dzieci z klas I- III szko\u0142y podstawowej wraz ze swymi wychowawczyniami, dyrekcja szko\u0142y, go\u015bcie z Gminnej Biblioteki Publicznej w Tereszpolu, bibliotekarze z biblioteki szkolnej i publicznej. Po oficjalnych powitaniach maluchy wyrecytowa\u0142y wierszyk napisany dla autora i wr\u0119czy\u0142y swoje laurki w koszu wykonanym przez El\u017cbiet\u0119 Surmacz z Aleksandrowa Drugiego. Pisarz podzi\u0119kowa\u0142 dzieciom, kt\u00f3re dumne z pochwa\u0142y wr\u00f3ci\u0142y na widowni\u0119.\u00a0Nast\u0119pnie bardzo szybko nawi\u0105za\u0142 on \u015bwietny kontakt ze s\u0142uchaczami. Zacz\u0105\u0142 snu\u0107 barwn\u0105 opowie\u015b\u0107 o tym, jak powstaj\u0105 jego ksi\u0105\u017cki i czyta\u0142 ich fragmenty, a tak\u017ce wsp\u00f3lnie z uczniami omawia\u0142 znaczenie zwi\u0105zk\u00f3w frazeologicznych. Zaciekawi\u0142 tak\u017ce dzieci rozwi\u0105zywaniem \u0142amig\u0142\u00f3wek. Wszyscy byli zauroczeni umiej\u0119tno\u015bci\u0105 opowiadania, kt\u00f3r\u0105 autor posiada. P\u00f3\u017aniej przyszed\u0142 czas na pytania. Pada\u0142o ich wiele i by\u0142y najprzer\u00f3\u017cniejsze. Dzieci chcia\u0142y dowiedzie\u0107 si\u0119 r\u00f3\u017cnych tajnik\u00f3w zwi\u0105zanych z tw\u00f3rczo\u015bci\u0105 autora, ale r\u00f3wnie\u017c pyta\u0142y chocia\u017cby o jego preferencje kulinarne, podr\u00f3\u017ce, \u017cycie rodzinne. Autor bardzo ch\u0119tnie (nierzadko z humorem) odpowiada\u0142 na wszystkie. Gdy ucich\u0142y pytania dziewczynki w imieniu wszystkich s\u0142uchaczy podzi\u0119kowa\u0142y za wspania\u0142e spotkanie. Brawa d\u0142ugo nie milk\u0142y&#8230; Na zako\u0144czenie pisarz<\/p>\n<p>z u\u015bmiechem na twarzy rozdawa\u0142 autografy (a ogonek ch\u0119tnych wi\u0142 si\u0119 niesko\u0144czenie, bo ka\u017cdy chcia\u0142 otrzyma\u0107 osobisty wpis pisarza do ksi\u0105\u017cki czy na przygotowanej przez klub z tej okazji zak\u0142adce). Czas up\u0142yn\u0105\u0142 jak za machni\u0119ciem czarodziejskiej r\u00f3\u017cd\u017cki, i trzeba by\u0142o po\u017cegna\u0107 pisarza. Mamy nadziej\u0119 \u017ce nasz honorowy go\u015b\u0107 zapami\u0119ta wizyt\u0119 w jednej z najd\u0142u\u017cszych wsi w Polsce. Uczestnicy na bardzo d\u0142ugo zachowaj\u0105 w pami\u0119ci atmosfer\u0119 spotkania i niezwyk\u0142\u0105 opowie\u015b\u0107 o literaturze.<\/p>\n<p>Wydarzenie to by\u0142o mo\u017cliwe dzi\u0119ki programowi Dyskusyjnych Klub\u00f3w Ksi\u0105\u017cki, kt\u00f3ry jest realizowany we wsp\u00f3\u0142pracy z Instytutem Ksi\u0105\u017cki. Czytelnicy z niecierpliwo\u015bci\u0105 czekaj\u0105 ju\u017c na kolejne spotkanie autorskie, bo jak zawsze poszukiwaniami literackimi zaskakuje koordynator DKK na teren wojew\u00f3dztwa lubelskiego Magda W\u00f3jcikiewicz.<\/p>\n<p>Tak zako\u0144czy\u0142o si\u0119 to \u201emagiczne\u201d spotkanie. S\u0142owa tego cz\u0119sto u\u017cywa\u0142 Krzysztof Ko\u0142tun. \u015awietnie oddawa\u0142o ono sens tego, co si\u0119 zawi\u0105za\u0142o pomi\u0119dzy Kresopoet\u0105 a uczniami naszej szko\u0142y.<\/p>\n<p>Spotkanie by\u0142o interesuj\u0105ce, ciekawe i pouczaj\u0105ce. Odby\u0142o si\u0119 w przyjemnej i ciep\u0142ej atmosferze.<\/p>\n<p>Ksi\u0105\u017cki Grzegorza Kasdepke ciesz\u0105 si\u0119 w naszej bibliotece du\u017cym zainteresowaniem ju\u017c od jakiego\u015b czasu. A co najmniej od roku jest ono bardzo wzmo\u017cone w\u015br\u00f3d uczni\u00f3w naszej szko\u0142y podstawowej (wchodz\u0105cej w sk\u0142ad Zespo\u0142u Szk\u00f3\u0142 wraz z Gimnazjum nr 1).<\/p>\n<p>Zaiste, ksi\u0105\u017cki Grzegorza Kasdepke to prawdziwe rarytasy. Bezapelacyjnymi hitami s\u0105 te nagrodzone Nagrod\u0105 Edukacja XXI \u201eBon czy ton: savoir-vivre dla dzieci\u201d oraz dwucz\u0119\u015bciowe \u201eCo to znaczy czyli 101 zabawnych historyjek, kt\u00f3re pozwol\u0105 zrozumie\u0107 znaczenie niekt\u00f3rych powiedze\u0144\u201d.<\/p>\n<p>Du\u017cym powodzeniem ciesz\u0105 si\u0119 tak\u017ce \u201eS\u0142odki rok Kuby i Buby\u201d, \u201eKuba i Buba czyli awantura do kwadratu\u201d, \u201eMity dla dzieci\u201d, \u201ePrzyjaciele\u201d, \u201eKacperiada\u201d (nagroda im. K. Makuszy\u0144skiego), \u201eDziwne przypadki bajkopisarza\u201d, \u201eZ piaskownicy w \u015bwiat!\u201d, \u201eNiesforny alfabet\u201d i najnowsza \u201eOstro\u017cnie\u201d.<\/p>\n<p>Wszystkie dotykaj\u0105 codziennych problem\u00f3w dzieci, wszystkie napisane z niezwyk\u0142ym poczuciem humoru i ogromn\u0105 znajomo\u015bci\u0105 psychiki dziecka. Pouczaj\u0105, wskazuj\u0105 poprawne normy zachowa\u0144, ale s\u0105 wolne od nudnego moralizatorstwa. Jednym s\u0142owem niezwyk\u0142e.<\/p>\n<p>Grupka dzieci z klasy trzeciej postanowi\u0142a troch\u0119 wi\u0119cej czasu po\u015bwi\u0119ci\u0107 na poznanie tw\u00f3rczo\u015bci pisarza. Z pomoc\u0105 nauczyciela bibliotekarza zorganizowa\u0142a fanklub i spotyka\u0142a si\u0119 w ka\u017cdym tygodniu. Uczniowie zbierali informacje o pisarzu, czytali jego wszystkie dost\u0119pne w bibliotece ksi\u0105\u017cki, przygotowali portfolio. I marzyli o tym, aby jeszcze raz spotka\u0107 si\u0119 z nim.<\/p>\n<p>Postanowili tak\u017ce napisa\u0107 do niego, i o dziwo, po pewnym czasie autor odpisa\u0142 im i przys\u0142a\u0142 swoj\u0105 najnowsz\u0105 wtedy pozycj\u0119 \u201eMam prawo! czyli Nieomal wszystko, co powinni\u015bcie wiedzie\u0107 o prawach dziecka, a nie macie kogo zapyta\u0107 !\u201d<\/p>\n<p>Roczna dzia\u0142alno\u015b\u0107 fanklubu krzewi\u0105ca ide\u0119 czytania \u2013 nie tylko ksi\u0105\u017cek G. Kasdepke, tradycja naszej szko\u0142y w organizowaniu spotka\u0144 z ciekawymi autorami (go\u015bcili\u015bmy ju\u017c Wand\u0119 Chotomsk\u0105, Kir\u0119 Ga\u0142czy\u0144sk\u0105, Beat\u0119 Ostrowick\u0105, Mart\u0119 Fox, Ew\u0119 Nowak, Krzysztofa Petka), zg\u0142oszenie fanklubu do projektu Literackiego Atlasu Polski \u2013 Autor na \u017b\u0105danie &#8211; musia\u0142o zako\u0144czy\u0107 si\u0119 zaproszeniem pisarza do nas.<br \/>\nBiblioteka ju\u017c wcze\u015bniej mia\u0142a kontakt z wydawnictwem \u201eLiteratura\u201d, kt\u00f3re wydaje ksi\u0105\u017cki Grzegorza Kasdepke. Pani Gabriela Niedzielska zaproponowa\u0142a termin przedmiko\u0142ajkowy i przed\u015bwi\u0105teczny \u2013 4 grudnia, dobrze si\u0119 kojarz\u0105cy z ksi\u0105\u017ck\u0105 i czytaniem.<\/p>\n<p>I tak autor przybywa do nas w um\u00f3wionym dniu przed godzin\u0105 9.00. Czeka na niego sala wype\u0142niona dzie\u0107mi z klas 1-3. W dw\u00f3ch spotkaniach (drugie o godz. 11.00) uczestniczy\u0142o prawie 200 uczni\u00f3w wraz ze swymi wychowawczyniami, dyrekcja szko\u0142y, zaprzyja\u017anieni bibliotekarze z terenu gminy.<\/p>\n<p>Na pocz\u0105tek, uczniowie z klasy 3 c prezentuj\u0105 inscenizacj\u0119 opowiadania ze zbioru \u201eDziwne przypadki bajkopisarza\u201d. Pan Grzegorz chwali aktor\u00f3w za dobr\u0105 dykcj\u0119 i brawurow\u0105 gr\u0119. To zas\u0142uga wychowawczyni, kt\u00f3ra od lat osi\u0105ga sukcesy ze swoimi podopiecznymi w szkolnych i wojew\u00f3dzkich przegl\u0105dach teatralnych.<\/p>\n<p>Autor od razu nawi\u0105zuje ciep\u0142y i serdeczny kontakt ze s\u0142uchaczami. Barwnie opowiada o tym, jak powstaj\u0105 jego ksi\u0105\u017cki, razem z uczniami omawia znaczenie zwi\u0105zk\u00f3w frazeologicznych, humorystycznie odpowiada na wszystkie pytania czytelnik\u00f3w.<\/p>\n<p>A pytania s\u0105 najprzer\u00f3\u017cniejsze. Pada ich ca\u0142e mn\u00f3stwo. Dzieci chc\u0105 wiedzie\u0107 nie tylko to, co zwi\u0105zane jest z tw\u00f3rczo\u015bci\u0105 autora, ale r\u00f3wnie\u017c pytaj\u0105 o zainteresowania pozazawodowe, preferencje kulinarne, podr\u00f3\u017ce, upodobania, \u017cycie rodzinne, miejsce zamieszkania.<\/p>\n<p>Gdy wyczerpuje si\u0119 ju\u017c worek z pytaniami przechodzimy do nast\u0119pnego punktu spotkania.\u00a0 Jest to rozdanie nagr\u00f3d w konkursie \u201eBohaterowie opowiada\u0144 Grzegorza Kasdepke w akcji\u201d. Spo\u015br\u00f3d 49 prac wybrano najciekawsze przyznaj\u0105c 10 nagr\u00f3d za miejsca I-III i 13 wyr\u00f3\u017cnie\u0144.<br \/>\nZwyci\u0119zcy otrzymuj\u0105 ksi\u0105\u017cki p. Grzegorza, kt\u00f3re autor wr\u0119cza im osobi\u015bcie. Dzieci podchodz\u0105c po odbi\u00f3r nagr\u00f3d, pokazuj\u0105 na wystawie swoj\u0105 prac\u0119. Na pami\u0105tk\u0119 autor otrzymuje od nas wierszowan\u0105 dedykacj\u0119 o swoim imieniu autorstwa L. J. Kerna oraz folder biblioteki wydany z okazji 60-lecia jej istnienia.<\/p>\n<p>Nast\u0119puje teraz bardzo wa\u017cna chwila ka\u017cdego spotkania autorskiego: rozdawanie autograf\u00f3w. Nasi uczniowie na prowadzonym przez wiele dni przed spotkaniem kiermaszu (ksi\u0105\u017cki zam\u00f3wiono w wydawnictwie) zakupili mn\u00f3stwo ksi\u0105\u017cek autora. Ka\u017cdy chcia\u0142 wi\u0119c otrzyma\u0107 osobisty wpis pisarza do ulubionej ksi\u0105\u017cki.<\/p>\n<p>Czas up\u0142yn\u0105\u0142 bardzo szybko, \u017cal si\u0119 by\u0142o rozstawa\u0107. Ka\u017cde ze spotka\u0144 organizowanych w naszej szkole by\u0142o niepowtarzalne i wyj\u0105tkowe. To r\u00f3wnie\u017c !<\/p>\n","protected":false},"excerpt":{"rendered":"<p>Grzegorz Kasdepke&#8211; urodzi\u0142 si\u0119 w 1972r. Uko\u0144czy\u0142 studia na Wydziale Dziennikarstwa i Nauk Politycznych Uniwersytetu Warszawskiego. Debiutowa\u0142 w \u201ePolityce\u201d. W latach 1995-2000 by\u0142 redaktorem naczelnym magazynu dla dzieci \u201e\u015awierszczyk\u201d.\u00a0Publikowa\u0142 tak\u017ce [&hellip;]<\/p>\n","protected":false},"author":18,"featured_media":0,"comment_status":"open","ping_status":"open","sticky":false,"template":"","format":"standard","meta":{"_tec_requires_first_save":true,"_crdt_document":"","pgc_sgb_lightbox_settings":"","_EventAllDay":false,"_EventTimezone":"","_EventStartDate":"","_EventEndDate":"","_EventStartDateUTC":"","_EventEndDateUTC":"","_EventShowMap":false,"_EventShowMapLink":false,"_EventURL":"","_EventCost":"","_EventCostDescription":"","_EventCurrencySymbol":"","_EventCurrencyCode":"","_EventCurrencyPosition":"","_EventDateTimeSeparator":"","_EventTimeRangeSeparator":"","_EventOrganizerID":[],"_EventVenueID":[],"_OrganizerEmail":"","_OrganizerPhone":"","_OrganizerWebsite":"","_VenueAddress":"","_VenueCity":"","_VenueCountry":"","_VenueProvince":"","_VenueState":"","_VenueZip":"","_VenuePhone":"","_VenueURL":"","_VenueStateProvince":"","_VenueLat":"","_VenueLng":"","_VenueShowMap":false,"_VenueShowMapLink":false,"_tribe_blocks_recurrence_rules":"","_tribe_blocks_recurrence_description":"","_tribe_blocks_recurrence_exclusions":"","footnotes":""},"categories":[1],"tags":[],"class_list":["post-7620","post","type-post","status-publish","format-standard","hentry","category-bez-kategorii"],"publishpress_future_action":{"enabled":false,"date":"2026-05-06 15:53:33","action":"change-status","newStatus":"draft","terms":[],"taxonomy":"category","extraData":[]},"publishpress_future_workflow_manual_trigger":{"enabledWorkflows":[]},"_links":{"self":[{"href":"https:\/\/wbp.lublin.pl\/index.php\/wp-json\/wp\/v2\/posts\/7620","targetHints":{"allow":["GET"]}}],"collection":[{"href":"https:\/\/wbp.lublin.pl\/index.php\/wp-json\/wp\/v2\/posts"}],"about":[{"href":"https:\/\/wbp.lublin.pl\/index.php\/wp-json\/wp\/v2\/types\/post"}],"author":[{"embeddable":true,"href":"https:\/\/wbp.lublin.pl\/index.php\/wp-json\/wp\/v2\/users\/18"}],"replies":[{"embeddable":true,"href":"https:\/\/wbp.lublin.pl\/index.php\/wp-json\/wp\/v2\/comments?post=7620"}],"version-history":[{"count":2,"href":"https:\/\/wbp.lublin.pl\/index.php\/wp-json\/wp\/v2\/posts\/7620\/revisions"}],"predecessor-version":[{"id":13237,"href":"https:\/\/wbp.lublin.pl\/index.php\/wp-json\/wp\/v2\/posts\/7620\/revisions\/13237"}],"wp:attachment":[{"href":"https:\/\/wbp.lublin.pl\/index.php\/wp-json\/wp\/v2\/media?parent=7620"}],"wp:term":[{"taxonomy":"category","embeddable":true,"href":"https:\/\/wbp.lublin.pl\/index.php\/wp-json\/wp\/v2\/categories?post=7620"},{"taxonomy":"post_tag","embeddable":true,"href":"https:\/\/wbp.lublin.pl\/index.php\/wp-json\/wp\/v2\/tags?post=7620"}],"curies":[{"name":"wp","href":"https:\/\/api.w.org\/{rel}","templated":true}]}}