{"id":7624,"date":"2011-05-12T10:06:08","date_gmt":"2011-05-12T08:06:08","guid":{"rendered":"https:\/\/wbp.lublin.pl8\/index.php\/2011\/05\/12\/stefan-darda-w-niedrzwicy-duzej-12-05-2011\/"},"modified":"2018-07-02T22:57:30","modified_gmt":"2018-07-02T20:57:30","slug":"stefan-darda-w-niedrzwicy-duzej-12-05-2011","status":"publish","type":"post","link":"https:\/\/wbp.lublin.pl\/index.php\/2011\/05\/12\/stefan-darda-w-niedrzwicy-duzej-12-05-2011\/","title":{"rendered":"Stefan Darda w Niedrzwicy Du\u017cej (12. 05. 2011)"},"content":{"rendered":"<p><!-- [if gte mso 9]><xml>     Normal   0   21         false   false   false                             MicrosoftInternetExplorer4   <\/xml><![endif]--><!-- [if gte mso 9]><![endif]--><!-- [if gte mso 10]>\n\n\n\n<style>  \/* Style Definitions *\/  table.MsoNormalTable \t{ \tmso-style-parent:\"\"; \tfont-size:10.0pt;\"Times New Roman\";} <\/style>\n\n <![endif]--><\/p>\n<p>Dyskusyjny Klub Ksi\u0105\u017cki z Niedrzwicy Du\u017cej nie poprzestaje tylko na comiesi\u0119cznych spotkaniach w bibliotece. Tym razem Klubowicze zaprosili do Niedrzwicy Du\u017cej prozaika i poet\u0119 Stefana Dard\u0119. Autor \u201eDomu na Wyr\u0119bach\u201d, \u201eS\u0142onecznej doliny\u201d i \u201eStarzyzny\u201d spotka\u0142 si\u0119 z czytelnikami 12 maja 2011 roku w miejscowym Domu Kultury.<\/p>\n<p>Pisarz w swoich utworach nawi\u0105zuje tematycznie do prozy Stephena Kinga \u2013 znanego na ca\u0142ym \u015bwiecie mistrza horror\u00f3w i powie\u015bci grozy. Miejsce akcji powie\u015bci Dardy to Lubelszczyzna \u2013 pi\u0119knego Roztocza (okolice Zwierzy\u0144ca i Krasnobrodu) i Pojezierza \u0141\u0119czy\u0144sko-W\u0142odawskiego. Autor pochodzi z Tomaszowa Lubelskiego (obecnie mieszka w Przemy\u015blu) i st\u0105d te\u017c \u2013 jak zdradzi\u0142 czytelnikom \u2013 po cz\u0119\u015bci akcja jego powie\u015bci zosta\u0142a umiejscowiona na tych terenach.<\/p>\n<p>Spotkanie ze Stefanem Dard\u0105 nie mia\u0142o formy monologu pisarza. Czytelnicy zadawali pytania pocz\u0105wszy od tego, w jaki spos\u00f3b powstaje proza Stefana Dardy, jak d\u0142ugo trwa pisanie jednej ksi\u0105\u017cki, po pytania zahaczaj\u0105ce o poza\u015bwiaty i wierzenia ludowe.<\/p>\n<p>Spotkanie trwa\u0142o ponad 2 godziny, a na jego zako\u0144czenie Stefan Darda podpisywa\u0142 swoje ksi\u0105\u017cki i audiobooki. W spotkaniu uczestniczy\u0142o ponad 30 czytelnik\u00f3w zainteresowanych polsk\u0105 wsp\u00f3\u0142czesn\u0105 proz\u0105 z gatunku grozy.<\/p>\n","protected":false},"excerpt":{"rendered":"<p>Dyskusyjny Klub Ksi\u0105\u017cki z Niedrzwicy Du\u017cej nie poprzestaje tylko na comiesi\u0119cznych spotkaniach w bibliotece. Tym razem Klubowicze zaprosili do Niedrzwicy Du\u017cej prozaika i poet\u0119 Stefana Dard\u0119. Autor \u201eDomu na Wyr\u0119bach\u201d, [&hellip;]<\/p>\n","protected":false},"author":18,"featured_media":0,"comment_status":"open","ping_status":"open","sticky":false,"template":"","format":"standard","meta":{"_tec_requires_first_save":true,"_crdt_document":"","pgc_sgb_lightbox_settings":"","_EventAllDay":false,"_EventTimezone":"","_EventStartDate":"","_EventEndDate":"","_EventStartDateUTC":"","_EventEndDateUTC":"","_EventShowMap":false,"_EventShowMapLink":false,"_EventURL":"","_EventCost":"","_EventCostDescription":"","_EventCurrencySymbol":"","_EventCurrencyCode":"","_EventCurrencyPosition":"","_EventDateTimeSeparator":"","_EventTimeRangeSeparator":"","_EventOrganizerID":[],"_EventVenueID":[],"_OrganizerEmail":"","_OrganizerPhone":"","_OrganizerWebsite":"","_VenueAddress":"","_VenueCity":"","_VenueCountry":"","_VenueProvince":"","_VenueState":"","_VenueZip":"","_VenuePhone":"","_VenueURL":"","_VenueStateProvince":"","_VenueLat":"","_VenueLng":"","_VenueShowMap":false,"_VenueShowMapLink":false,"_tribe_blocks_recurrence_rules":"","_tribe_blocks_recurrence_description":"","_tribe_blocks_recurrence_exclusions":"","footnotes":""},"categories":[1],"tags":[],"class_list":["post-7624","post","type-post","status-publish","format-standard","hentry","category-bez-kategorii"],"publishpress_future_action":{"enabled":false,"date":"2026-05-06 15:53:31","action":"change-status","newStatus":"draft","terms":[],"taxonomy":"category","extraData":[]},"publishpress_future_workflow_manual_trigger":{"enabledWorkflows":[]},"_links":{"self":[{"href":"https:\/\/wbp.lublin.pl\/index.php\/wp-json\/wp\/v2\/posts\/7624","targetHints":{"allow":["GET"]}}],"collection":[{"href":"https:\/\/wbp.lublin.pl\/index.php\/wp-json\/wp\/v2\/posts"}],"about":[{"href":"https:\/\/wbp.lublin.pl\/index.php\/wp-json\/wp\/v2\/types\/post"}],"author":[{"embeddable":true,"href":"https:\/\/wbp.lublin.pl\/index.php\/wp-json\/wp\/v2\/users\/18"}],"replies":[{"embeddable":true,"href":"https:\/\/wbp.lublin.pl\/index.php\/wp-json\/wp\/v2\/comments?post=7624"}],"version-history":[{"count":2,"href":"https:\/\/wbp.lublin.pl\/index.php\/wp-json\/wp\/v2\/posts\/7624\/revisions"}],"predecessor-version":[{"id":13233,"href":"https:\/\/wbp.lublin.pl\/index.php\/wp-json\/wp\/v2\/posts\/7624\/revisions\/13233"}],"wp:attachment":[{"href":"https:\/\/wbp.lublin.pl\/index.php\/wp-json\/wp\/v2\/media?parent=7624"}],"wp:term":[{"taxonomy":"category","embeddable":true,"href":"https:\/\/wbp.lublin.pl\/index.php\/wp-json\/wp\/v2\/categories?post=7624"},{"taxonomy":"post_tag","embeddable":true,"href":"https:\/\/wbp.lublin.pl\/index.php\/wp-json\/wp\/v2\/tags?post=7624"}],"curies":[{"name":"wp","href":"https:\/\/api.w.org\/{rel}","templated":true}]}}