{"id":7630,"date":"2011-11-16T11:30:46","date_gmt":"2011-11-16T10:30:46","guid":{"rendered":"https:\/\/wbp.lublin.pl8\/index.php\/2011\/11\/16\/marcin-wronski-w-niedrzwicy-duzej-16-11-2011\/"},"modified":"2018-07-02T22:57:27","modified_gmt":"2018-07-02T20:57:27","slug":"marcin-wronski-w-niedrzwicy-duzej-16-11-2011","status":"publish","type":"post","link":"https:\/\/wbp.lublin.pl\/index.php\/2011\/11\/16\/marcin-wronski-w-niedrzwicy-duzej-16-11-2011\/","title":{"rendered":"Marcin Wro\u0144ski w Niedrzwicy Du\u017cej (16. 11. 2011)"},"content":{"rendered":"<p><!-- [if gte mso 9]><xml>     Normal   0   21         false   false   false                             MicrosoftInternetExplorer4   <\/xml><![endif]--><!-- [if gte mso 9]><![endif]--><!-- [if gte mso 10]>\n\n\n\n<style>  \/* Style Definitions *\/  table.MsoNormalTable \t{ \tmso-style-parent:\"\"; \tfont-size:10.0pt;\"Times New Roman\";} <\/style>\n\n <![endif]--><\/p>\n<p>W ramach Dyskusyjnego Klubu Ksi\u0105\u017cki dzia\u0142aj\u0105cego od 2007 r. przy Gminnej Bibliotece Publicznej w Niedrzwicy Du\u017cej zorganizowane zosta\u0142o spotkanie autorskie z pisarzem lubelskim Marcinem Wro\u0144skim. Spotkanie odby\u0142o si\u0119 w dniu 16 listopada 2011 r. o godz. 17 w Gminnym O\u015brodku Kultury Sportu i Rekreacji, a prowadzi\u0142a je koordynator Dyskusyjnego Klubu Ksi\u0105\u017cki w Niedrzwicy Du\u017cej,\u00a0bibliotekarka Marzena Boryga.<\/p>\n<p>Marcin Wro\u0144ski jest tw\u00f3rc\u0105 nie tylko prozy, pisa\u0142 tak\u017ce teksty piosenek i skecze dla prowadzonego przez siebie kabaretu \u201eOsoby o Nieustalonej To\u017csamo\u015bci\u201d. Jednak jego najwi\u0119ksz\u0105 pasj\u0105 jest pisanie o dawnym Lublinie, czego da\u0142 szczeg\u00f3lny wyraz w serii krymina\u0142\u00f3w retro o komisarzu Maciejewskim. ,, Morderstwo pod cenzur\u0105\u201d \u2013 pierwsza ksi\u0105\u017cka z serii wydana w 2007 roku zosta\u0142a nominowana do Nagrody Wielkiego Kalibru w 2008 roku. \u201eKino Venus\u201d- druga powie\u015b\u0107 z serii, zosta\u0142a zg\u0142oszona do Paszportu Polityki i nominowana do Nagrody Wielkiego Kalibru w 2009 roku. W 2011 r. ukaza\u0142a si\u0119 \u201eA na imi\u0119 jej b\u0119dzie Aniela\u201d (trzecia powie\u015b\u0107 z serii), a w 2010 r. ujrza\u0142 \u015bwiat\u0142o dzienne wsp\u00f3\u0142czesny thriller polityczno- teologiczny o o. Marku Gli\u0144skim \u00a0\u201eOfficium Secretum. Pies Pa\u0144ski\u201d (nominowany do Nagrody Wielkiego Kalibru w 2011r.). Za wk\u0142ad <i>Komisarza Maciejewskiego<\/i> w budowanie wizerunku miasta w 2009 r. regionalne media przyzna\u0142y pisarzowi honorowy tytu\u0142 Dobrze Zas\u0142u\u017cony dla Ziemi Lubelskiej- te i inne informacje mo\u017cna przeczyta\u0107 na stronie autorskiej pisarza.<\/p>\n<p>Uczestnikami spotkania byli czytelnicy i mi\u0142o\u015bnicy tw\u00f3rczo\u015bci pisarza nie tylko z naszej gminy, ale tak\u017ce m\u0142odzie\u017c z Zespo\u0142u Szk\u00f3\u0142 Techniki Rolniczej w Piotrowicach pod opiek\u0105 pani Katarzyny Zieleniak. Przybyli tak\u017ce czytelnicy z Lublina, m. in. z Powiatowej Biblioteki Publicznej w Lublinie dyrektor Magdalena K\u0119dra i pani Urszula Kurek.<\/p>\n<p>Po kr\u00f3tkim wst\u0119pie prowadz\u0105cej, przybli\u017caj\u0105cym uczestnikom zaproszonego go\u015bcia, przyst\u0105pili\u015bmy do w\u0142a\u015bciwego spotkania. Rozmowa z tw\u00f3rc\u0105 Komisarza Maciejewskiego dotyczy\u0142a tajnik\u00f3w procesu pisania- autor opowiada\u0142 jak du\u017co czasu po\u015bwi\u0119ca na zbieranie materia\u0142\u00f3w do ksi\u0105\u017cki, ile trwa sam proces pisania powie\u015bci, jak wygl\u0105da promocja wydanej ju\u017c powie\u015bci; przy okazji dowiedzieli\u015bmy si\u0119, \u017ce pisarz nie ma \u2013 jak wielu czytelnik\u00f3w zapewne przypuszcza- swojego mened\u017cera. Pisarz opowiada\u0142 o dawnym Lublinie- jako ciekawostk\u0119 podam, \u017ce m\u00f3wi\u0142 o lotnisku, kt\u00f3re by\u0142o przed wojn\u0105 w Lublinie.<\/p>\n<p>&#8211; I chyba tak\u017ce pierwszy w Polsce zak\u0142ad produkuj\u0105cy cz\u0119\u015bci do samolot\u00f3w, kt\u00f3ry znajdowa\u0142 si\u0119 na ul. Wro\u0144skiej. W pami\u0119ci utkwi\u0142o mi jeszcze, \u017ce jego hobby to gry komputerowe i ogl\u0105danie film\u00f3w. Czyta utwory napisane przez swoich koleg\u00f3w i kole\u017canki (np. Krajewskiego, Tokarczuk), bo- jak sam m\u00f3wi- po prostu wypada. I nie lubi chodzi\u0107 do Plazy- takie szczeg\u00f3\u0142y ze spotkania pami\u0119ta nasza bibliotekarka i jednocze\u015bnie zagorza\u0142a klubowiczka Monika.<\/p>\n<p>Naszego go\u015bcia pytano tak\u017ce jak wyda\u0107 swoje wiersze, a jak proz\u0119- i uprzedz\u0119, \u017ce to nie ta sama droga. Wro\u0144ski opowiada\u0142 czym obecnie si\u0119 zajmuje- \u00a0sko\u0144czy\u0142 ju\u017c czwart\u0105 i pisze pi\u0105t\u0105 cz\u0119\u015b\u0107 przyg\u00f3d <i>Komisarza Maciejewskiego, <\/i>wi\u0119c jego fani maj\u0105 na co wyczekiwa\u0107.<\/p>\n<p>Po spotkaniu uczestnicy m\u00f3wili, \u017ce by\u0142o to jedno z najciekawszych w jakim brali udzia\u0142 (bo niekt\u00f3rzy widzieli ju\u017c w Niedrzwicy Jacka Dehnela, Stefana Dard\u0119 czy Krzysztofa G\u0119bur\u0119, z tymi autorami tak\u017ce by\u0142y spotkania zorganizowane w ramach Dyskusyjnego Klubu Ksi\u0105\u017cki) , a sam Marcin Wro\u0144ski okaza\u0142 si\u0119 mi\u0142ym, sympatycznym cz\u0142owiekiem, kt\u00f3ry lubi kontakt ze swoimi czytelnikami.<\/p>\n<p>Po trwaj\u0105cym ponad dwie godziny spotkaniu autor podpisywa\u0142 wszystkim ch\u0119tnym swoje ksi\u0105\u017cki. W spotkaniu wzi\u0119\u0142o udzia\u0142 ok. 40. os\u00f3b, a nast\u0119pne zapewne ju\u017c w nowym- 2012 roku. Czekamy na propozycje naszych czytelnik\u00f3w- kogo chcieliby\u015bcie pa\u0144stwo go\u015bci\u0107 w Niedrzwicy?<\/p>\n<p>Wszystkich, kt\u00f3rzy chc\u0105 pozna\u0107 dawne i obecne oblicze Lublina i losy komisarza Maciejewskiego zapraszamy do lektury jego ksi\u0105\u017cek dost\u0119pnych w naszych bibliotekach.<\/p>\n<p style=\"text-align: center;\"><img data-dominant-color=\"6f5b51\" data-has-transparency=\"false\" style=\"--dominant-color: #6f5b51;\" loading=\"lazy\" decoding=\"async\" class=\"size-full wp-image-7627 not-transparent\" title=\"Marcin Wro\u0144ski w Niedrzwici Du\u017cej\" src=\"http:\/\/wbp.lublin.pl\/wp-content\/uploads\/2011\/11\/dkk_relacje_2011-11-16-Wronski-Niedrz_Wronski-Niedrz-16-11-2011-1.JPG\" alt=\"\" width=\"133\" height=\"100\" \/><img data-dominant-color=\"6c594b\" data-has-transparency=\"false\" style=\"--dominant-color: #6c594b;\" loading=\"lazy\" decoding=\"async\" class=\"size-full wp-image-7628 not-transparent\" title=\"Marcin Wro\u0144ski w Niedrzwici Du\u017cej\" src=\"http:\/\/wbp.lublin.pl\/wp-content\/uploads\/2011\/11\/dkk_relacje_2011-11-16-Wronski-Niedrz_Wronski-Niedrz-16-11-2011-2.JPG\" alt=\"\" width=\"133\" height=\"100\" \/><img data-dominant-color=\"836f60\" data-has-transparency=\"false\" style=\"--dominant-color: #836f60;\" loading=\"lazy\" decoding=\"async\" class=\"size-full wp-image-7629 not-transparent\" title=\"Marcin Wro\u0144ski w Niedrzwici Du\u017cej\" src=\"http:\/\/wbp.lublin.pl\/wp-content\/uploads\/2011\/11\/dkk_relacje_2011-11-16-Wronski-Niedrz_Wronski-Niedrz-16-11-2011-3.JPG\" alt=\"\" width=\"133\" height=\"100\" \/><\/p>\n","protected":false},"excerpt":{"rendered":"<p>W ramach Dyskusyjnego Klubu Ksi\u0105\u017cki dzia\u0142aj\u0105cego od 2007 r. przy Gminnej Bibliotece Publicznej w Niedrzwicy Du\u017cej zorganizowane zosta\u0142o spotkanie autorskie z pisarzem lubelskim Marcinem Wro\u0144skim. Spotkanie odby\u0142o si\u0119 w dniu [&hellip;]<\/p>\n","protected":false},"author":18,"featured_media":7627,"comment_status":"open","ping_status":"open","sticky":false,"template":"","format":"standard","meta":{"_tec_requires_first_save":true,"_crdt_document":"","pgc_sgb_lightbox_settings":"","_EventAllDay":false,"_EventTimezone":"","_EventStartDate":"","_EventEndDate":"","_EventStartDateUTC":"","_EventEndDateUTC":"","_EventShowMap":false,"_EventShowMapLink":false,"_EventURL":"","_EventCost":"","_EventCostDescription":"","_EventCurrencySymbol":"","_EventCurrencyCode":"","_EventCurrencyPosition":"","_EventDateTimeSeparator":"","_EventTimeRangeSeparator":"","_EventOrganizerID":[],"_EventVenueID":[],"_OrganizerEmail":"","_OrganizerPhone":"","_OrganizerWebsite":"","_VenueAddress":"","_VenueCity":"","_VenueCountry":"","_VenueProvince":"","_VenueState":"","_VenueZip":"","_VenuePhone":"","_VenueURL":"","_VenueStateProvince":"","_VenueLat":"","_VenueLng":"","_VenueShowMap":false,"_VenueShowMapLink":false,"_tribe_blocks_recurrence_rules":"","_tribe_blocks_recurrence_description":"","_tribe_blocks_recurrence_exclusions":"","footnotes":""},"categories":[1],"tags":[],"class_list":["post-7630","post","type-post","status-publish","format-standard","has-post-thumbnail","hentry","category-bez-kategorii"],"publishpress_future_action":{"enabled":false,"date":"2026-05-06 15:53:17","action":"change-status","newStatus":"draft","terms":[],"taxonomy":"category","extraData":[]},"publishpress_future_workflow_manual_trigger":{"enabledWorkflows":[]},"_links":{"self":[{"href":"https:\/\/wbp.lublin.pl\/index.php\/wp-json\/wp\/v2\/posts\/7630","targetHints":{"allow":["GET"]}}],"collection":[{"href":"https:\/\/wbp.lublin.pl\/index.php\/wp-json\/wp\/v2\/posts"}],"about":[{"href":"https:\/\/wbp.lublin.pl\/index.php\/wp-json\/wp\/v2\/types\/post"}],"author":[{"embeddable":true,"href":"https:\/\/wbp.lublin.pl\/index.php\/wp-json\/wp\/v2\/users\/18"}],"replies":[{"embeddable":true,"href":"https:\/\/wbp.lublin.pl\/index.php\/wp-json\/wp\/v2\/comments?post=7630"}],"version-history":[{"count":2,"href":"https:\/\/wbp.lublin.pl\/index.php\/wp-json\/wp\/v2\/posts\/7630\/revisions"}],"predecessor-version":[{"id":13231,"href":"https:\/\/wbp.lublin.pl\/index.php\/wp-json\/wp\/v2\/posts\/7630\/revisions\/13231"}],"wp:featuredmedia":[{"embeddable":true,"href":"https:\/\/wbp.lublin.pl\/index.php\/wp-json\/wp\/v2\/media\/7627"}],"wp:attachment":[{"href":"https:\/\/wbp.lublin.pl\/index.php\/wp-json\/wp\/v2\/media?parent=7630"}],"wp:term":[{"taxonomy":"category","embeddable":true,"href":"https:\/\/wbp.lublin.pl\/index.php\/wp-json\/wp\/v2\/categories?post=7630"},{"taxonomy":"post_tag","embeddable":true,"href":"https:\/\/wbp.lublin.pl\/index.php\/wp-json\/wp\/v2\/tags?post=7630"}],"curies":[{"name":"wp","href":"https:\/\/api.w.org\/{rel}","templated":true}]}}