{"id":7642,"date":"2012-01-09T10:13:45","date_gmt":"2012-01-09T09:13:45","guid":{"rendered":"https:\/\/wbp.lublin.pl8\/index.php\/2012\/01\/09\/minte-konig-bianka-tez-chce-byc-piekna\/"},"modified":"2018-07-02T21:57:22","modified_gmt":"2018-07-02T19:57:22","slug":"minte-konig-bianka-tez-chce-byc-piekna","status":"publish","type":"post","link":"https:\/\/wbp.lublin.pl\/index.php\/2012\/01\/09\/minte-konig-bianka-tez-chce-byc-piekna\/","title":{"rendered":"Minte-Konig Bianka: Te\u017c chc\u0119 by\u0107 pi\u0119kna"},"content":{"rendered":"<p>Ksi\u0105\u017cka pt.\u201eTe\u017c chc\u0119 by\u0107 pi\u0119kna\u201d autorstwa Bianki Minte-Konig to typowa powie\u015b\u0107 dla nastolatek.\u00a0\u00a0\u00a0\u00a0\u00a0\u00a0\u00a0\u00a0\u00a0\u00a0\u00a0\u00a0\u00a0\u00a0\u00a0\u00a0\u00a0\u00a0\u00a0\u00a0\u00a0\u00a0\u00a0\u00a0\u00a0\u00a0\u00a0\u00a0\u00a0\u00a0\u00a0\u00a0\u00a0\u00a0\u00a0\u00a0\u00a0\u00a0\u00a0\u00a0\u00a0\u00a0\u00a0\u00a0\u00a0\u00a0\u00a0\u00a0\u00a0\u00a0\u00a0\u00a0\u00a0\u00a0\u00a0\u00a0\u00a0\u00a0\u00a0\u00a0\u00a0\u00a0\u00a0\u00a0\u00a0\u00a0\u00a0\u00a0\u00a0\u00a0\u00a0\u00a0\u00a0\u00a0\u00a0\u00a0\u00a0\u00a0\u00a0\u00a0\u00a0\u00a0\u00a0\u00a0\u00a0\u00a0\u00a0\u00a0 G\u0142\u00f3wna bohaterka \u2013 Kati, po utracie Floriana szuka nowego ch\u0142opaka. Nast\u0119pnego dnia w jej szkole pojawia si\u0119 nowy ucze\u0144 \u2013 Brian. Dziewczyna uwa\u017ca to za zrz\u0105dzenie losu i z pomoc\u0105 przyjaci\u00f3\u0142ek, Mili i Hanny, postanawia zdoby\u0107 serce ch\u0142opaka. Jednak w tajemnicy przed\u00a0 kole\u017cankami u\u017cywa czar\u00f3w \u2013 sprawdza swoj\u0105 przysz\u0142o\u015b\u0107 w kartach i sporz\u0105dza nap\u00f3j mi\u0142osny. W tym czasie<br \/>\nMila wpada na lepszy pomys\u0142 i w sekrecie przed Katharin\u0105, zg\u0142asza j\u0105 do pewnego czasopisma dla nastolatek. Kati wygrywa konkurs czytelniczek i w nagrod\u0119 wyje\u017cd\u017ca z przyjaci\u00f3\u0142k\u0105\u00a0 do Dusseldorfu.\u00a0\u00a0\u00a0\u00a0\u00a0\u00a0\u00a0\u00a0\u00a0\u00a0\u00a0\u00a0\u00a0\u00a0\u00a0\u00a0\u00a0\u00a0\u00a0\u00a0\u00a0\u00a0\u00a0\u00a0\u00a0\u00a0\u00a0\u00a0\u00a0\u00a0\u00a0\u00a0\u00a0\u00a0\u00a0\u00a0\u00a0\u00a0\u00a0\u00a0\u00a0\u00a0\u00a0\u00a0\u00a0\u00a0\u00a0\u00a0\u00a0\u00a0\u00a0\u00a0\u00a0\u00a0\u00a0\u00a0\u00a0\u00a0\u00a0\u00a0\u00a0\u00a0\u00a0\u00a0\u00a0\u00a0\u00a0\u00a0\u00a0\u00a0\u00a0\u00a0\u00a0\u00a0\u00a0\u00a0\u00a0\u00a0\u00a0\u00a0\u00a0\u00a0\u00a0\u00a0\u00a0\u00a0\u00a0\u00a0\u00a0\u00a0\u00a0\u00a0\u00a0\u00a0\u00a0\u00a0\u00a0 Po powrocie wszyscy chwal\u0105 j\u0105 za nowy styl w modzie. Dochodzi te\u017c do konfliktu mi\u0119dzy ni\u0105 a jej najgorszym wrogiem \u2013 Vaness\u0105. Po tym wydarzeniu i po kolejnej akcji \u015bledzenia Briana, Katharin\u0119 ratuje Tobias. Okazuje si\u0119, \u017ce jest on w niej zakochany od bardzo dawna i zrobi\u0142 to z mi\u0142o\u015bci.<br \/>\nKsi\u0105\u017cka uczy nas , \u017ce czasem co\u015b, czego szukamy daleko, tak naprawd\u0119 mo\u017ce by\u0107 blisko nas i musimy potrafi\u0107 to dostrzega\u0107. Ten utw\u00f3r jest interesuj\u0105cy i bardzo mi si\u0119 podoba. Zach\u0119cam innych do jej przeczytania.<\/p>\n","protected":false},"excerpt":{"rendered":"<p>Ksi\u0105\u017cka pt.\u201eTe\u017c chc\u0119 by\u0107 pi\u0119kna\u201d autorstwa Bianki Minte-Konig to typowa powie\u015b\u0107 dla nastolatek.\u00a0\u00a0\u00a0\u00a0\u00a0\u00a0\u00a0\u00a0\u00a0\u00a0\u00a0\u00a0\u00a0\u00a0\u00a0\u00a0\u00a0\u00a0\u00a0\u00a0\u00a0\u00a0\u00a0\u00a0\u00a0\u00a0\u00a0\u00a0\u00a0\u00a0\u00a0\u00a0\u00a0\u00a0\u00a0\u00a0\u00a0\u00a0\u00a0\u00a0\u00a0\u00a0\u00a0\u00a0\u00a0\u00a0\u00a0\u00a0\u00a0\u00a0\u00a0\u00a0\u00a0\u00a0\u00a0\u00a0\u00a0\u00a0\u00a0\u00a0\u00a0\u00a0\u00a0\u00a0\u00a0\u00a0\u00a0\u00a0\u00a0\u00a0\u00a0\u00a0\u00a0\u00a0\u00a0\u00a0\u00a0\u00a0\u00a0\u00a0\u00a0\u00a0\u00a0\u00a0\u00a0\u00a0\u00a0\u00a0 G\u0142\u00f3wna bohaterka \u2013 Kati, po utracie Floriana szuka nowego ch\u0142opaka. Nast\u0119pnego dnia w jej szkole pojawia si\u0119 [&hellip;]<\/p>\n","protected":false},"author":18,"featured_media":0,"comment_status":"open","ping_status":"open","sticky":false,"template":"","format":"standard","meta":{"_tec_requires_first_save":true,"_crdt_document":"","pgc_sgb_lightbox_settings":"","_EventAllDay":false,"_EventTimezone":"","_EventStartDate":"","_EventEndDate":"","_EventStartDateUTC":"","_EventEndDateUTC":"","_EventShowMap":false,"_EventShowMapLink":false,"_EventURL":"","_EventCost":"","_EventCostDescription":"","_EventCurrencySymbol":"","_EventCurrencyCode":"","_EventCurrencyPosition":"","_EventDateTimeSeparator":"","_EventTimeRangeSeparator":"","_EventOrganizerID":[],"_EventVenueID":[],"_OrganizerEmail":"","_OrganizerPhone":"","_OrganizerWebsite":"","_VenueAddress":"","_VenueCity":"","_VenueCountry":"","_VenueProvince":"","_VenueState":"","_VenueZip":"","_VenuePhone":"","_VenueURL":"","_VenueStateProvince":"","_VenueLat":"","_VenueLng":"","_VenueShowMap":false,"_VenueShowMapLink":false,"_tribe_blocks_recurrence_rules":"","_tribe_blocks_recurrence_description":"","_tribe_blocks_recurrence_exclusions":"","footnotes":""},"categories":[110],"tags":[],"class_list":["post-7642","post","type-post","status-publish","format-standard","hentry","category-recenzje-klubowiczow"],"publishpress_future_action":{"enabled":false,"date":"2026-05-06 09:14:21","action":"change-status","newStatus":"draft","terms":[],"taxonomy":"category","extraData":[]},"publishpress_future_workflow_manual_trigger":{"enabledWorkflows":[]},"_links":{"self":[{"href":"https:\/\/wbp.lublin.pl\/index.php\/wp-json\/wp\/v2\/posts\/7642","targetHints":{"allow":["GET"]}}],"collection":[{"href":"https:\/\/wbp.lublin.pl\/index.php\/wp-json\/wp\/v2\/posts"}],"about":[{"href":"https:\/\/wbp.lublin.pl\/index.php\/wp-json\/wp\/v2\/types\/post"}],"author":[{"embeddable":true,"href":"https:\/\/wbp.lublin.pl\/index.php\/wp-json\/wp\/v2\/users\/18"}],"replies":[{"embeddable":true,"href":"https:\/\/wbp.lublin.pl\/index.php\/wp-json\/wp\/v2\/comments?post=7642"}],"version-history":[{"count":2,"href":"https:\/\/wbp.lublin.pl\/index.php\/wp-json\/wp\/v2\/posts\/7642\/revisions"}],"predecessor-version":[{"id":12927,"href":"https:\/\/wbp.lublin.pl\/index.php\/wp-json\/wp\/v2\/posts\/7642\/revisions\/12927"}],"wp:attachment":[{"href":"https:\/\/wbp.lublin.pl\/index.php\/wp-json\/wp\/v2\/media?parent=7642"}],"wp:term":[{"taxonomy":"category","embeddable":true,"href":"https:\/\/wbp.lublin.pl\/index.php\/wp-json\/wp\/v2\/categories?post=7642"},{"taxonomy":"post_tag","embeddable":true,"href":"https:\/\/wbp.lublin.pl\/index.php\/wp-json\/wp\/v2\/tags?post=7642"}],"curies":[{"name":"wp","href":"https:\/\/api.w.org\/{rel}","templated":true}]}}