{"id":7648,"date":"2011-05-19T10:54:22","date_gmt":"2011-05-19T08:54:22","guid":{"rendered":"https:\/\/wbp.lublin.pl8\/index.php\/2011\/05\/19\/stefan-darda-w-lukowie-13-05-2011\/"},"modified":"2018-07-02T22:57:27","modified_gmt":"2018-07-02T20:57:27","slug":"stefan-darda-w-lukowie-13-05-2011","status":"publish","type":"post","link":"https:\/\/wbp.lublin.pl\/index.php\/2011\/05\/19\/stefan-darda-w-lukowie-13-05-2011\/","title":{"rendered":"Stefan Darda w \u0141ukowie (13. 05. 2011)"},"content":{"rendered":"<p>13 maja 2011 roku w Miejskiej Biblioteki Publicznej im. Henryka Sienkiewicza w \u0141ukowie w ramach spotka\u0144 Dyskusyjnego Klubu Ksi\u0105\u017cki dzia\u0142aj\u0105cego przy bibliotece, odby\u0142o si\u0119 spotkanie ze Stefanem Dard\u0105. Autor Domu na wyr\u0119bach pochodzi z Tomaszowa Lubelskiego, mieszka obecnie w Przemy\u015blu. Zajmowa\u0142 si\u0119 turystyk\u0105, muzyk\u0105, a p\u00f3\u017aniej literatur\u0105 grozy.<br \/>\nWartka i interesuj\u0105ca fabu\u0142a rozwijaj\u0105ca si\u0119 w przepi\u0119knych polskich krajobrazach, narastaj\u0105cy nastr\u00f3j niepewno\u015bci oraz inne elementy sk\u0142adaj\u0105ce si\u0119 na jego ksi\u0105\u017cki na pewno mia\u0142y wp\u0142yw na liczne grono czytelnik\u00f3w, kt\u00f3re pojawi\u0142o si\u0119 na spotkaniu.\u00a0 Od samego pocz\u0105tku obecni zadawali mn\u00f3stwo pyta\u0144 m. in.: o pocz\u0105tek kariery pisarskiej, fascynacje ksi\u0105\u017ckowe, stosunek do wierze\u0144 ludowych i przyrody. Stefan Darda ch\u0119tnie na wszystkie pytania odpowiada\u0142, zdradzi\u0142 r\u00f3wnie\u017c tajemnice warsztatu pisarskiego oraz najbli\u017csze plany wydawnicze. Wszystkich pyta\u0144 i odpowiedzi nie spos\u00f3b wymieni\u0107, pozosta\u0142o jednak bardzo mi\u0142e wra\u017cenie, jakie autor zrobi\u0142 na uczestnikach spotkania. Jednocze\u015bnie pan Darda okaza\u0142 si\u0119 bardzo skromnym, jak i interesuj\u0105cym cz\u0142owiekiem. Na zako\u0144czenie spotkania uczestnicy podzi\u0119kowali panu Dardzie gromkimi brawami.<\/p>\n<p><img data-dominant-color=\"726b63\" data-has-transparency=\"false\" style=\"--dominant-color: #726b63;\" loading=\"lazy\" decoding=\"async\" class=\"size-full wp-image-7644 not-transparent\" title=\"Stefan Darda w \u0141ukowie\" src=\"http:\/\/wbp.lublin.pl\/wp-content\/uploads\/2011\/05\/dkk_relacje_2011-05-19-Darda-Lukow_darda-lukow-19-05-2011-1.jpg\" alt=\"\" width=\"150\" height=\"100\" \/><img data-dominant-color=\"7b6468\" data-has-transparency=\"false\" style=\"--dominant-color: #7b6468;\" loading=\"lazy\" decoding=\"async\" class=\"size-full wp-image-7645 not-transparent\" title=\"Stefan Darda w \u0141ukowie\" src=\"http:\/\/wbp.lublin.pl\/wp-content\/uploads\/2011\/05\/dkk_relacje_2011-05-19-Darda-Lukow_darda-lukow-19-05-2011-2.jpg\" alt=\"\" width=\"150\" height=\"100\" \/><img data-dominant-color=\"867d7a\" data-has-transparency=\"false\" style=\"--dominant-color: #867d7a;\" loading=\"lazy\" decoding=\"async\" class=\"size-full wp-image-7646 not-transparent\" title=\"Stefan Darda w \u0141ukowie\" src=\"http:\/\/wbp.lublin.pl\/wp-content\/uploads\/2011\/05\/dkk_relacje_2011-05-19-Darda-Lukow_darda-lukow-19-05-2011-3.jpg\" alt=\"\" width=\"150\" height=\"100\" \/><img data-dominant-color=\"8e746e\" data-has-transparency=\"false\" style=\"--dominant-color: #8e746e;\" loading=\"lazy\" decoding=\"async\" class=\"size-full wp-image-7647 not-transparent\" title=\"Stefan Darda w \u0141ukowie\" src=\"http:\/\/wbp.lublin.pl\/wp-content\/uploads\/2011\/05\/dkk_relacje_2011-05-19-Darda-Lukow_darda-lukow-19-05-2011-4.jpg\" alt=\"\" width=\"150\" height=\"100\" \/><\/p>\n","protected":false},"excerpt":{"rendered":"<p>13 maja 2011 roku w Miejskiej Biblioteki Publicznej im. Henryka Sienkiewicza w \u0141ukowie w ramach spotka\u0144 Dyskusyjnego Klubu Ksi\u0105\u017cki dzia\u0142aj\u0105cego przy bibliotece, odby\u0142o si\u0119 spotkanie ze Stefanem Dard\u0105. Autor Domu [&hellip;]<\/p>\n","protected":false},"author":18,"featured_media":7644,"comment_status":"open","ping_status":"open","sticky":false,"template":"","format":"standard","meta":{"_tec_requires_first_save":true,"_crdt_document":"","pgc_sgb_lightbox_settings":"","_EventAllDay":false,"_EventTimezone":"","_EventStartDate":"","_EventEndDate":"","_EventStartDateUTC":"","_EventEndDateUTC":"","_EventShowMap":false,"_EventShowMapLink":false,"_EventURL":"","_EventCost":"","_EventCostDescription":"","_EventCurrencySymbol":"","_EventCurrencyCode":"","_EventCurrencyPosition":"","_EventDateTimeSeparator":"","_EventTimeRangeSeparator":"","_EventOrganizerID":[],"_EventVenueID":[],"_OrganizerEmail":"","_OrganizerPhone":"","_OrganizerWebsite":"","_VenueAddress":"","_VenueCity":"","_VenueCountry":"","_VenueProvince":"","_VenueState":"","_VenueZip":"","_VenuePhone":"","_VenueURL":"","_VenueStateProvince":"","_VenueLat":"","_VenueLng":"","_VenueShowMap":false,"_VenueShowMapLink":false,"_tribe_blocks_recurrence_rules":"","_tribe_blocks_recurrence_description":"","_tribe_blocks_recurrence_exclusions":"","footnotes":""},"categories":[1],"tags":[],"class_list":["post-7648","post","type-post","status-publish","format-standard","has-post-thumbnail","hentry","category-bez-kategorii"],"publishpress_future_action":{"enabled":false,"date":"2026-05-06 15:52:19","action":"change-status","newStatus":"draft","terms":[],"taxonomy":"category","extraData":[]},"publishpress_future_workflow_manual_trigger":{"enabledWorkflows":[]},"_links":{"self":[{"href":"https:\/\/wbp.lublin.pl\/index.php\/wp-json\/wp\/v2\/posts\/7648","targetHints":{"allow":["GET"]}}],"collection":[{"href":"https:\/\/wbp.lublin.pl\/index.php\/wp-json\/wp\/v2\/posts"}],"about":[{"href":"https:\/\/wbp.lublin.pl\/index.php\/wp-json\/wp\/v2\/types\/post"}],"author":[{"embeddable":true,"href":"https:\/\/wbp.lublin.pl\/index.php\/wp-json\/wp\/v2\/users\/18"}],"replies":[{"embeddable":true,"href":"https:\/\/wbp.lublin.pl\/index.php\/wp-json\/wp\/v2\/comments?post=7648"}],"version-history":[{"count":2,"href":"https:\/\/wbp.lublin.pl\/index.php\/wp-json\/wp\/v2\/posts\/7648\/revisions"}],"predecessor-version":[{"id":13230,"href":"https:\/\/wbp.lublin.pl\/index.php\/wp-json\/wp\/v2\/posts\/7648\/revisions\/13230"}],"wp:featuredmedia":[{"embeddable":true,"href":"https:\/\/wbp.lublin.pl\/index.php\/wp-json\/wp\/v2\/media\/7644"}],"wp:attachment":[{"href":"https:\/\/wbp.lublin.pl\/index.php\/wp-json\/wp\/v2\/media?parent=7648"}],"wp:term":[{"taxonomy":"category","embeddable":true,"href":"https:\/\/wbp.lublin.pl\/index.php\/wp-json\/wp\/v2\/categories?post=7648"},{"taxonomy":"post_tag","embeddable":true,"href":"https:\/\/wbp.lublin.pl\/index.php\/wp-json\/wp\/v2\/tags?post=7648"}],"curies":[{"name":"wp","href":"https:\/\/api.w.org\/{rel}","templated":true}]}}