{"id":7655,"date":"2011-06-15T11:10:22","date_gmt":"2011-06-15T09:10:22","guid":{"rendered":"https:\/\/wbp.lublin.pl8\/index.php\/2011\/06\/15\/marta-fox-w-stezycy-14-06-2011\/"},"modified":"2018-07-02T22:57:24","modified_gmt":"2018-07-02T20:57:24","slug":"marta-fox-w-stezycy-14-06-2011","status":"publish","type":"post","link":"https:\/\/wbp.lublin.pl\/index.php\/2011\/06\/15\/marta-fox-w-stezycy-14-06-2011\/","title":{"rendered":"Marta Fox w St\u0119\u017cycy (14. 06. 2011)"},"content":{"rendered":"<p>W Gminnej Bibliotece Publicznej w St\u0119\u017cycy\u00a0 14 czerwca b.r. odby\u0142o si\u0119 pierwsze spotkanie autorskie, kt\u00f3re zosta\u0142o zorganizowane w ramach Dyskusyjnego Klubu Ksi\u0105\u017cki.<br \/>\nDKK,\u00a0 to lokalne grupy czytelnicze dzia\u0142aj\u0105ce przy bibliotekach.<br \/>\nIch uczestnicy spotykaj\u0105 si\u0119 i wsp\u00f3lnie czytaj\u0105 ksi\u0105\u017cki, dyskutuj\u0105 o nich, pisz\u0105 recenzje.<br \/>\nProjekt ten jest adaptacj\u0105 brytyjskiej idei \u201erealing clubs\u201d \u2013 wsp\u00f3lnego czytania i wsp\u00f3lnej rozmowy o ksi\u0105\u017ckach.<br \/>\nProgram realizowany jest przy wsp\u00f3\u0142pracy Instytutu Ksi\u0105\u017cki oraz Wojew\u00f3dzkiej Biblioteki Publicznej w Lublinie, kt\u00f3r\u0105 reprezentuje Pani Magda W\u00f3jcikiewicz \u2013 koordynator wojew\u00f3dzki naszych dzia\u0142a\u0144.<br \/>\nNaszym szczeg\u00f3lnym Go\u015bciem, by\u0142a znana i lubiana pisarka, poetka i eseistka<br \/>\nPani Marta Fox.<br \/>\nTematem tw\u00f3rczo\u015bci prozatorskiej autorki s\u0105 problemy dzieci i m\u0142odzie\u017cy, zwi\u0105zane g\u0142\u00f3wnie<br \/>\nz dojrzewaniem emocjonalnym \u2013 Pani potrafi o tym pisa\u0107 bez zak\u0142amania i bardzo subtelnie.<br \/>\nPodbija swoimi ksi\u0105\u017ckami serca nastolatek, ale r\u00f3wnie\u017c dzi\u0119ki ostatnim powie\u015bciom<br \/>\n(n.p.: \u201eKobieta zakl\u0119ta w kamie\u0144\u201d) staje si\u0119 idolk\u0105 ich mam i bab\u0107.<br \/>\nZnana jest z lekkiego, gaw\u0119dziarskiego stylu. Rejestruje kobiec\u0105 stron\u0119 codzienno\u015bci,<br \/>\ndoskonale oddaj\u0105c specyfik\u0119 \u201ebabskiego do\u015bwiadczania \u015bwiata\u201d.<br \/>\nAutorka tworzy wiersze, powie\u015bci i opowiadania, bardzo cenione w \u015brodowisku literackim.<br \/>\nJest dwukrotn\u0105 laureatk\u0105 Grand Prix w Og\u00f3lnopolskim Konkursie Literatury Mi\u0142osnej.<br \/>\nZosta\u0142a wyr\u00f3\u017cniona w 1995 r. w konkursie \u201eKsi\u0105\u017ck\u0105 Roku\u201d.<br \/>\nW 2004 r. otrzyma\u0142a \u201eZ\u0142oty Telefon\u201d \u2013 honorowe odznaczenie \u201eNiebieskiej Linii\u201d \u2013Og\u00f3lnopolskiego Pogotowia do Walki z Przemoc\u0105 w Rodzinie.<br \/>\nW 2006 r. \u2013 Zas\u0142u\u017cony dla Kultury Polskiej.<br \/>\nNale\u017cy do wroc\u0142awskiego oddzia\u0142u Stowarzyszenia Pisarzy Polskich.<br \/>\nNasze spotkanie rozpocz\u0119\u0142o si\u0119 o godz. 12 i trwa\u0142o w bardzo serdecznej atmosferze<br \/>\nprzez 1,5\u00a0 godziny.<br \/>\nUczestniczy\u0142a w nim aktywna m\u0142odzie\u017c ze szk\u00f3\u0142 podstawowych i gimnazjum\u00a0 (St\u0119\u017cyca i Rokitna Nowa), nauczyciele, kole\u017canki\u00a0 z naszych filii bibliotecznych oraz cz\u0142onkowie DKK &#8211;\u00a0 og\u00f3\u0142em ponad 50 os\u00f3b.<br \/>\nWszyscy z zainteresowaniem s\u0142uchali czytanych przez autork\u0119 fragment\u00f3w jej ksi\u0105\u017cek, opowie\u015bci<br \/>\no procesie rodzenia si\u0119 nowych tytu\u0142\u00f3w i \u017cyciu prywatnym pisarki..<br \/>\nNast\u0119pnie zadawano pytania, na kt\u00f3re autorka udziela\u0142a szczerych odpowiedzi.<br \/>\nUczennica Paulina \u015awitaj, kt\u00f3ra pierwsza odwa\u017cy\u0142a si\u0119 zada\u0107 Pani Marcie pytanie dosta\u0142a w nagrod\u0119 najnowsz\u0105 ksi\u0105\u017ck\u0119 z autografem.<br \/>\nUczestnik\u00f3w spotkania interesowa\u0142o m.in.: \u201dSk\u0105d si\u0119 bierze pomys\u0142 na ksi\u0105\u017ck\u0119?\u201d, \u201eJak wygl\u0105da dzie\u0144 pracy pisarza?\u201d, \u201eKiedy jest najlepsza pora na pisanie?\u201d, pytali o jej kontakty<br \/>\nz wydawnictwem i czytelnikami, o pasj\u0119 pisania, o ulubione ksi\u0105\u017cki i pisarzy.<br \/>\nPo spotkaniu ka\u017cdy m\u00f3g\u0142 porozmawia\u0107 z autork\u0105, otrzyma\u0107 autograf i zrobi\u0107 pami\u0105tkowe zdj\u0119cie z Go\u015bciem.<br \/>\nPani Marta Fox jest otwarta dla innych, z dystansem do siebie i zadziwia znajomo\u015bci\u0105 problem\u00f3w wsp\u00f3\u0142czesnej m\u0142odzie\u017cy. Ma w sobie wiele spontaniczno\u015bci , ciep\u0142a oraz du\u017c\u0105 dawk\u0119 humoru<br \/>\ni pozytywnej energii.<br \/>\nJeden z uczni\u00f3w \u2013 Piotr\u00a0 G\u0142odek, po spotkaniu powiedzia\u0142: \u201eJa, nie mog\u0142em uwierzy\u0107, \u017ce to jest w\u0142a\u015bnie ta Pani, kt\u00f3ra napisa\u0142a ksi\u0105\u017ck\u0119, kt\u00f3r\u0105 w\u0142a\u015bnie sko\u0144czy\u0142em czyta\u0107\u2026ja czu\u0142em si\u0119 jak zahipnotyzowany\u201d.<br \/>\n<img data-dominant-color=\"7f7262\" data-has-transparency=\"false\" style=\"--dominant-color: #7f7262;\" loading=\"lazy\" decoding=\"async\" class=\"size-full wp-image-7650 not-transparent\" title=\"Marta Fox w St\u0119\u017cycy\" src=\"http:\/\/wbp.lublin.pl\/wp-content\/uploads\/2011\/06\/dkk_relacje_2011-06-14-Fox-Stezyca_Fox-Stezyca-14-06-2011-1.jpg\" alt=\"\" width=\"133\" height=\"100\" \/><img data-dominant-color=\"7c7063\" data-has-transparency=\"false\" style=\"--dominant-color: #7c7063;\" loading=\"lazy\" decoding=\"async\" class=\"size-full wp-image-7651 not-transparent\" title=\"Marta Fox w St\u0119\u017cycy\" src=\"http:\/\/wbp.lublin.pl\/wp-content\/uploads\/2011\/06\/dkk_relacje_2011-06-14-Fox-Stezyca_Fox-Stezyca-14-06-2011-2.jpg\" alt=\"\" width=\"133\" height=\"100\" \/><img data-dominant-color=\"7b695b\" data-has-transparency=\"false\" style=\"--dominant-color: #7b695b;\" loading=\"lazy\" decoding=\"async\" class=\"size-full wp-image-7652 not-transparent\" title=\"Marta Fox w St\u0119\u017cycy\" src=\"http:\/\/wbp.lublin.pl\/wp-content\/uploads\/2011\/06\/dkk_relacje_2011-06-14-Fox-Stezyca_Fox-Stezyca-14-06-2011-4.jpg\" alt=\"\" width=\"133\" height=\"100\" \/><img data-dominant-color=\"84776e\" data-has-transparency=\"false\" style=\"--dominant-color: #84776e;\" loading=\"lazy\" decoding=\"async\" class=\"size-full wp-image-7653 not-transparent\" title=\"Marta Fox w St\u0119\u017cycy\" src=\"http:\/\/wbp.lublin.pl\/wp-content\/uploads\/2011\/06\/dkk_relacje_2011-06-14-Fox-Stezyca_Fox-Stezyca-14-06-2011-5.jpg\" alt=\"\" width=\"133\" height=\"100\" \/><img data-dominant-color=\"7a6b59\" data-has-transparency=\"false\" style=\"--dominant-color: #7a6b59;\" loading=\"lazy\" decoding=\"async\" class=\"size-full wp-image-7654 not-transparent\" title=\"Marta Fox w St\u0119\u017cycy\" src=\"http:\/\/wbp.lublin.pl\/wp-content\/uploads\/2011\/06\/dkk_relacje_2011-06-14-Fox-Stezyca_Fox-Stezyca-14-06-2011-6.jpg\" alt=\"\" width=\"133\" height=\"100\" \/><\/p>\n","protected":false},"excerpt":{"rendered":"<p>W Gminnej Bibliotece Publicznej w St\u0119\u017cycy\u00a0 14 czerwca b.r. odby\u0142o si\u0119 pierwsze spotkanie autorskie, kt\u00f3re zosta\u0142o zorganizowane w ramach Dyskusyjnego Klubu Ksi\u0105\u017cki. DKK,\u00a0 to lokalne grupy czytelnicze dzia\u0142aj\u0105ce przy bibliotekach. [&hellip;]<\/p>\n","protected":false},"author":18,"featured_media":7650,"comment_status":"open","ping_status":"open","sticky":false,"template":"","format":"standard","meta":{"_tec_requires_first_save":true,"_crdt_document":"","pgc_sgb_lightbox_settings":"","_EventAllDay":false,"_EventTimezone":"","_EventStartDate":"","_EventEndDate":"","_EventStartDateUTC":"","_EventEndDateUTC":"","_EventShowMap":false,"_EventShowMapLink":false,"_EventURL":"","_EventCost":"","_EventCostDescription":"","_EventCurrencySymbol":"","_EventCurrencyCode":"","_EventCurrencyPosition":"","_EventDateTimeSeparator":"","_EventTimeRangeSeparator":"","_EventOrganizerID":[],"_EventVenueID":[],"_OrganizerEmail":"","_OrganizerPhone":"","_OrganizerWebsite":"","_VenueAddress":"","_VenueCity":"","_VenueCountry":"","_VenueProvince":"","_VenueState":"","_VenueZip":"","_VenuePhone":"","_VenueURL":"","_VenueStateProvince":"","_VenueLat":"","_VenueLng":"","_VenueShowMap":false,"_VenueShowMapLink":false,"_tribe_blocks_recurrence_rules":"","_tribe_blocks_recurrence_description":"","_tribe_blocks_recurrence_exclusions":"","footnotes":""},"categories":[1],"tags":[],"class_list":["post-7655","post","type-post","status-publish","format-standard","has-post-thumbnail","hentry","category-bez-kategorii"],"publishpress_future_action":{"enabled":false,"date":"2026-05-06 15:52:19","action":"change-status","newStatus":"draft","terms":[],"taxonomy":"category","extraData":[]},"publishpress_future_workflow_manual_trigger":{"enabledWorkflows":[]},"_links":{"self":[{"href":"https:\/\/wbp.lublin.pl\/index.php\/wp-json\/wp\/v2\/posts\/7655","targetHints":{"allow":["GET"]}}],"collection":[{"href":"https:\/\/wbp.lublin.pl\/index.php\/wp-json\/wp\/v2\/posts"}],"about":[{"href":"https:\/\/wbp.lublin.pl\/index.php\/wp-json\/wp\/v2\/types\/post"}],"author":[{"embeddable":true,"href":"https:\/\/wbp.lublin.pl\/index.php\/wp-json\/wp\/v2\/users\/18"}],"replies":[{"embeddable":true,"href":"https:\/\/wbp.lublin.pl\/index.php\/wp-json\/wp\/v2\/comments?post=7655"}],"version-history":[{"count":2,"href":"https:\/\/wbp.lublin.pl\/index.php\/wp-json\/wp\/v2\/posts\/7655\/revisions"}],"predecessor-version":[{"id":13227,"href":"https:\/\/wbp.lublin.pl\/index.php\/wp-json\/wp\/v2\/posts\/7655\/revisions\/13227"}],"wp:featuredmedia":[{"embeddable":true,"href":"https:\/\/wbp.lublin.pl\/index.php\/wp-json\/wp\/v2\/media\/7650"}],"wp:attachment":[{"href":"https:\/\/wbp.lublin.pl\/index.php\/wp-json\/wp\/v2\/media?parent=7655"}],"wp:term":[{"taxonomy":"category","embeddable":true,"href":"https:\/\/wbp.lublin.pl\/index.php\/wp-json\/wp\/v2\/categories?post=7655"},{"taxonomy":"post_tag","embeddable":true,"href":"https:\/\/wbp.lublin.pl\/index.php\/wp-json\/wp\/v2\/tags?post=7655"}],"curies":[{"name":"wp","href":"https:\/\/api.w.org\/{rel}","templated":true}]}}