{"id":76906,"date":"2025-12-12T08:33:00","date_gmt":"2025-12-12T07:33:00","guid":{"rendered":"https:\/\/wbp.lublin.pl\/?p=76906"},"modified":"2025-12-15T09:30:49","modified_gmt":"2025-12-15T08:30:49","slug":"spotkanie-autorskie-z-katarzyna-rygiel-w-obiektywie","status":"publish","type":"post","link":"https:\/\/wbp.lublin.pl\/index.php\/2025\/12\/12\/spotkanie-autorskie-z-katarzyna-rygiel-w-obiektywie\/","title":{"rendered":"Spotkanie autorskie z Katarzyn\u0105 Rygiel w obiektywie"},"content":{"rendered":"\n<!--more-->\n\n\n\n<p class=\"wp-block-paragraph\">28 listopada 2025 r. w Wojew\u00f3dzkiej Bibliotece Publicznej im. Hieronima \u0141opaci\u0144skiego w Lublinie odby\u0142o si\u0119 spotkanie autorskie po\u0142\u0105czone z warsztatami edukacyjnymi, kt\u00f3re poprowadzi\u0142a Katarzyna Rygiel \u2013 laureatka VI Konkursu im. Astrid Lindgren organizowanego przez Fundacj\u0119 ABC21 \u2013 Ca\u0142a Polska Czyta Dzieciom. W 2023 roku autorka zdoby\u0142a Grand Prix za ksi\u0105\u017ck\u0119 <em>Porozmawiajmy o sztuce, Tygrysie<\/em>.  Wydarzenie skierowane by\u0142o do m\u0142odych czytelnik\u00f3w zainteresowanych literatur\u0105 oraz edukacj\u0105 artystyczn\u0105. Uczestnicy mieli okazj\u0119 wys\u0142ucha\u0107 autorskiej prezentacji publikacji, a nast\u0119pnie wzi\u0105\u0107 udzia\u0142 w warsztatach po\u015bwi\u0119conych wprowadzeniu dzieci i m\u0142odzie\u017cy w \u015bwiat sztuki. Zaj\u0119cia spotka\u0142y si\u0119 z du\u017cym zainteresowaniem i aktywno\u015bci\u0105 odbiorc\u00f3w. Spotkanie stanowi\u0142o wa\u017cny element dzia\u0142a\u0144 Biblioteki na rzecz upowszechniania czytelnictwa i wspierania literatury dzieci\u0119cej, a jednocze\u015bnie akcentowa\u0142o znaczenie edukacji artystycznej w kszta\u0142towaniu wra\u017cliwo\u015bci m\u0142odych odbiorc\u00f3w.<\/p>\n\n\n\n<figure class=\"wp-block-gallery has-nested-images columns-3 is-cropped wp-block-gallery-1 is-layout-flex wp-block-gallery-is-layout-flex\">\n<figure class=\"wp-block-image size-large\"><a href=\"https:\/\/wbp.lublin.pl\/wp-content\/uploads\/2025\/12\/5342c178-d193-4d91-80c4-f369a442dce6.webp\"><img data-dominant-color=\"82776f\" data-has-transparency=\"false\" loading=\"lazy\" decoding=\"async\" width=\"810\" height=\"1080\" sizes=\"auto, (max-width: 810px) 100vw, 810px\" data-id=\"76908\" src=\"https:\/\/wbp.lublin.pl\/wp-content\/uploads\/2025\/12\/5342c178-d193-4d91-80c4-f369a442dce6-810x1080.webp\" alt=\"Spotkanie autorskie z Katarzyn\u0105 Rygiel w obiektywie\" class=\"wp-image-76908 not-transparent\" style=\"--dominant-color: #82776f; aspect-ratio:4\/3\" srcset=\"https:\/\/wbp.lublin.pl\/wp-content\/uploads\/2025\/12\/5342c178-d193-4d91-80c4-f369a442dce6-810x1080.webp 810w, https:\/\/wbp.lublin.pl\/wp-content\/uploads\/2025\/12\/5342c178-d193-4d91-80c4-f369a442dce6-450x600.webp 450w, https:\/\/wbp.lublin.pl\/wp-content\/uploads\/2025\/12\/5342c178-d193-4d91-80c4-f369a442dce6-300x400.webp 300w, https:\/\/wbp.lublin.pl\/wp-content\/uploads\/2025\/12\/5342c178-d193-4d91-80c4-f369a442dce6-768x1024.webp 768w, https:\/\/wbp.lublin.pl\/wp-content\/uploads\/2025\/12\/5342c178-d193-4d91-80c4-f369a442dce6-1152x1536.webp 1152w, https:\/\/wbp.lublin.pl\/wp-content\/uploads\/2025\/12\/5342c178-d193-4d91-80c4-f369a442dce6-947x1263.webp 947w, https:\/\/wbp.lublin.pl\/wp-content\/uploads\/2025\/12\/5342c178-d193-4d91-80c4-f369a442dce6-624x832.webp 624w, https:\/\/wbp.lublin.pl\/wp-content\/uploads\/2025\/12\/5342c178-d193-4d91-80c4-f369a442dce6.webp 1200w\" \/><\/a><figcaption class=\"wp-element-caption\">Go\u015bci spotkani powita\u0142 Andrzej Rolla &#8211; Dyrektor Wojew\u00f3dzkiej Biblioteki Publicznej im. Hieronima \u0141opaci\u0144skiego w Lublinie<\/figcaption><\/figure>\n\n\n\n<figure class=\"wp-block-image size-large\"><a href=\"https:\/\/wbp.lublin.pl\/wp-content\/uploads\/2025\/12\/134cb237-1207-45a1-a6d9-f7912dcc2923.webp\"><img data-dominant-color=\"7a6f6d\" data-has-transparency=\"false\" loading=\"lazy\" decoding=\"async\" width=\"810\" height=\"1080\" sizes=\"auto, (max-width: 810px) 100vw, 810px\" data-id=\"76913\" src=\"https:\/\/wbp.lublin.pl\/wp-content\/uploads\/2025\/12\/134cb237-1207-45a1-a6d9-f7912dcc2923-810x1080.webp\" alt=\"Spotkanie autorskie z Katarzyn\u0105 Rygiel w obiektywie\" class=\"wp-image-76913 not-transparent\" style=\"--dominant-color: #7a6f6d; aspect-ratio:4\/3\" srcset=\"https:\/\/wbp.lublin.pl\/wp-content\/uploads\/2025\/12\/134cb237-1207-45a1-a6d9-f7912dcc2923-810x1080.webp 810w, https:\/\/wbp.lublin.pl\/wp-content\/uploads\/2025\/12\/134cb237-1207-45a1-a6d9-f7912dcc2923-450x600.webp 450w, https:\/\/wbp.lublin.pl\/wp-content\/uploads\/2025\/12\/134cb237-1207-45a1-a6d9-f7912dcc2923-300x400.webp 300w, https:\/\/wbp.lublin.pl\/wp-content\/uploads\/2025\/12\/134cb237-1207-45a1-a6d9-f7912dcc2923-768x1024.webp 768w, https:\/\/wbp.lublin.pl\/wp-content\/uploads\/2025\/12\/134cb237-1207-45a1-a6d9-f7912dcc2923-1152x1536.webp 1152w, https:\/\/wbp.lublin.pl\/wp-content\/uploads\/2025\/12\/134cb237-1207-45a1-a6d9-f7912dcc2923-947x1263.webp 947w, https:\/\/wbp.lublin.pl\/wp-content\/uploads\/2025\/12\/134cb237-1207-45a1-a6d9-f7912dcc2923-624x832.webp 624w, https:\/\/wbp.lublin.pl\/wp-content\/uploads\/2025\/12\/134cb237-1207-45a1-a6d9-f7912dcc2923.webp 1200w\" \/><\/a><figcaption class=\"wp-element-caption\">Spotkanie autorskie z Katarzyn\u0105 Rygiel<\/figcaption><\/figure>\n\n\n\n<figure class=\"wp-block-image size-large\"><a href=\"https:\/\/wbp.lublin.pl\/wp-content\/uploads\/2025\/12\/9e044a8c-64eb-4498-816f-3fefc6b3c37f.webp\"><img data-dominant-color=\"786f66\" data-has-transparency=\"false\" loading=\"lazy\" decoding=\"async\" width=\"552\" height=\"1080\" sizes=\"auto, (max-width: 552px) 100vw, 552px\" data-id=\"76916\" src=\"https:\/\/wbp.lublin.pl\/wp-content\/uploads\/2025\/12\/9e044a8c-64eb-4498-816f-3fefc6b3c37f-552x1080.webp\" alt=\"Spotkanie autorskie z Katarzyn\u0105 Rygiel w obiektywie\" class=\"wp-image-76916 not-transparent\" style=\"--dominant-color: #786f66; aspect-ratio:4\/3\" srcset=\"https:\/\/wbp.lublin.pl\/wp-content\/uploads\/2025\/12\/9e044a8c-64eb-4498-816f-3fefc6b3c37f-552x1080.webp 552w, https:\/\/wbp.lublin.pl\/wp-content\/uploads\/2025\/12\/9e044a8c-64eb-4498-816f-3fefc6b3c37f-307x600.webp 307w, https:\/\/wbp.lublin.pl\/wp-content\/uploads\/2025\/12\/9e044a8c-64eb-4498-816f-3fefc6b3c37f-204x400.webp 204w, https:\/\/wbp.lublin.pl\/wp-content\/uploads\/2025\/12\/9e044a8c-64eb-4498-816f-3fefc6b3c37f-768x1503.webp 768w, https:\/\/wbp.lublin.pl\/wp-content\/uploads\/2025\/12\/9e044a8c-64eb-4498-816f-3fefc6b3c37f-785x1536.webp 785w, https:\/\/wbp.lublin.pl\/wp-content\/uploads\/2025\/12\/9e044a8c-64eb-4498-816f-3fefc6b3c37f-947x1853.webp 947w, https:\/\/wbp.lublin.pl\/wp-content\/uploads\/2025\/12\/9e044a8c-64eb-4498-816f-3fefc6b3c37f-624x1221.webp 624w, https:\/\/wbp.lublin.pl\/wp-content\/uploads\/2025\/12\/9e044a8c-64eb-4498-816f-3fefc6b3c37f.webp 981w\" \/><\/a><figcaption class=\"wp-element-caption\">Spotkanie autorskie z Katarzyn\u0105 Rygiel<\/figcaption><\/figure>\n\n\n\n<figure class=\"wp-block-image size-large\"><a href=\"https:\/\/wbp.lublin.pl\/wp-content\/uploads\/2025\/12\/6a5b3cf7-12f6-4f84-9dd3-fb3ba4ae0af9.webp\"><img data-dominant-color=\"706c69\" data-has-transparency=\"false\" loading=\"lazy\" decoding=\"async\" width=\"608\" height=\"1080\" sizes=\"auto, (max-width: 608px) 100vw, 608px\" data-id=\"76918\" src=\"https:\/\/wbp.lublin.pl\/wp-content\/uploads\/2025\/12\/6a5b3cf7-12f6-4f84-9dd3-fb3ba4ae0af9-608x1080.webp\" alt=\"Spotkanie autorskie z Katarzyn\u0105 Rygiel w obiektywie\" class=\"wp-image-76918 not-transparent\" style=\"--dominant-color: #706c69; aspect-ratio:4\/3\" srcset=\"https:\/\/wbp.lublin.pl\/wp-content\/uploads\/2025\/12\/6a5b3cf7-12f6-4f84-9dd3-fb3ba4ae0af9-608x1080.webp 608w, https:\/\/wbp.lublin.pl\/wp-content\/uploads\/2025\/12\/6a5b3cf7-12f6-4f84-9dd3-fb3ba4ae0af9-338x600.webp 338w, https:\/\/wbp.lublin.pl\/wp-content\/uploads\/2025\/12\/6a5b3cf7-12f6-4f84-9dd3-fb3ba4ae0af9-225x400.webp 225w, https:\/\/wbp.lublin.pl\/wp-content\/uploads\/2025\/12\/6a5b3cf7-12f6-4f84-9dd3-fb3ba4ae0af9-768x1365.webp 768w, https:\/\/wbp.lublin.pl\/wp-content\/uploads\/2025\/12\/6a5b3cf7-12f6-4f84-9dd3-fb3ba4ae0af9-864x1536.webp 864w, https:\/\/wbp.lublin.pl\/wp-content\/uploads\/2025\/12\/6a5b3cf7-12f6-4f84-9dd3-fb3ba4ae0af9-947x1684.webp 947w, https:\/\/wbp.lublin.pl\/wp-content\/uploads\/2025\/12\/6a5b3cf7-12f6-4f84-9dd3-fb3ba4ae0af9-624x1109.webp 624w, https:\/\/wbp.lublin.pl\/wp-content\/uploads\/2025\/12\/6a5b3cf7-12f6-4f84-9dd3-fb3ba4ae0af9.webp 1080w\" \/><\/a><figcaption class=\"wp-element-caption\">Spotkanie prowadzi\u0142a Katarzyna Michalik (Dzia\u0142 Udost\u0119pniania. Multimedia)<\/figcaption><\/figure>\n\n\n\n<figure class=\"wp-block-image size-large\"><a href=\"https:\/\/wbp.lublin.pl\/wp-content\/uploads\/2025\/12\/3fe68fb9-96ac-4cdc-bc8c-0d1cfb08ee8f.webp\"><img data-dominant-color=\"7f7a75\" data-has-transparency=\"false\" loading=\"lazy\" decoding=\"async\" width=\"810\" height=\"1080\" sizes=\"auto, (max-width: 810px) 100vw, 810px\" data-id=\"76919\" src=\"https:\/\/wbp.lublin.pl\/wp-content\/uploads\/2025\/12\/3fe68fb9-96ac-4cdc-bc8c-0d1cfb08ee8f-810x1080.webp\" alt=\"Spotkanie autorskie z Katarzyn\u0105 Rygiel w obiektywie\" class=\"wp-image-76919 not-transparent\" style=\"--dominant-color: #7f7a75; aspect-ratio:4\/3\" srcset=\"https:\/\/wbp.lublin.pl\/wp-content\/uploads\/2025\/12\/3fe68fb9-96ac-4cdc-bc8c-0d1cfb08ee8f-810x1080.webp 810w, https:\/\/wbp.lublin.pl\/wp-content\/uploads\/2025\/12\/3fe68fb9-96ac-4cdc-bc8c-0d1cfb08ee8f-450x600.webp 450w, https:\/\/wbp.lublin.pl\/wp-content\/uploads\/2025\/12\/3fe68fb9-96ac-4cdc-bc8c-0d1cfb08ee8f-300x400.webp 300w, https:\/\/wbp.lublin.pl\/wp-content\/uploads\/2025\/12\/3fe68fb9-96ac-4cdc-bc8c-0d1cfb08ee8f-768x1024.webp 768w, https:\/\/wbp.lublin.pl\/wp-content\/uploads\/2025\/12\/3fe68fb9-96ac-4cdc-bc8c-0d1cfb08ee8f-1152x1536.webp 1152w, https:\/\/wbp.lublin.pl\/wp-content\/uploads\/2025\/12\/3fe68fb9-96ac-4cdc-bc8c-0d1cfb08ee8f-947x1263.webp 947w, https:\/\/wbp.lublin.pl\/wp-content\/uploads\/2025\/12\/3fe68fb9-96ac-4cdc-bc8c-0d1cfb08ee8f-624x832.webp 624w, https:\/\/wbp.lublin.pl\/wp-content\/uploads\/2025\/12\/3fe68fb9-96ac-4cdc-bc8c-0d1cfb08ee8f.webp 1200w\" \/><\/a><figcaption class=\"wp-element-caption\">Katarzyna Rygiel<\/figcaption><\/figure>\n\n\n\n<figure class=\"wp-block-image size-large\"><a href=\"https:\/\/wbp.lublin.pl\/wp-content\/uploads\/2025\/12\/d341f81d-d2cf-4908-a2ce-7e6355a20131.webp\"><img data-dominant-color=\"767062\" data-has-transparency=\"false\" loading=\"lazy\" decoding=\"async\" width=\"608\" height=\"1080\" sizes=\"auto, (max-width: 608px) 100vw, 608px\" data-id=\"76907\" src=\"https:\/\/wbp.lublin.pl\/wp-content\/uploads\/2025\/12\/d341f81d-d2cf-4908-a2ce-7e6355a20131-608x1080.webp\" alt=\"Spotkanie autorskie z Katarzyn\u0105 Rygiel w obiektywie\" class=\"wp-image-76907 not-transparent\" style=\"--dominant-color: #767062; aspect-ratio:4\/3\" srcset=\"https:\/\/wbp.lublin.pl\/wp-content\/uploads\/2025\/12\/d341f81d-d2cf-4908-a2ce-7e6355a20131-608x1080.webp 608w, https:\/\/wbp.lublin.pl\/wp-content\/uploads\/2025\/12\/d341f81d-d2cf-4908-a2ce-7e6355a20131-338x600.webp 338w, https:\/\/wbp.lublin.pl\/wp-content\/uploads\/2025\/12\/d341f81d-d2cf-4908-a2ce-7e6355a20131-225x400.webp 225w, https:\/\/wbp.lublin.pl\/wp-content\/uploads\/2025\/12\/d341f81d-d2cf-4908-a2ce-7e6355a20131-768x1365.webp 768w, https:\/\/wbp.lublin.pl\/wp-content\/uploads\/2025\/12\/d341f81d-d2cf-4908-a2ce-7e6355a20131-864x1536.webp 864w, https:\/\/wbp.lublin.pl\/wp-content\/uploads\/2025\/12\/d341f81d-d2cf-4908-a2ce-7e6355a20131-947x1684.webp 947w, https:\/\/wbp.lublin.pl\/wp-content\/uploads\/2025\/12\/d341f81d-d2cf-4908-a2ce-7e6355a20131-624x1109.webp 624w, https:\/\/wbp.lublin.pl\/wp-content\/uploads\/2025\/12\/d341f81d-d2cf-4908-a2ce-7e6355a20131.webp 1080w\" \/><\/a><figcaption class=\"wp-element-caption\">Spotkanie autorskie z Katarzyn\u0105 Rygiel<\/figcaption><\/figure>\n\n\n\n<figure class=\"wp-block-image size-large\"><a href=\"https:\/\/wbp.lublin.pl\/wp-content\/uploads\/2025\/12\/589aa9c4-537a-4291-80ae-5350acf8a242.webp\"><img data-dominant-color=\"908981\" data-has-transparency=\"false\" loading=\"lazy\" decoding=\"async\" width=\"810\" height=\"1080\" sizes=\"auto, (max-width: 810px) 100vw, 810px\" data-id=\"76910\" src=\"https:\/\/wbp.lublin.pl\/wp-content\/uploads\/2025\/12\/589aa9c4-537a-4291-80ae-5350acf8a242-810x1080.webp\" alt=\"Spotkanie autorskie z Katarzyn\u0105 Rygiel w obiektywie\" class=\"wp-image-76910 not-transparent\" style=\"--dominant-color: #908981; aspect-ratio:4\/3\" srcset=\"https:\/\/wbp.lublin.pl\/wp-content\/uploads\/2025\/12\/589aa9c4-537a-4291-80ae-5350acf8a242-810x1080.webp 810w, https:\/\/wbp.lublin.pl\/wp-content\/uploads\/2025\/12\/589aa9c4-537a-4291-80ae-5350acf8a242-450x600.webp 450w, https:\/\/wbp.lublin.pl\/wp-content\/uploads\/2025\/12\/589aa9c4-537a-4291-80ae-5350acf8a242-300x400.webp 300w, https:\/\/wbp.lublin.pl\/wp-content\/uploads\/2025\/12\/589aa9c4-537a-4291-80ae-5350acf8a242-768x1024.webp 768w, https:\/\/wbp.lublin.pl\/wp-content\/uploads\/2025\/12\/589aa9c4-537a-4291-80ae-5350acf8a242-1152x1536.webp 1152w, https:\/\/wbp.lublin.pl\/wp-content\/uploads\/2025\/12\/589aa9c4-537a-4291-80ae-5350acf8a242-947x1263.webp 947w, https:\/\/wbp.lublin.pl\/wp-content\/uploads\/2025\/12\/589aa9c4-537a-4291-80ae-5350acf8a242-624x832.webp 624w, https:\/\/wbp.lublin.pl\/wp-content\/uploads\/2025\/12\/589aa9c4-537a-4291-80ae-5350acf8a242.webp 1200w\" \/><\/a><\/figure>\n<\/figure>\n\n\n\n<p class=\"wp-block-paragraph\">Fot. Dzia\u0142 Udost\u0119pniania. Multimedia <\/p>\n","protected":false},"excerpt":{"rendered":"","protected":false},"author":21,"featured_media":76910,"comment_status":"closed","ping_status":"closed","sticky":false,"template":"","format":"standard","meta":{"_tec_requires_first_save":true,"_crdt_document":"","pgc_sgb_lightbox_settings":"","_EventAllDay":false,"_EventTimezone":"","_EventStartDate":"","_EventEndDate":"","_EventStartDateUTC":"","_EventEndDateUTC":"","_EventShowMap":false,"_EventShowMapLink":false,"_EventURL":"","_EventCost":"","_EventCostDescription":"","_EventCurrencySymbol":"","_EventCurrencyCode":"","_EventCurrencyPosition":"","_EventDateTimeSeparator":"","_EventTimeRangeSeparator":"","_EventOrganizerID":[],"_EventVenueID":[],"_OrganizerEmail":"","_OrganizerPhone":"","_OrganizerWebsite":"","_VenueAddress":"","_VenueCity":"","_VenueCountry":"","_VenueProvince":"","_VenueState":"","_VenueZip":"","_VenuePhone":"","_VenueURL":"","_VenueStateProvince":"","_VenueLat":"","_VenueLng":"","_VenueShowMap":false,"_VenueShowMapLink":false,"_tribe_blocks_recurrence_rules":"","_tribe_blocks_recurrence_description":"","_tribe_blocks_recurrence_exclusions":"","footnotes":""},"categories":[537,540,10,54],"tags":[],"class_list":["post-76906","post","type-post","status-publish","format-standard","has-post-thumbnail","hentry","category-archiwum-wydarzen","category-spotkania-autorskie-w-obiektywie","category-aktualnosci","category-spotkania"],"publishpress_future_action":{"enabled":false,"date":"2026-05-09 06:16:10","action":"change-status","newStatus":"draft","terms":[],"taxonomy":"category","extraData":[]},"publishpress_future_workflow_manual_trigger":{"enabledWorkflows":[]},"_links":{"self":[{"href":"https:\/\/wbp.lublin.pl\/index.php\/wp-json\/wp\/v2\/posts\/76906","targetHints":{"allow":["GET"]}}],"collection":[{"href":"https:\/\/wbp.lublin.pl\/index.php\/wp-json\/wp\/v2\/posts"}],"about":[{"href":"https:\/\/wbp.lublin.pl\/index.php\/wp-json\/wp\/v2\/types\/post"}],"author":[{"embeddable":true,"href":"https:\/\/wbp.lublin.pl\/index.php\/wp-json\/wp\/v2\/users\/21"}],"replies":[{"embeddable":true,"href":"https:\/\/wbp.lublin.pl\/index.php\/wp-json\/wp\/v2\/comments?post=76906"}],"version-history":[{"count":1,"href":"https:\/\/wbp.lublin.pl\/index.php\/wp-json\/wp\/v2\/posts\/76906\/revisions"}],"predecessor-version":[{"id":76923,"href":"https:\/\/wbp.lublin.pl\/index.php\/wp-json\/wp\/v2\/posts\/76906\/revisions\/76923"}],"wp:featuredmedia":[{"embeddable":true,"href":"https:\/\/wbp.lublin.pl\/index.php\/wp-json\/wp\/v2\/media\/76910"}],"wp:attachment":[{"href":"https:\/\/wbp.lublin.pl\/index.php\/wp-json\/wp\/v2\/media?parent=76906"}],"wp:term":[{"taxonomy":"category","embeddable":true,"href":"https:\/\/wbp.lublin.pl\/index.php\/wp-json\/wp\/v2\/categories?post=76906"},{"taxonomy":"post_tag","embeddable":true,"href":"https:\/\/wbp.lublin.pl\/index.php\/wp-json\/wp\/v2\/tags?post=76906"}],"curies":[{"name":"wp","href":"https:\/\/api.w.org\/{rel}","templated":true}]}}