{"id":7691,"date":"2012-03-16T12:21:31","date_gmt":"2012-03-16T11:21:31","guid":{"rendered":"https:\/\/wbp.lublin.pl8\/index.php\/2012\/03\/16\/ewa-nowak-w-aleksandrowie-06-03-2012\/"},"modified":"2018-07-02T22:57:23","modified_gmt":"2018-07-02T20:57:23","slug":"ewa-nowak-w-aleksandrowie-06-03-2012","status":"publish","type":"post","link":"https:\/\/wbp.lublin.pl\/index.php\/2012\/03\/16\/ewa-nowak-w-aleksandrowie-06-03-2012\/","title":{"rendered":"Ewa Nowak w Aleksandrowie (06. 03. 2012)"},"content":{"rendered":"<p><!-- [if gte mso 9]><xml>     Normal   0   21         false   false   false                             MicrosoftInternetExplorer4   <\/xml><![endif][if gte mso 9]><![endif][if gte mso 10]>\n\n\n\n<style>  \/* Style Definitions *\/  table.MsoNormalTable \t{ \tmso-style-parent:\"\"; \tfont-size:10.0pt;\"Times New Roman\";} <\/style>\n\n <![endif]--><\/p>\n<p><b>Ewa Nowak<\/b>&#8211; <b>Ewa Nowak<\/b> urodzi\u0142a si\u0119 w 1966 roku w Warszawie, z wykszta\u0142cenia jest pedagogiem terapeut\u0105. Wsp\u00f3\u0142pracuje z wieloma czasopismami. W 2002 roku ukaza\u0142a si\u0119 jej pierwsza powie\u015b\u0107 \u2013 \u201eWszystko, tylko nie mi\u0119ta\u201d. Obecnie na rynku dost\u0119pnych jest ju\u017c ponad dwadzie\u015bcia tytu\u0142\u00f3w. Ewa Nowak prowadzi tak\u017ce, co roku wiele spotka\u0144 autorskich w ca\u0142ej Polsce. W 2009 roku powie\u015b\u0107 Paj\u0105czek na rowerze otrzyma\u0142a wyr\u00f3\u017cnienie w I Konkursie Literatury Dzieci\u0119cej im. Haliny Skrobiszewskiej. W 2009 roku powie\u015b\u0107 \u201eBardzo bia\u0142a wrona\u201d otrzyma\u0142a tytu\u0142 Ksi\u0105\u017cki Roku Stowarzyszenia Przyjaci\u00f3\u0142 Ksi\u0105\u017cki dla M\u0142odych Polskiej Sekcji IBBY w kategorii literatura m\u0142odzie\u017cowa.<\/p>\n<div style=\"text-align: right;\"><i>\u017ar\u00f3d\u0142o: www.ewanowak.com<\/i><\/div>\n<div align=\"center\"><b>\u00a0<\/b><\/div>\n<div><\/div>\n<p>6 marca bie\u017c\u0105cego roku czytelnik\u00f3w w Aleksandrowie odwiedzi\u0142a Ewa Nowak i by\u0142o to niezapomniane wydarzenie. Ksi\u0105\u017cki pisarki w Gminnej Bibliotece Publicznej w Aleksandrowie ciesz\u0105 si\u0119 uznaniem. M\u0142odzi ludzie ceni\u0105 je za realizm opisywanych sytuacji oraz za to, \u017ce odnajduj\u0105 w nich swoje portrety, rozterki a czasem odpowiedzi.<\/p>\n<p>W spotkaniu uczestniczy\u0142y uczennice z gimnazjum i szko\u0142y podstawowej.<\/p>\n<p style=\"text-align: center;\"><img data-dominant-color=\"5f5b59\" data-has-transparency=\"false\" style=\"--dominant-color: #5f5b59;\" loading=\"lazy\" decoding=\"async\" class=\"size-full wp-image-7687 not-transparent\" title=\"Ewa Nowak w Aleksandrowie 06. 03. 2012.\" src=\"http:\/\/wbp.lublin.pl\/wp-content\/uploads\/2012\/03\/dkk_relacje_2012-03-06-Nowak-Aleksandrow_IMG_0186.JPG\" alt=\"\" width=\"133\" height=\"100\" \/><img data-dominant-color=\"5b4a4e\" data-has-transparency=\"false\" style=\"--dominant-color: #5b4a4e;\" loading=\"lazy\" decoding=\"async\" class=\"size-full wp-image-7688 not-transparent\" title=\"Ewa Nowak w Aleksandrowie 06. 03. 2012.\" src=\"http:\/\/wbp.lublin.pl\/wp-content\/uploads\/2012\/03\/dkk_relacje_2012-03-06-Nowak-Aleksandrow_IMG_0206.JPG\" alt=\"\" width=\"133\" height=\"100\" \/><\/p>\n<p>Pisarka bardzo interesuj\u0105co opowiada\u0142a o swoim warsztacie literackim, najnowszych powie\u015bciach, ale r\u00f3wnie\u017c wspomina\u0142a swoje dzieci\u0144stwo. Zaprosi\u0142a r\u00f3wnie\u017c uczestnik\u00f3w do r\u00f3\u017cnych zada\u0144. Mi\u0119dzy m\u0142odzie\u017c\u0105 a autork\u0105 bardzo szybko nawi\u0105za\u0142a si\u0119 mocna ni\u0107 porozumienia. Bardzo ch\u0119tnie i wyczerpuj\u0105co odpowiada\u0142a ona na wszystkie zadawane pytania, a wr\u0119cz pozwoli\u0142a, aby to one wyznacza\u0142y kierunek spotkania. Na zako\u0144czenie wszyscy czytelnicy otrzymali od pisarki autografy a organizatorzy pami\u0105tkowe wpisy. Dziewcz\u0119ta z DKK wr\u0119czy\u0142y jej r\u0119cznie wykonany bukiet, w kt\u00f3rym znalaz\u0142y si\u0119 nie kwiaty, lecz ok\u0142adki jej ksi\u0105\u017cek.<\/p>\n<p style=\"text-align: center;\"><img data-dominant-color=\"937f7c\" data-has-transparency=\"false\" style=\"--dominant-color: #937f7c;\" loading=\"lazy\" decoding=\"async\" class=\"size-full wp-image-7689 not-transparent\" title=\"Ewa Nowak w Aleksandrowie 06. 03. 2012.\" src=\"http:\/\/wbp.lublin.pl\/wp-content\/uploads\/2012\/03\/dkk_relacje_2012-03-06-Nowak-Aleksandrow_IMG_0209.JPG\" alt=\"\" width=\"133\" height=\"100\" \/><img data-dominant-color=\"8a8480\" data-has-transparency=\"false\" style=\"--dominant-color: #8a8480;\" loading=\"lazy\" decoding=\"async\" class=\"size-full wp-image-7690 not-transparent\" title=\"Ewa Nowak w Aleksandrowie 06. 03. 2012.\" src=\"http:\/\/wbp.lublin.pl\/wp-content\/uploads\/2012\/03\/dkk_relacje_2012-03-06-Nowak-Aleksandrow_IMG_0233.JPG\" alt=\"\" width=\"133\" height=\"100\" \/><\/p>\n<p>Uczestnicy nie tylko poznali lepiej tw\u00f3rczo\u015b\u0107 Ewy Nowak, ale r\u00f3wnie\u017c jak sami podkre\u015blali dowiedzieli si\u0119 od niej wielu ciekawych rzeczy zwi\u0105zanych z postrzeganiem samego siebie i otaczaj\u0105cego \u015bwiata. Organizatorem spotkania by\u0142a Gminna Biblioteka Publiczna w Aleksandrowie i Dyskusyjny Klub Ksi\u0105\u017cki \u201eOk\u0142adka\u201d. Wydarzenie to by\u0142o mo\u017cliwe tak\u017ce dzi\u0119ki programowi Dyskusyjne Kluby Ksi\u0105\u017cki, kt\u00f3ry jest realizowany we wsp\u00f3\u0142pracy z Instytutem Ksi\u0105\u017cki. Czytelnicy z niecierpliwo\u015bci\u0105 czekaj\u0105 ju\u017c na kolejne spotkanie autorskie, bo jak zawsze poszukiwaniami literackimi zaskakuje koordynator DKK na teren wojew\u00f3dztwa lubelskiego Magda W\u00f3jcikiewicz.<\/p>\n","protected":false},"excerpt":{"rendered":"<p>Ewa Nowak&#8211; Ewa Nowak urodzi\u0142a si\u0119 w 1966 roku w Warszawie, z wykszta\u0142cenia jest pedagogiem terapeut\u0105. Wsp\u00f3\u0142pracuje z wieloma czasopismami. W 2002 roku ukaza\u0142a si\u0119 jej pierwsza powie\u015b\u0107 \u2013 \u201eWszystko, [&hellip;]<\/p>\n","protected":false},"author":18,"featured_media":7687,"comment_status":"open","ping_status":"open","sticky":false,"template":"","format":"standard","meta":{"_tec_requires_first_save":true,"_crdt_document":"","pgc_sgb_lightbox_settings":"","_EventAllDay":false,"_EventTimezone":"","_EventStartDate":"","_EventEndDate":"","_EventStartDateUTC":"","_EventEndDateUTC":"","_EventShowMap":false,"_EventShowMapLink":false,"_EventURL":"","_EventCost":"","_EventCostDescription":"","_EventCurrencySymbol":"","_EventCurrencyCode":"","_EventCurrencyPosition":"","_EventDateTimeSeparator":"","_EventTimeRangeSeparator":"","_EventOrganizerID":[],"_EventVenueID":[],"_OrganizerEmail":"","_OrganizerPhone":"","_OrganizerWebsite":"","_VenueAddress":"","_VenueCity":"","_VenueCountry":"","_VenueProvince":"","_VenueState":"","_VenueZip":"","_VenuePhone":"","_VenueURL":"","_VenueStateProvince":"","_VenueLat":"","_VenueLng":"","_VenueShowMap":false,"_VenueShowMapLink":false,"_tribe_blocks_recurrence_rules":"","_tribe_blocks_recurrence_description":"","_tribe_blocks_recurrence_exclusions":"","footnotes":""},"categories":[1],"tags":[],"class_list":["post-7691","post","type-post","status-publish","format-standard","has-post-thumbnail","hentry","category-bez-kategorii"],"publishpress_future_action":{"enabled":false,"date":"2026-05-06 15:53:55","action":"change-status","newStatus":"draft","terms":[],"taxonomy":"category","extraData":[]},"publishpress_future_workflow_manual_trigger":{"enabledWorkflows":[]},"_links":{"self":[{"href":"https:\/\/wbp.lublin.pl\/index.php\/wp-json\/wp\/v2\/posts\/7691","targetHints":{"allow":["GET"]}}],"collection":[{"href":"https:\/\/wbp.lublin.pl\/index.php\/wp-json\/wp\/v2\/posts"}],"about":[{"href":"https:\/\/wbp.lublin.pl\/index.php\/wp-json\/wp\/v2\/types\/post"}],"author":[{"embeddable":true,"href":"https:\/\/wbp.lublin.pl\/index.php\/wp-json\/wp\/v2\/users\/18"}],"replies":[{"embeddable":true,"href":"https:\/\/wbp.lublin.pl\/index.php\/wp-json\/wp\/v2\/comments?post=7691"}],"version-history":[{"count":2,"href":"https:\/\/wbp.lublin.pl\/index.php\/wp-json\/wp\/v2\/posts\/7691\/revisions"}],"predecessor-version":[{"id":13226,"href":"https:\/\/wbp.lublin.pl\/index.php\/wp-json\/wp\/v2\/posts\/7691\/revisions\/13226"}],"wp:featuredmedia":[{"embeddable":true,"href":"https:\/\/wbp.lublin.pl\/index.php\/wp-json\/wp\/v2\/media\/7687"}],"wp:attachment":[{"href":"https:\/\/wbp.lublin.pl\/index.php\/wp-json\/wp\/v2\/media?parent=7691"}],"wp:term":[{"taxonomy":"category","embeddable":true,"href":"https:\/\/wbp.lublin.pl\/index.php\/wp-json\/wp\/v2\/categories?post=7691"},{"taxonomy":"post_tag","embeddable":true,"href":"https:\/\/wbp.lublin.pl\/index.php\/wp-json\/wp\/v2\/tags?post=7691"}],"curies":[{"name":"wp","href":"https:\/\/api.w.org\/{rel}","templated":true}]}}