{"id":7696,"date":"2012-03-16T12:52:44","date_gmt":"2012-03-16T11:52:44","guid":{"rendered":"https:\/\/wbp.lublin.pl8\/index.php\/2012\/03\/16\/ewa-nowak-w-jeziorzanach-05-03-2011\/"},"modified":"2018-07-02T22:57:26","modified_gmt":"2018-07-02T20:57:26","slug":"ewa-nowak-w-jeziorzanach-05-03-2011","status":"publish","type":"post","link":"https:\/\/wbp.lublin.pl\/index.php\/2012\/03\/16\/ewa-nowak-w-jeziorzanach-05-03-2011\/","title":{"rendered":"Ewa Nowak w Jeziorzanach (05. 03. 2011)"},"content":{"rendered":"<p>W dniu 5 marca 2012r. Gminna Biblioteka Publiczna w Jeziorzanach go\u015bci\u0142a autork\u0119 literatury m\u0142odzie\u017cowej Pani\u0105 Ew\u0119 Nowak. Spotkanie to odby\u0142o si\u0119 na zaproszenie Dyskusyjnego Klubu Ksi\u0105\u017cki dzia\u0142aj\u0105cego w bibliotece pod patronatem Instytutu Ksi\u0105\u017cki oraz Wojew\u00f3dzkiej Biblioteki Publicznej w Lublinie.\u00a0Program realizowany jest\u00a0we wsp\u00f3\u0142pracy z Instytutem Ksi\u0105\u017cki. To drugie spotkanie autorskie zorganizowane w ramach DKK.<\/p>\n<p>Ewa Nowak \u2013 pisarka, publicystka, oraz autorka 27 powie\u015bci dla m\u0142odzie\u017cy.\u00a0Powie\u015b\u0107 \u201eBardzo bia\u0142a wrona\u201d otrzyma\u0142a w 2009 r. tytu\u0142 Ksi\u0105\u017cki Roku Stowarzyszenia Przyjaci\u00f3\u0142 Ksi\u0105\u017cki dla M\u0142odych Polskiej Sekcji IBBY. Z wykszta\u0142cenia pedagog terapeuta, wsp\u00f3\u0142pracuje z wieloma czasopismami.<\/p>\n<p style=\"text-align: center;\"><img data-dominant-color=\"896b59\" data-has-transparency=\"false\" style=\"--dominant-color: #896b59;\" loading=\"lazy\" decoding=\"async\" class=\"size-full wp-image-7692 not-transparent\" title=\"Ewa Nowak w Jeziorzanach (5. 03. 2012)\" src=\"http:\/\/wbp.lublin.pl\/wp-content\/uploads\/2012\/03\/dkk_relacje_2012-03-05-Nowak-Jeziorzany_IMG_0398.JPG\" alt=\"\" width=\"133\" height=\"100\" \/><img data-dominant-color=\"866756\" data-has-transparency=\"false\" style=\"--dominant-color: #866756;\" loading=\"lazy\" decoding=\"async\" class=\"size-full wp-image-7693 not-transparent\" title=\"Ewa Nowak w Jeziorzanach (5. 03. 2012)\" src=\"http:\/\/wbp.lublin.pl\/wp-content\/uploads\/2012\/03\/dkk_relacje_2012-03-05-Nowak-Jeziorzany_IMG_0400.JPG\" alt=\"\" width=\"133\" height=\"100\" \/><\/p>\n<p>W kameralnym spotkaniu, opr\u00f3cz cz\u0142onk\u00f3w Dyskusyjnego Klubu Ksi\u0105\u017cki uczestniczyli m\u0142odzi mi\u0142o\u015bnicy powie\u015bci autorki. Pani Ewa Nowak bardzo szybko nawi\u0105za\u0142a kontakt ze s\u0142uchaczami. S\u0142uchaczami byli tylko w pierwszej fazie spotkania, gdy\u017c dzi\u0119ki r\u00f3\u017cnorodno\u015bci poruszanych temat\u00f3w i dzia\u0142a\u0144 nast\u0105pi\u0142a wspania\u0142a komunikacja pisarki z czytelnikami. Mo\u017cna \u015bmia\u0142o powiedzie\u0107, i\u017c spotkanie przebiega\u0142o w spos\u00f3b interaktywny. Pisarka opowiada\u0142a sk\u0105d czerpie pomys\u0142y do pisania,\u00a0o bohaterach ksi\u0105\u017cek oraz o swoim dzieci\u0144stwie. Podczas spotkania wsp\u00f3lnie z m\u0142odzie\u017c\u0105 pisarka poruszy\u0142a kwestie warto\u015bci oraz aspiracji. Nawi\u0105za\u0142a do takich warto\u015bci jak uczciwo\u015b\u0107, szczero\u015b\u0107, przyja\u017a\u0144 a nade wszystko mi\u0142o\u015b\u0107.<\/p>\n<p style=\"text-align: center;\"><img data-dominant-color=\"6c5040\" data-has-transparency=\"false\" style=\"--dominant-color: #6c5040;\" loading=\"lazy\" decoding=\"async\" class=\"size-full wp-image-7694 not-transparent\" title=\"Ewa Nowak w Jeziorzanach (5. 03. 2012)\" src=\"http:\/\/wbp.lublin.pl\/wp-content\/uploads\/2012\/03\/dkk_relacje_2012-03-05-Nowak-Jeziorzany_IMG_0413.JPG\" alt=\"\" width=\"133\" height=\"100\" \/><img data-dominant-color=\"8b7a6b\" data-has-transparency=\"false\" style=\"--dominant-color: #8b7a6b;\" loading=\"lazy\" decoding=\"async\" class=\"size-full wp-image-7695 not-transparent\" title=\"Ewa Nowak w Jeziorzanach (5. 03. 2012)\" src=\"http:\/\/wbp.lublin.pl\/wp-content\/uploads\/2012\/03\/dkk_relacje_2012-03-05-Nowak-Jeziorzany_IMG_0415.JPG\" alt=\"\" width=\"133\" height=\"100\" \/><\/p>\n<p>Po spotkaniu Pani Ewa Nowak rozdawa\u0142a autografy.<\/p>\n<p><i>\u201eTo by\u0142o niesamowite spotkanie . Nigdy go nie zapomn\u0119. Ale wspania\u0142a osoba.\u201d<\/i> \u2013 takie by\u0142y komentarze czytelnik\u00f3w.<\/p>\n<p>By\u0142o to niew\u0105tpliwie <i>\u201e\u015awi\u0119to Pisarza i Ksi\u0105\u017cki\u201d <\/i>w naszej bibliotece, a uczestnicy spotkania zachwyceni osob\u0105 autorki.<\/p>\n","protected":false},"excerpt":{"rendered":"<p>W dniu 5 marca 2012r. Gminna Biblioteka Publiczna w Jeziorzanach go\u015bci\u0142a autork\u0119 literatury m\u0142odzie\u017cowej Pani\u0105 Ew\u0119 Nowak. Spotkanie to odby\u0142o si\u0119 na zaproszenie Dyskusyjnego Klubu Ksi\u0105\u017cki dzia\u0142aj\u0105cego w bibliotece pod [&hellip;]<\/p>\n","protected":false},"author":18,"featured_media":7692,"comment_status":"open","ping_status":"open","sticky":false,"template":"","format":"standard","meta":{"_tec_requires_first_save":true,"_crdt_document":"","pgc_sgb_lightbox_settings":"","_EventAllDay":false,"_EventTimezone":"","_EventStartDate":"","_EventEndDate":"","_EventStartDateUTC":"","_EventEndDateUTC":"","_EventShowMap":false,"_EventShowMapLink":false,"_EventURL":"","_EventCost":"","_EventCostDescription":"","_EventCurrencySymbol":"","_EventCurrencyCode":"","_EventCurrencyPosition":"","_EventDateTimeSeparator":"","_EventTimeRangeSeparator":"","_EventOrganizerID":[],"_EventVenueID":[],"_OrganizerEmail":"","_OrganizerPhone":"","_OrganizerWebsite":"","_VenueAddress":"","_VenueCity":"","_VenueCountry":"","_VenueProvince":"","_VenueState":"","_VenueZip":"","_VenuePhone":"","_VenueURL":"","_VenueStateProvince":"","_VenueLat":"","_VenueLng":"","_VenueShowMap":false,"_VenueShowMapLink":false,"_tribe_blocks_recurrence_rules":"","_tribe_blocks_recurrence_description":"","_tribe_blocks_recurrence_exclusions":"","footnotes":""},"categories":[1],"tags":[],"class_list":["post-7696","post","type-post","status-publish","format-standard","has-post-thumbnail","hentry","category-bez-kategorii"],"publishpress_future_action":{"enabled":false,"date":"2026-05-06 15:53:29","action":"change-status","newStatus":"draft","terms":[],"taxonomy":"category","extraData":[]},"publishpress_future_workflow_manual_trigger":{"enabledWorkflows":[]},"_links":{"self":[{"href":"https:\/\/wbp.lublin.pl\/index.php\/wp-json\/wp\/v2\/posts\/7696","targetHints":{"allow":["GET"]}}],"collection":[{"href":"https:\/\/wbp.lublin.pl\/index.php\/wp-json\/wp\/v2\/posts"}],"about":[{"href":"https:\/\/wbp.lublin.pl\/index.php\/wp-json\/wp\/v2\/types\/post"}],"author":[{"embeddable":true,"href":"https:\/\/wbp.lublin.pl\/index.php\/wp-json\/wp\/v2\/users\/18"}],"replies":[{"embeddable":true,"href":"https:\/\/wbp.lublin.pl\/index.php\/wp-json\/wp\/v2\/comments?post=7696"}],"version-history":[{"count":2,"href":"https:\/\/wbp.lublin.pl\/index.php\/wp-json\/wp\/v2\/posts\/7696\/revisions"}],"predecessor-version":[{"id":13229,"href":"https:\/\/wbp.lublin.pl\/index.php\/wp-json\/wp\/v2\/posts\/7696\/revisions\/13229"}],"wp:featuredmedia":[{"embeddable":true,"href":"https:\/\/wbp.lublin.pl\/index.php\/wp-json\/wp\/v2\/media\/7692"}],"wp:attachment":[{"href":"https:\/\/wbp.lublin.pl\/index.php\/wp-json\/wp\/v2\/media?parent=7696"}],"wp:term":[{"taxonomy":"category","embeddable":true,"href":"https:\/\/wbp.lublin.pl\/index.php\/wp-json\/wp\/v2\/categories?post=7696"},{"taxonomy":"post_tag","embeddable":true,"href":"https:\/\/wbp.lublin.pl\/index.php\/wp-json\/wp\/v2\/tags?post=7696"}],"curies":[{"name":"wp","href":"https:\/\/api.w.org\/{rel}","templated":true}]}}