{"id":7699,"date":"2012-03-26T07:56:01","date_gmt":"2012-03-26T05:56:01","guid":{"rendered":"https:\/\/wbp.lublin.pl8\/index.php\/2012\/03\/26\/monforte-reyes-burka-milosci\/"},"modified":"2018-07-02T21:57:25","modified_gmt":"2018-07-02T19:57:25","slug":"monforte-reyes-burka-milosci","status":"publish","type":"post","link":"https:\/\/wbp.lublin.pl\/index.php\/2012\/03\/26\/monforte-reyes-burka-milosci\/","title":{"rendered":"Monforte Reyes: Burka mi\u0142o\u015bci"},"content":{"rendered":"<p><!-- [if gte mso 9]><xml>     Normal   0   21         false   false   false                             MicrosoftInternetExplorer4   <\/xml><![endif]--><!-- [if gte mso 9]><![endif]--><!-- [if gte mso 10]>\n\n\n\n<style>  \/* Style Definitions *\/  table.MsoNormalTable \t{ \tmso-style-parent:\"\"; \tfont-size:10.0pt;\"Times New Roman\";} <\/style>\n\n <![endif]--><\/p>\n<p style=\"text-align: justify;\">\u00a0\u00a0\u00a0\u00a0\u00a0\u00a0\u00a0\u00a0\u00a0\u00a0\u00a0 M\u0142oda hiszpanka Maria opuszcza rodzinn\u0105 Majork\u0119 i ucieka do Anglii. W Londynie poznaje Nasrada \u2013 du\u017co starszego od siebie Afga\u0144czyka i muzu\u0142manina. Afga\u0144czyk staje si\u0119 jej najlepszym przyjacielem i powiernikiem. Z wielkiej milo\u015bci wychodzi za niego za m\u0105\u017c . Porzuca styl \u017cycia typowy dla kobiety z Zachodu i dostosowuje si\u0119 do zasad obowi\u0105zuj\u0105cych kobiety \u2013 muzu\u0142manki. Z mi\u0142o\u015bci do m\u0119\u017ca przechodzi na islam. Wraz z m\u0119\u017cem wyje\u017cd\u017ca do jego ojczyzny. Nie jest \u015bwiadoma, \u017ce czeka j\u0105 tam walka o przetrwanie \u2013 w kraju podporz\u0105dkowanym prawu talib\u00f3w. W pa\u0144stwie tym rz\u0105dzi prawo szariatu tzn. prawo religijne, surowo przestrzegane. Kobiety s\u0105 niewa\u017cne. Kobietom odebrano tu prawo do wolnego, godnego \u017cycia. Zakrywaj\u0105 one twarze nie tylko ze\u00a0wzgl\u0119d\u00f3w kulturowych, ale przede wszystkim z przymusu i strachu. Maria w afga\u0144skim kraju przechodzi koszmar i upokorzenie. \u017byje w trudnych warunkach, wykonuje ci\u0119\u017ck\u0105 prac\u0119 . Dodatkowo musi znosi\u0107 szykany te\u015bciowej, kt\u00f3ra jest dla niej nie\u017cyczliwa. W prymitywnych, niehigienicznych warunkach rodzi dzieci, pozbawiona prawa do opieki lekarskiej. D\u0142ugie tygodnie sp\u0119dza w \u015bmierdz\u0105cej ziemiance, z kt\u00f3rej nie mog\u0142a wyj\u015b\u0107, boj\u0105c si\u0119 kul snajpera i bombardowania. Znosi to wszystko ze spokojem i cierpliwo\u015bci\u0105. Codziennie czekaj\u0105 j\u0105 coraz ci\u0119\u017csze\u00a0i bardziej dotkliwe pr\u00f3by \u017cyciowe, nowe wyzwania, ale trzyma si\u0119 dzielnie i znosi wszelkie niewygody. Robi to w imi\u0119 uczucia do m\u0119\u017ca, nie chce sprawia\u0107 mu przykro\u015bci. M\u0105\u017c j\u0105 kocha, pomaga jej przetrwa\u0107 cierpienia, krzywdy i upokorzenia. Stara si\u0119 zapewni\u0107 jej i dzieciom poczucie bezpiecze\u0144stwa.<\/p>\n<p style=\"text-align: justify;\">Ksi\u0105\u017cka ta opowiada o wielkiej mi\u0142o\u015bci i \u017cyciu w nieludzkich warunkach w kraju, w kt\u00f3rym prawo traktuje kobiety jako rzeczy. Bohaterka tej opowie\u015bci wiele po\u015bwi\u0119ci\u0142a dla swojego m\u0119\u017cczyzny i dostosowa\u0142a si\u0119 do \u017cycia kobiety afga\u0144skiej. Historia Marii i jej rodziny ko\u0144czy si\u0119 szcz\u0119\u015bliwie. Po wielu staraniach bohaterce udaje si\u0119\u00a0wr\u00f3ci\u0107 na Majork\u0119, ale jak podkre\u015bla, nigdy nie b\u0119dzie \u017ca\u0142owa\u0142a tego, co zrobi\u0142a dla swojego m\u0119\u017ca. Mimo, i\u017c prze\u017cy\u0142a bardzo niebezpieczn\u0105 \u201dprzygod\u0119\u201d w\u00a0\u017cyciu, w afga\u0144skim piekle, czuje si\u0119 szcz\u0119\u015bliwa. W \u017cyciu liczy si\u0119 tylko mi\u0142o\u015b\u0107. Obok niej by\u0142 dobry, kochaj\u0105cy m\u0105\u017c. Nie ka\u017cdemu taka mi\u0142o\u015b\u0107 mo\u017ce si\u0119 przytrafi\u0107.<\/p>\n","protected":false},"excerpt":{"rendered":"<p>\u00a0\u00a0\u00a0\u00a0\u00a0\u00a0\u00a0\u00a0\u00a0\u00a0\u00a0 M\u0142oda hiszpanka Maria opuszcza rodzinn\u0105 Majork\u0119 i ucieka do Anglii. W Londynie poznaje Nasrada \u2013 du\u017co starszego od siebie Afga\u0144czyka i muzu\u0142manina. Afga\u0144czyk staje si\u0119 jej najlepszym przyjacielem i [&hellip;]<\/p>\n","protected":false},"author":18,"featured_media":0,"comment_status":"open","ping_status":"open","sticky":false,"template":"","format":"standard","meta":{"_tec_requires_first_save":true,"_crdt_document":"","pgc_sgb_lightbox_settings":"","_EventAllDay":false,"_EventTimezone":"","_EventStartDate":"","_EventEndDate":"","_EventStartDateUTC":"","_EventEndDateUTC":"","_EventShowMap":false,"_EventShowMapLink":false,"_EventURL":"","_EventCost":"","_EventCostDescription":"","_EventCurrencySymbol":"","_EventCurrencyCode":"","_EventCurrencyPosition":"","_EventDateTimeSeparator":"","_EventTimeRangeSeparator":"","_EventOrganizerID":[],"_EventVenueID":[],"_OrganizerEmail":"","_OrganizerPhone":"","_OrganizerWebsite":"","_VenueAddress":"","_VenueCity":"","_VenueCountry":"","_VenueProvince":"","_VenueState":"","_VenueZip":"","_VenuePhone":"","_VenueURL":"","_VenueStateProvince":"","_VenueLat":"","_VenueLng":"","_VenueShowMap":false,"_VenueShowMapLink":false,"_tribe_blocks_recurrence_rules":"","_tribe_blocks_recurrence_description":"","_tribe_blocks_recurrence_exclusions":"","footnotes":""},"categories":[110],"tags":[],"class_list":["post-7699","post","type-post","status-publish","format-standard","hentry","category-recenzje-klubowiczow"],"publishpress_future_action":{"enabled":false,"date":"2026-05-06 09:02:12","action":"change-status","newStatus":"draft","terms":[],"taxonomy":"category","extraData":[]},"publishpress_future_workflow_manual_trigger":{"enabledWorkflows":[]},"_links":{"self":[{"href":"https:\/\/wbp.lublin.pl\/index.php\/wp-json\/wp\/v2\/posts\/7699","targetHints":{"allow":["GET"]}}],"collection":[{"href":"https:\/\/wbp.lublin.pl\/index.php\/wp-json\/wp\/v2\/posts"}],"about":[{"href":"https:\/\/wbp.lublin.pl\/index.php\/wp-json\/wp\/v2\/types\/post"}],"author":[{"embeddable":true,"href":"https:\/\/wbp.lublin.pl\/index.php\/wp-json\/wp\/v2\/users\/18"}],"replies":[{"embeddable":true,"href":"https:\/\/wbp.lublin.pl\/index.php\/wp-json\/wp\/v2\/comments?post=7699"}],"version-history":[{"count":2,"href":"https:\/\/wbp.lublin.pl\/index.php\/wp-json\/wp\/v2\/posts\/7699\/revisions"}],"predecessor-version":[{"id":12930,"href":"https:\/\/wbp.lublin.pl\/index.php\/wp-json\/wp\/v2\/posts\/7699\/revisions\/12930"}],"wp:attachment":[{"href":"https:\/\/wbp.lublin.pl\/index.php\/wp-json\/wp\/v2\/media?parent=7699"}],"wp:term":[{"taxonomy":"category","embeddable":true,"href":"https:\/\/wbp.lublin.pl\/index.php\/wp-json\/wp\/v2\/categories?post=7699"},{"taxonomy":"post_tag","embeddable":true,"href":"https:\/\/wbp.lublin.pl\/index.php\/wp-json\/wp\/v2\/tags?post=7699"}],"curies":[{"name":"wp","href":"https:\/\/api.w.org\/{rel}","templated":true}]}}