{"id":7701,"date":"2012-03-26T09:29:07","date_gmt":"2012-03-26T07:29:07","guid":{"rendered":"https:\/\/wbp.lublin.pl8\/index.php\/2012\/03\/26\/barbara-kosmowska-w-zamosciu-9-11-2011\/"},"modified":"2018-07-04T19:46:39","modified_gmt":"2018-07-04T17:46:39","slug":"barbara-kosmowska-w-zamosciu-9-11-2011","status":"publish","type":"post","link":"https:\/\/wbp.lublin.pl\/index.php\/2012\/03\/26\/barbara-kosmowska-w-zamosciu-9-11-2011\/","title":{"rendered":"Barbara Kosmowska w Zamo\u015bciu (9. 11. 2011)"},"content":{"rendered":"<p><!-- [if gte mso 9]><xml>     Normal   0   21         false   false   false                             MicrosoftInternetExplorer4   <\/xml><![endif]--><!-- [if gte mso 9]><![endif]--><!-- [if gte mso 10]>\n\n\n\n<style>  \/* Style Definitions *\/  table.MsoNormalTable \t{ \tmso-style-parent:\"\"; \tfont-size:10.0pt;\"Times New Roman\";} <\/style>\n\n <![endif]--><\/p>\n<p style=\"text-align: justify;\">9 listopada 2011 roku w Dyskusyjnym Klubie Ksi\u0105\u017cki w Zamo\u015bciu go\u015bci\u0142a Barbara Kosmowska, znana autorka ksi\u0105\u017cek ch\u0119tnie czytanych przez osoby w r\u00f3\u017cnym wieku \u2013 doros\u0142ych, m\u0142odzie\u017c i dzieci. Spotkanie, sfinansowane przez Instytut Ksi\u0105\u017cki, rozpocz\u0119\u0142o si\u0119 o godz. 15.00. Mia\u0142o ono mniej kameralny charakter ni\u017c zazwyczaj. Odwiedzi\u0142a nas grupka m\u0142odzie\u017cy, kt\u00f3ra przysz\u0142a \u017ceby pos\u0142ucha\u0107 i porozmawia\u0107 z naszym go\u015bciem. Przyby\u0142y te\u017c media, kt\u00f3re zrelacjonowa\u0142y spotkanie i przeprowadzi\u0142y wywiad z pisark\u0105.<\/p>\n<p style=\"text-align: justify;\">Rozmowa rozpocz\u0119\u0142a si\u0119 od autoprezentacji. Pani Barbara opowiedzia\u0142a o swoim \u017cyciu prywatnym i zawodowym. Na s\u0142owa powitania, w pi\u0119knym Zamo\u015bciu, jakie od nas us\u0142ysza\u0142a &#8211; odpowiedzia\u0142a, \u017ce ona r\u00f3wnie\u017c jest bardzo zwi\u0105zana ze swoim rodzinnym Bytowem, z kt\u00f3rego nigdy nie wyjecha\u0142a. Tam mieszka, pracuje, dzia\u0142a spo\u0142ecznie, bardzo kocha swoje miasto i jest z niego dumna.<\/p>\n<p style=\"text-align: justify;\">Barbara Kosmowska jest literaturoznawc\u0105, cho\u0107 aktualnie zawodowo nie jest zwi\u0105zana z \u017cadn\u0105 uczelni\u0105. M\u00f3wi, \u017ce bycie fachowcem wcale nie u\u0142atwia jej pisania. Wr\u0119cz przeciwnie \u2013 zmusza j\u0105 do wnikliwej pracy nad s\u0142owem i stylem jej powie\u015bci. W\u0142a\u015bnie wtedy pojawi\u0142y si\u0119 pytania o pierwszych recenzent\u00f3w jej ksi\u0105\u017cek i o to czy mo\u017ce s\u0105 nimi najbli\u017csi &#8211; c\u00f3rki i m\u0105\u017c.<\/p>\n<p style=\"text-align: justify;\">Iwa, starsza c\u00f3rka do niedawna czyta\u0142a jej ksi\u0105\u017cki i by\u0142a ich krytykiem. Robi\u0142a te\u017c korekt\u0119 tekst\u00f3w. Bycie filologiem i jednocze\u015bnie posiadanie \u00a0naturalnego zmys\u0142u doskona\u0142ej interpunkcji decydowa\u0142o, \u017ce mo\u017cna by\u0142o jej naprawd\u0119 zaufa\u0107. Pani Barbara bardzo ceni\u0142a sobie jej uwagi. Ale p\u00f3\u017aniej c\u00f3rka wyros\u0142a na naukowca. Zosta\u0142a te\u017c t\u0142umaczem literatury fi\u0144skiej, a kiedy poprosi\u0142a mam\u0119 o rewan\u017c &#8211; pani Barbara ze \u015bmiechem dodaje: <i>wiedzia\u0142am, \u017ce nie mog\u0119 oczekiwa\u0107 od niej tego co dotychczas<\/i>. Natasza, m\u0142odsza c\u00f3rka zawsze mia\u0142a k\u0142opot z jej ksi\u0105\u017ckami: <i>czytaj\u0105c je mam wra\u017cenie, \u017ce mama jest tu\u017c obok<\/i>. M\u0105\u017c, informatyk, w zasadzie nigdy nie si\u0119ga\u0142 po nie. Przeczyta\u0142 jednak <i>Poz\u0142acan\u0105 rybk\u0119<\/i> i bardzo si\u0119 wzruszy\u0142. Przy okazji wspomnianego tytu\u0142u \u2013 zapytana zosta\u0142a, dlaczego w tej ksi\u0105\u017cce u\u015bmierca tyle os\u00f3b? Czy tak mo\u017cna pisa\u0107 dla dzieci?<\/p>\n<p style=\"text-align: justify;\">W odpowiedzi us\u0142yszeli\u015bmy: <i>trzeba by\u0142o podj\u0105\u0107 si\u0119 w ko\u0144cu tej trudnej sztuki opowiedzenia dzieciom o sprawach ostatecznych. Ale robi\u0119 to w spos\u00f3b optymistyczny, bo \u015bmier\u0107 przecie\u017c wsp\u00f3\u0142istnieje z \u017cyciem. <\/i>Ksi\u0105\u017cka powsta\u0142a na podbudowie jej w\u0142asnych przykrych do\u015bwiadcze\u0144, kt\u00f3re spowodowa\u0142y, i\u017c sta\u0142a si\u0119 zwolenniczk\u0105 m\u0105drej rozmowy z dzie\u0107mi o rzeczach trudnych. <i>Literatura oswaja je z tematem. Wszyscy przecie\u017c mamy prawo wiedzie\u0107 tak samo du\u017co o \u015bmierci, jak i o mi\u0142o\u015bci. <\/i><\/p>\n<p style=\"text-align: justify;\">W rozmowie z naszym go\u015bciem pojawi\u0142y si\u0119 tak\u017ce pytania o debiut literacki i o to jak zostaje si\u0119 pisarzem. <i>Pisarzem si\u0119 jest. Mo\u017cna o tym d\u0142ugo nie wiedzie\u0107. W swoim domu rodzinnym robi\u0142am za domow\u0105 nastolatk\u0119 od pisania wierszy na r\u00f3\u017cne rodzinne okoliczno\u015bci. P\u00f3\u017aniej przysz\u0142a era wierszy: do L\u2026, do H\u2026, do Z\u2026, kt\u00f3re m\u00f3wi\u0142y o gor\u0105cych uczuciach, niemo\u017cliwych do spe\u0142nienia<\/i>. <i>By\u0142am bardzo nie\u015bmia\u0142\u0105 osob\u0105 i w tej nie\u015bmia\u0142o\u015bci, a jednocze\u015bnie debiucie literackim pomog\u0142a mi moja mama. To ona spakowa\u0142a je i wys\u0142a\u0142a w tajemnicy na konkurs literacki<\/i>. <i>\u2026Lubi\u0119 siebie z tamtego czasu. Pisanie wierszy by\u0142o form\u0105 na odkompleksienie, a pisanie, tak w og\u00f3le, przynosi mi wewn\u0119trzn\u0105 rado\u015b\u0107. <\/i><\/p>\n<p style=\"text-align: justify;\">Nam czytelnikom rado\u015b\u0107 przynosi lektura, zw\u0142aszcza takich ksi\u0105\u017cek jak <i>Teren prywatny<\/i>, <i>Buba<\/i>, <i>Herma\u0144ce<\/i> czy jedna z ostatnich <i>Samotni pl.<\/i> Czytajmy je wi\u0119c z tak\u0105 mi\u0142o\u015bci\u0105 z jak\u0105 pisze je autorka. Jak sama stwierdzi\u0142a, na zako\u0144czenie spotkania, trzeba <i>kocha\u0107 to co si\u0119 robi, bo tylko z tego wychodz\u0105 naprawd\u0119 pi\u0119kne rzeczy. <\/i><\/p>\n<p style=\"text-align: justify;\">Nie wiem jakiego czaru u\u017cy\u0142a pani Barbara, bo spotkanie cho\u0107 trwa\u0142o dobr\u0105 godzin\u0119, wszyscy byli\u015bmy pewni, \u017ce rozpocz\u0119\u0142o si\u0119 przed chwil\u0105. Jeszcze tylko autografy na ksi\u0105\u017ckach, pami\u0105tkowe zdj\u0119cie, \u017cyczenia kolejnych powie\u015bci i \u2026 powrotu do Zamo\u015bcia.<\/p>\n","protected":false},"excerpt":{"rendered":"<p>9 listopada 2011 roku w Dyskusyjnym Klubie Ksi\u0105\u017cki w Zamo\u015bciu go\u015bci\u0142a Barbara Kosmowska, znana autorka ksi\u0105\u017cek ch\u0119tnie czytanych przez osoby w r\u00f3\u017cnym wieku \u2013 doros\u0142ych, m\u0142odzie\u017c i dzieci. Spotkanie, sfinansowane [&hellip;]<\/p>\n","protected":false},"author":18,"featured_media":0,"comment_status":"open","ping_status":"open","sticky":false,"template":"","format":"standard","meta":{"_tec_requires_first_save":true,"_crdt_document":"","pgc_sgb_lightbox_settings":"","_EventAllDay":false,"_EventTimezone":"","_EventStartDate":"","_EventEndDate":"","_EventStartDateUTC":"","_EventEndDateUTC":"","_EventShowMap":false,"_EventShowMapLink":false,"_EventURL":"","_EventCost":"","_EventCostDescription":"","_EventCurrencySymbol":"","_EventCurrencyCode":"","_EventCurrencyPosition":"","_EventDateTimeSeparator":"","_EventTimeRangeSeparator":"","_EventOrganizerID":[],"_EventVenueID":[],"_OrganizerEmail":"","_OrganizerPhone":"","_OrganizerWebsite":"","_VenueAddress":"","_VenueCity":"","_VenueCountry":"","_VenueProvince":"","_VenueState":"","_VenueZip":"","_VenuePhone":"","_VenueURL":"","_VenueStateProvince":"","_VenueLat":"","_VenueLng":"","_VenueShowMap":false,"_VenueShowMapLink":false,"_tribe_blocks_recurrence_rules":"","_tribe_blocks_recurrence_description":"","_tribe_blocks_recurrence_exclusions":"","footnotes":""},"categories":[1],"tags":[],"class_list":["post-7701","post","type-post","status-publish","format-standard","hentry","category-bez-kategorii"],"publishpress_future_action":{"enabled":false,"date":"2026-05-06 15:53:21","action":"change-status","newStatus":"draft","terms":[],"taxonomy":"category","extraData":[]},"publishpress_future_workflow_manual_trigger":{"enabledWorkflows":[]},"_links":{"self":[{"href":"https:\/\/wbp.lublin.pl\/index.php\/wp-json\/wp\/v2\/posts\/7701","targetHints":{"allow":["GET"]}}],"collection":[{"href":"https:\/\/wbp.lublin.pl\/index.php\/wp-json\/wp\/v2\/posts"}],"about":[{"href":"https:\/\/wbp.lublin.pl\/index.php\/wp-json\/wp\/v2\/types\/post"}],"author":[{"embeddable":true,"href":"https:\/\/wbp.lublin.pl\/index.php\/wp-json\/wp\/v2\/users\/18"}],"replies":[{"embeddable":true,"href":"https:\/\/wbp.lublin.pl\/index.php\/wp-json\/wp\/v2\/comments?post=7701"}],"version-history":[{"count":2,"href":"https:\/\/wbp.lublin.pl\/index.php\/wp-json\/wp\/v2\/posts\/7701\/revisions"}],"predecessor-version":[{"id":13225,"href":"https:\/\/wbp.lublin.pl\/index.php\/wp-json\/wp\/v2\/posts\/7701\/revisions\/13225"}],"wp:attachment":[{"href":"https:\/\/wbp.lublin.pl\/index.php\/wp-json\/wp\/v2\/media?parent=7701"}],"wp:term":[{"taxonomy":"category","embeddable":true,"href":"https:\/\/wbp.lublin.pl\/index.php\/wp-json\/wp\/v2\/categories?post=7701"},{"taxonomy":"post_tag","embeddable":true,"href":"https:\/\/wbp.lublin.pl\/index.php\/wp-json\/wp\/v2\/tags?post=7701"}],"curies":[{"name":"wp","href":"https:\/\/api.w.org\/{rel}","templated":true}]}}