{"id":7706,"date":"2012-03-26T09:56:41","date_gmt":"2012-03-26T07:56:41","guid":{"rendered":"https:\/\/wbp.lublin.pl8\/index.php\/2012\/03\/26\/stefan-darda-w-komarowce-podlaskiej-14-03-2012\/"},"modified":"2018-07-02T22:57:19","modified_gmt":"2018-07-02T20:57:19","slug":"stefan-darda-w-komarowce-podlaskiej-14-03-2012","status":"publish","type":"post","link":"https:\/\/wbp.lublin.pl\/index.php\/2012\/03\/26\/stefan-darda-w-komarowce-podlaskiej-14-03-2012\/","title":{"rendered":"Stefan Darda w Komar\u00f3wce Podlaskiej (14. 03. 2012)"},"content":{"rendered":"<p><!-- [if gte mso 9]><xml>     Normal   0   21         false   false   false                             MicrosoftInternetExplorer4   <\/xml><![endif]--><!-- [if gte mso 9]><![endif]--><!-- [if gte mso 10]>\n\n\n\n<style>  \/* Style Definitions *\/  table.MsoNormalTable \t{ \tmso-style-parent:\"\"; \tfont-size:10.0pt;\"Times New Roman\";} <\/style>\n\n <![endif]--><\/p>\n<p>W Gminnej Bibliotece Publicznej w Komar\u00f3wce Podlaskiej mia\u0142o miejsce spotkanie autorskie, ze Stefanem Dard\u0105. Spotkanie odby\u0142o si\u0119 14 marca 2012 r. o godzinie 17<sup>00<\/sup>, z inicjatywy oraz funduszy Dyskusyjnego Klubu Ksi\u0105\u017cki.<\/p>\n<p>Chocia\u017c by\u0142o to pierwsze spotkanie z autorem, frekwencja czytelnik\u00f3w by\u0142a do\u015b\u0107 du\u017ca, opr\u00f3cz \u201eklubowiczek\u201d przysz\u0142a grupa czytelnik\u00f3w, zainteresowana takim wydarzeniem kulturalnym jakim jest spotkanie z pisarzem. Stefan Darda \u2013 autor literatury grozy pragn\u0105\u0142 zainteresowa\u0107 naszych czytelnik\u00f3w swoj\u0105 tw\u00f3rczo\u015bci\u0105. Odpowiada\u0142 na liczne pytania, m.in. pytany by\u0142 o to sk\u0105d czerpie pomys\u0142y na ksi\u0105\u017cki, czy powie\u015bci s\u0105 oparte na faktach autentycznych, jak wygl\u0105da dzie\u0144 pracy pisarza, czy rozmawia\u0142 z egzorcystami&#8230; Atmosfera spotkania by\u0142a lu\u017ana do tego stopnia, \u017ce pada\u0142y nawet pytania czy na \u201episarstwie\u201d mo\u017cna zarobi\u0107. S. Darda okaza\u0142 si\u0119 bardzo mi\u0142ym i wyrozumia\u0142ym rozm\u00f3wc\u0105, wyczerpuj\u0105co odpowiada\u0142 na wszystkie pytania. Z pasj\u0105 i zaanga\u017cowaniem opowiada\u0142 o swoich powie\u015bciach, powoli wci\u0105gaj\u0105c w ten \u015bwiat naszych czytelnik\u00f3w. Zaowocowa\u0142o to kupnem ksi\u0105\u017cek pisarza, w\u015br\u00f3d tych czytelnik\u00f3w, kt\u00f3rzy nie znali jeszcze tw\u00f3rczo\u015bci Dardy. Ksi\u0105zki mo\u017cna by\u0142o naby\u0107 oczywi\u015bcie wraz z autografem. Biblioteka zaopatrzy\u0142a si\u0119 w kolejne egzemplarze powie\u015bci Dardy, a tak\u017ce w audiobooki \u2013 otwieraj\u0105c tym samym w naszej bibliotece zbi\u00f3r ksi\u0105\u017cek m\u00f3wionych.<\/p>\n<p style=\"text-align: center;\"><img data-dominant-color=\"7a7553\" data-has-transparency=\"false\" style=\"--dominant-color: #7a7553;\" loading=\"lazy\" decoding=\"async\" class=\"size-full wp-image-7702 not-transparent\" src=\"http:\/\/wbp.lublin.pl\/wp-content\/uploads\/2012\/03\/dkk_relacje_2012-03-14-Komarowka-Darda_1.JPG\" alt=\"\" width=\"133\" height=\"100\" \/> <img data-dominant-color=\"7b6e52\" data-has-transparency=\"false\" style=\"--dominant-color: #7b6e52;\" loading=\"lazy\" decoding=\"async\" class=\"size-full wp-image-7703 not-transparent\" src=\"http:\/\/wbp.lublin.pl\/wp-content\/uploads\/2012\/03\/dkk_relacje_2012-03-14-Komarowka-Darda_2.JPG\" alt=\"\" width=\"133\" height=\"100\" \/><br \/>\n<img data-dominant-color=\"827557\" data-has-transparency=\"false\" style=\"--dominant-color: #827557;\" loading=\"lazy\" decoding=\"async\" class=\"size-full wp-image-7704 not-transparent\" src=\"http:\/\/wbp.lublin.pl\/wp-content\/uploads\/2012\/03\/dkk_relacje_2012-03-14-Komarowka-Darda_3.JPG\" alt=\"\" width=\"133\" height=\"100\" \/> <img data-dominant-color=\"75694d\" data-has-transparency=\"false\" style=\"--dominant-color: #75694d;\" loading=\"lazy\" decoding=\"async\" class=\"size-full wp-image-7705 not-transparent\" src=\"http:\/\/wbp.lublin.pl\/wp-content\/uploads\/2012\/03\/dkk_relacje_2012-03-14-Komarowka-Darda_4.JPG\" alt=\"\" width=\"133\" height=\"100\" \/><\/p>\n<p>Spotkanie oceniam bardzo pozytywnie, z p\u00f3\u017aniejszych relacji czytelnik\u00f3w wynika, i\u017c spotkanie bardzo im si\u0119 podoba\u0142o, by\u0142o ciekawe, stanowi\u0142o mi\u0142\u0105 odskoczni\u0119 od codziennych obowi\u0105zk\u00f3w. O sukcesie \u015bwiadczy wi\u0119ksze ni\u017c dotychczas zainteresowanie powie\u015bciami Dardy.<\/p>\n<p>Wydarzenie by\u0142o szeroko rozreklamowane: poprzez plakaty, ulotki, <a href=\"http:\/\/www.komarowkapodlaska.pl\/asp\/pl_start.asp?typ=14&amp;sub=3&amp;menu=8&amp;strona=1\">informacj\u0119 na stronie internetowej<\/a>, jako wiadomo\u015b\u0107 do wszystkich znajomych na facebooku, ukaza\u0142a si\u0119 tak\u017ce informacja w prasie lokalnej, oczywi\u015bcie nie zabrak\u0142o tak\u017ce informacji ustnej.<\/p>\n","protected":false},"excerpt":{"rendered":"<p>W Gminnej Bibliotece Publicznej w Komar\u00f3wce Podlaskiej mia\u0142o miejsce spotkanie autorskie, ze Stefanem Dard\u0105. Spotkanie odby\u0142o si\u0119 14 marca 2012 r. o godzinie 1700, z inicjatywy oraz funduszy Dyskusyjnego Klubu [&hellip;]<\/p>\n","protected":false},"author":18,"featured_media":7702,"comment_status":"open","ping_status":"open","sticky":false,"template":"","format":"standard","meta":{"_tec_requires_first_save":true,"_crdt_document":"","pgc_sgb_lightbox_settings":"","_EventAllDay":false,"_EventTimezone":"","_EventStartDate":"","_EventEndDate":"","_EventStartDateUTC":"","_EventEndDateUTC":"","_EventShowMap":false,"_EventShowMapLink":false,"_EventURL":"","_EventCost":"","_EventCostDescription":"","_EventCurrencySymbol":"","_EventCurrencyCode":"","_EventCurrencyPosition":"","_EventDateTimeSeparator":"","_EventTimeRangeSeparator":"","_EventOrganizerID":[],"_EventVenueID":[],"_OrganizerEmail":"","_OrganizerPhone":"","_OrganizerWebsite":"","_VenueAddress":"","_VenueCity":"","_VenueCountry":"","_VenueProvince":"","_VenueState":"","_VenueZip":"","_VenuePhone":"","_VenueURL":"","_VenueStateProvince":"","_VenueLat":"","_VenueLng":"","_VenueShowMap":false,"_VenueShowMapLink":false,"_tribe_blocks_recurrence_rules":"","_tribe_blocks_recurrence_description":"","_tribe_blocks_recurrence_exclusions":"","footnotes":""},"categories":[1],"tags":[],"class_list":["post-7706","post","type-post","status-publish","format-standard","has-post-thumbnail","hentry","category-bez-kategorii"],"publishpress_future_action":{"enabled":false,"date":"2026-05-06 15:53:17","action":"change-status","newStatus":"draft","terms":[],"taxonomy":"category","extraData":[]},"publishpress_future_workflow_manual_trigger":{"enabledWorkflows":[]},"_links":{"self":[{"href":"https:\/\/wbp.lublin.pl\/index.php\/wp-json\/wp\/v2\/posts\/7706","targetHints":{"allow":["GET"]}}],"collection":[{"href":"https:\/\/wbp.lublin.pl\/index.php\/wp-json\/wp\/v2\/posts"}],"about":[{"href":"https:\/\/wbp.lublin.pl\/index.php\/wp-json\/wp\/v2\/types\/post"}],"author":[{"embeddable":true,"href":"https:\/\/wbp.lublin.pl\/index.php\/wp-json\/wp\/v2\/users\/18"}],"replies":[{"embeddable":true,"href":"https:\/\/wbp.lublin.pl\/index.php\/wp-json\/wp\/v2\/comments?post=7706"}],"version-history":[{"count":2,"href":"https:\/\/wbp.lublin.pl\/index.php\/wp-json\/wp\/v2\/posts\/7706\/revisions"}],"predecessor-version":[{"id":13224,"href":"https:\/\/wbp.lublin.pl\/index.php\/wp-json\/wp\/v2\/posts\/7706\/revisions\/13224"}],"wp:featuredmedia":[{"embeddable":true,"href":"https:\/\/wbp.lublin.pl\/index.php\/wp-json\/wp\/v2\/media\/7702"}],"wp:attachment":[{"href":"https:\/\/wbp.lublin.pl\/index.php\/wp-json\/wp\/v2\/media?parent=7706"}],"wp:term":[{"taxonomy":"category","embeddable":true,"href":"https:\/\/wbp.lublin.pl\/index.php\/wp-json\/wp\/v2\/categories?post=7706"},{"taxonomy":"post_tag","embeddable":true,"href":"https:\/\/wbp.lublin.pl\/index.php\/wp-json\/wp\/v2\/tags?post=7706"}],"curies":[{"name":"wp","href":"https:\/\/api.w.org\/{rel}","templated":true}]}}