{"id":7710,"date":"2012-03-30T12:58:11","date_gmt":"2012-03-30T10:58:11","guid":{"rendered":"https:\/\/wbp.lublin.pl8\/index.php\/2012\/03\/30\/grisham-john-theodore-boone-mlody-prawnik\/"},"modified":"2018-07-02T21:56:46","modified_gmt":"2018-07-02T19:56:46","slug":"grisham-john-theodore-boone-mlody-prawnik","status":"publish","type":"post","link":"https:\/\/wbp.lublin.pl\/index.php\/2012\/03\/30\/grisham-john-theodore-boone-mlody-prawnik\/","title":{"rendered":"Grisham John, &#8222;Theodore Boone M\u0142ody Prawnik&#8221;"},"content":{"rendered":"<p><!-- [if gte mso 9]><xml>     Normal   0   21         false   false   false                             MicrosoftInternetExplorer4   <\/xml><![endif]--><!-- [if gte mso 9]><![endif]--><!-- [if gte mso 10]>\n\n\n\n<style>  \/* Style Definitions *\/  table.MsoNormalTable \t{ \tmso-style-parent:\"\"; \tfont-size:10.0pt;\"Times New Roman\";} <\/style>\n\n <![endif]--><\/p>\n<p style=\"text-align: justify;\">Tytu\u0142owy bohater powie\u015bci \u00a0Grishama \u00a0jest trzynastolatkiem, kt\u00f3ry ma bardzo nietypowe zainteresowania jak na ch\u0142opca \u00a0w swoim wieku. Theo chce zosta\u0107 prawnikiem. W swoim mie\u015bcie\u00a0zna adwokat\u00f3w, policjant\u00f3w, a nawet s\u0119dziego. Prawnikami s\u0105 jego rodzice. Koledzy w szkole przychodz\u0105 do niego po porady prawne. W\u0142a\u015bnie trwa najwi\u0119kszy proces w historii miasta. Pete Duffy zostaje oskar\u017cony o zab\u00f3jstwo \u017cony. M\u0142ody Theodore Boone zostaje wci\u0105gni\u0119ty w sam \u015brodek sensacyjnej afery. To w\u0142a\u015bnie jemu zaufa\u0142 nielegalny imigrant, kt\u00f3ry mo\u017ce okaza\u0107 si\u0119 kluczowym \u015bwiadkiem w procesie. Theo zna prawd\u0119, a jednocze\u015bnie nie mo\u017ce jej wyjawi\u0107, poniewa\u017c obieca\u0142 dotrzyma\u0107 tajemnicy \u015bwiadkowi, kt\u00f3ry nie chce sie ujawni\u0107, gdy\u017c boi si\u0119 deportacji. Czy wiadomo\u015bci jakie posiada Theo wp\u0142yn\u0105 na bieg procesu?<\/p>\n<p style=\"text-align: justify;\">John Grisham przyzwyczai\u0142 nas do swojego stylu pisania. Szybka akcja, mocno obsadzony w\u0105tek sensacyjny oraz afera prawnicza w centrum uwagi. Tak wygl\u0105da klasyczne wydanie thrillera prawniczego u Grishama. Przewa\u017cnie thrillery przeznaczone s\u0105 dla starszych czytelnik\u00f3w, jednak autor &#8222;Firmy&#8221; i &#8222;Czasu zabijania&#8221; zaserwowa\u0142 nam powie\u015b\u0107 uniwersaln\u0105, kt\u00f3ra mog\u0105 czyta\u0107 zar\u00f3wno doro\u015bli jak i m\u0142odsi czytelnicy. Na g\u0142\u00f3wnym planie opr\u00f3cz w\u0105tku sensacyjnego widzimy m\u0142odego bohatera, kt\u00f3ry posiada juz plany na przysz\u0142o\u015b\u0107. Theodore mo\u017ce by\u0107 wzorem post\u0119powania. Do tego wszystkiego dochodz\u0105 dylematy moralne i etyczne. Rozwa\u017cane s\u0105 takie kwestie jak dotrzymanie tajemnicy i obowi\u0105zki prawne wobec wymiaru sprawiedliwo\u015bci.<\/p>\n<p style=\"text-align: justify;\">Powie\u015b\u0107 Grishama nie tylko czyta si\u0119 szybko i przyjemnie, ale tak\u017ce uczy i zmusza nas do zastanowienia si\u0119 nad zasadami post\u0119powania moralnego, co jest du\u017c\u0105 warto\u015bci\u0105 w \u00f3wczesnym, rozp\u0119dzonym \u015bwiecie.<\/p>\n","protected":false},"excerpt":{"rendered":"<p>Tytu\u0142owy bohater powie\u015bci \u00a0Grishama \u00a0jest trzynastolatkiem, kt\u00f3ry ma bardzo nietypowe zainteresowania jak na ch\u0142opca \u00a0w swoim wieku. Theo chce zosta\u0107 prawnikiem. W swoim mie\u015bcie\u00a0zna adwokat\u00f3w, policjant\u00f3w, a nawet s\u0119dziego. Prawnikami [&hellip;]<\/p>\n","protected":false},"author":18,"featured_media":0,"comment_status":"open","ping_status":"open","sticky":false,"template":"","format":"standard","meta":{"_tec_requires_first_save":true,"_crdt_document":"","pgc_sgb_lightbox_settings":"","_EventAllDay":false,"_EventTimezone":"","_EventStartDate":"","_EventEndDate":"","_EventStartDateUTC":"","_EventEndDateUTC":"","_EventShowMap":false,"_EventShowMapLink":false,"_EventURL":"","_EventCost":"","_EventCostDescription":"","_EventCurrencySymbol":"","_EventCurrencyCode":"","_EventCurrencyPosition":"","_EventDateTimeSeparator":"","_EventTimeRangeSeparator":"","_EventOrganizerID":[],"_EventVenueID":[],"_OrganizerEmail":"","_OrganizerPhone":"","_OrganizerWebsite":"","_VenueAddress":"","_VenueCity":"","_VenueCountry":"","_VenueProvince":"","_VenueState":"","_VenueZip":"","_VenuePhone":"","_VenueURL":"","_VenueStateProvince":"","_VenueLat":"","_VenueLng":"","_VenueShowMap":false,"_VenueShowMapLink":false,"_tribe_blocks_recurrence_rules":"","_tribe_blocks_recurrence_description":"","_tribe_blocks_recurrence_exclusions":"","footnotes":""},"categories":[110],"tags":[],"class_list":["post-7710","post","type-post","status-publish","format-standard","hentry","category-recenzje-klubowiczow"],"publishpress_future_action":{"enabled":false,"date":"2026-05-06 06:24:13","action":"change-status","newStatus":"draft","terms":[],"taxonomy":"category","extraData":[]},"publishpress_future_workflow_manual_trigger":{"enabledWorkflows":[]},"_links":{"self":[{"href":"https:\/\/wbp.lublin.pl\/index.php\/wp-json\/wp\/v2\/posts\/7710","targetHints":{"allow":["GET"]}}],"collection":[{"href":"https:\/\/wbp.lublin.pl\/index.php\/wp-json\/wp\/v2\/posts"}],"about":[{"href":"https:\/\/wbp.lublin.pl\/index.php\/wp-json\/wp\/v2\/types\/post"}],"author":[{"embeddable":true,"href":"https:\/\/wbp.lublin.pl\/index.php\/wp-json\/wp\/v2\/users\/18"}],"replies":[{"embeddable":true,"href":"https:\/\/wbp.lublin.pl\/index.php\/wp-json\/wp\/v2\/comments?post=7710"}],"version-history":[{"count":2,"href":"https:\/\/wbp.lublin.pl\/index.php\/wp-json\/wp\/v2\/posts\/7710\/revisions"}],"predecessor-version":[{"id":12885,"href":"https:\/\/wbp.lublin.pl\/index.php\/wp-json\/wp\/v2\/posts\/7710\/revisions\/12885"}],"wp:attachment":[{"href":"https:\/\/wbp.lublin.pl\/index.php\/wp-json\/wp\/v2\/media?parent=7710"}],"wp:term":[{"taxonomy":"category","embeddable":true,"href":"https:\/\/wbp.lublin.pl\/index.php\/wp-json\/wp\/v2\/categories?post=7710"},{"taxonomy":"post_tag","embeddable":true,"href":"https:\/\/wbp.lublin.pl\/index.php\/wp-json\/wp\/v2\/tags?post=7710"}],"curies":[{"name":"wp","href":"https:\/\/api.w.org\/{rel}","templated":true}]}}