{"id":7711,"date":"2012-03-30T13:00:18","date_gmt":"2012-03-30T11:00:18","guid":{"rendered":"https:\/\/wbp.lublin.pl8\/index.php\/2012\/03\/30\/ostrowicka-beata-swiat-do-gory-nogami\/"},"modified":"2018-07-02T21:57:33","modified_gmt":"2018-07-02T19:57:33","slug":"ostrowicka-beata-swiat-do-gory-nogami","status":"publish","type":"post","link":"https:\/\/wbp.lublin.pl\/index.php\/2012\/03\/30\/ostrowicka-beata-swiat-do-gory-nogami\/","title":{"rendered":"Ostrowicka Beata, &#8222;\u015awiat do g\u00f3ry nogami&#8221;"},"content":{"rendered":"<p><!-- [if gte mso 9]><xml>     Normal   0   21         false   false   false                             MicrosoftInternetExplorer4   <\/xml><![endif]--><!-- [if gte mso 9]><![endif]--><!-- [if gte mso 10]>\n\n\n\n<style>  \/* Style Definitions *\/  table.MsoNormalTable \t{ \tmso-style-parent:\"\"; \tfont-size:10.0pt;\"Times New Roman\";} <\/style>\n\n <![endif]--><\/p>\n<p style=\"text-align: justify;\">Jak \u0142atwo \u017cycie cz\u0142owieka mo\u017ce wywr\u00f3ci\u0107 si\u0119 do g\u00f3ry nogami\u2026 jedno zdarzenie, jeden moment, a cierpienie wielu os\u00f3b. Na szesnastoletni\u0105 Ol\u0119 spada obowi\u0105zek dbania o dom i rodzin\u0119, czyli o brata, siostr\u0119, a nawet o ojca. Mimo, \u017ce ma szko\u0142\u0119 i nauk\u0119 to musi jeszcze radzi\u0107 sobie z problemami dnia codziennego.<\/p>\n<p style=\"text-align: justify;\">Ola potrzebuje wsparcia, kt\u00f3rego brak ze strony ojca i rodze\u0144stwa \u2013 a rodzina w ci\u0119\u017ckich momentach powinna wspiera\u0107 si\u0119 wzajemnie. To staje si\u0119 przyczyn\u0105, \u017ce dziewczyna powoli popada w depresj\u0119 i melancholi\u0119. Jedyne oparcie ma w przyjaci\u00f3\u0142ce i w Mateuszu, ch\u0142opcu kt\u00f3rego pozna\u0142a na urodzinach. Na pocz\u0105tku mi\u0119dzy nimi dobrze si\u0119 uk\u0142ada, ale jest jeszcze tajemnica ch\u0142opaka. Jest ona \u201erys\u0105 na szkle\u201d i ponownie \u017cycie nastolatki si\u0119 \u201erozsypuje\u201d. Czy Ola poradzi sobie ze wszystkimi problemami oraz czy nie straci ch\u0119ci do \u017cycia przez to, co j\u0105 spotka\u0142o?<\/p>\n<p style=\"text-align: justify;\">Beata Ostrowicka w swojej \u00a0ksi\u0105\u017cce \u00a0porusza nietypowy temat. Opisuje w niej b\u00f3l, apati\u0119 i depresj\u0119 po stracie matki i \u017cony. Pokazuje, jak rodzina mo\u017ce zachowywa\u0107 si\u0119 po takiej tragedii. Jak ci\u0119\u017cko jest dzieciom poradzi\u0107 sobie z problemami \u017cycia codziennego, jak i z prowadzeniem domu bez wsparcia matki, kt\u00f3ra wszystko mia\u0142a pod kontrol\u0105.<\/p>\n<p style=\"text-align: justify;\">Ta ksi\u0105\u017cka sk\u0142ania do przemy\u015ble\u0144, \u017ce cz\u0119sto nie doceniamy stara\u0144 naszych rodzic\u00f3w i mamy im za z\u0142e, \u017ce s\u0105 jacy s\u0105. Dlatego Czytelniku pomy\u015bl chwil\u0119 o tym i spr\u00f3buj si\u0119 postawi\u0107 w sytuacji Oli. A nast\u0119pnie zacznij szanowa\u0107 swoich rodzic\u00f3w i ich trud, kt\u00f3ry wk\u0142adaj\u0105 w Twoje wychowanie.<\/p>\n<p style=\"text-align: justify;\">Ja si\u0119 po prostu nie mog\u0142am oderwa\u0107 od tej ksi\u0105\u017cki \u2013 nie interesowa\u0142 mnie wtedy ani komputer , ani telewizja. Ta historia ca\u0142kowicie mnie poch\u0142on\u0119\u0142a, nawet gdy odchodzi\u0142am od niej do spraw codziennych to my\u015blami ca\u0142y czas by\u0142am z bohaterami i ich losami.<\/p>\n","protected":false},"excerpt":{"rendered":"<p>Jak \u0142atwo \u017cycie cz\u0142owieka mo\u017ce wywr\u00f3ci\u0107 si\u0119 do g\u00f3ry nogami\u2026 jedno zdarzenie, jeden moment, a cierpienie wielu os\u00f3b. Na szesnastoletni\u0105 Ol\u0119 spada obowi\u0105zek dbania o dom i rodzin\u0119, czyli o [&hellip;]<\/p>\n","protected":false},"author":18,"featured_media":0,"comment_status":"open","ping_status":"open","sticky":false,"template":"","format":"standard","meta":{"_tec_requires_first_save":true,"_crdt_document":"","pgc_sgb_lightbox_settings":"","_EventAllDay":false,"_EventTimezone":"","_EventStartDate":"","_EventEndDate":"","_EventStartDateUTC":"","_EventEndDateUTC":"","_EventShowMap":false,"_EventShowMapLink":false,"_EventURL":"","_EventCost":"","_EventCostDescription":"","_EventCurrencySymbol":"","_EventCurrencyCode":"","_EventCurrencyPosition":"","_EventDateTimeSeparator":"","_EventTimeRangeSeparator":"","_EventOrganizerID":[],"_EventVenueID":[],"_OrganizerEmail":"","_OrganizerPhone":"","_OrganizerWebsite":"","_VenueAddress":"","_VenueCity":"","_VenueCountry":"","_VenueProvince":"","_VenueState":"","_VenueZip":"","_VenuePhone":"","_VenueURL":"","_VenueStateProvince":"","_VenueLat":"","_VenueLng":"","_VenueShowMap":false,"_VenueShowMapLink":false,"_tribe_blocks_recurrence_rules":"","_tribe_blocks_recurrence_description":"","_tribe_blocks_recurrence_exclusions":"","footnotes":""},"categories":[110],"tags":[],"class_list":["post-7711","post","type-post","status-publish","format-standard","hentry","category-recenzje-klubowiczow"],"publishpress_future_action":{"enabled":false,"date":"2026-05-06 07:49:28","action":"change-status","newStatus":"draft","terms":[],"taxonomy":"category","extraData":[]},"publishpress_future_workflow_manual_trigger":{"enabledWorkflows":[]},"_links":{"self":[{"href":"https:\/\/wbp.lublin.pl\/index.php\/wp-json\/wp\/v2\/posts\/7711","targetHints":{"allow":["GET"]}}],"collection":[{"href":"https:\/\/wbp.lublin.pl\/index.php\/wp-json\/wp\/v2\/posts"}],"about":[{"href":"https:\/\/wbp.lublin.pl\/index.php\/wp-json\/wp\/v2\/types\/post"}],"author":[{"embeddable":true,"href":"https:\/\/wbp.lublin.pl\/index.php\/wp-json\/wp\/v2\/users\/18"}],"replies":[{"embeddable":true,"href":"https:\/\/wbp.lublin.pl\/index.php\/wp-json\/wp\/v2\/comments?post=7711"}],"version-history":[{"count":2,"href":"https:\/\/wbp.lublin.pl\/index.php\/wp-json\/wp\/v2\/posts\/7711\/revisions"}],"predecessor-version":[{"id":12940,"href":"https:\/\/wbp.lublin.pl\/index.php\/wp-json\/wp\/v2\/posts\/7711\/revisions\/12940"}],"wp:attachment":[{"href":"https:\/\/wbp.lublin.pl\/index.php\/wp-json\/wp\/v2\/media?parent=7711"}],"wp:term":[{"taxonomy":"category","embeddable":true,"href":"https:\/\/wbp.lublin.pl\/index.php\/wp-json\/wp\/v2\/categories?post=7711"},{"taxonomy":"post_tag","embeddable":true,"href":"https:\/\/wbp.lublin.pl\/index.php\/wp-json\/wp\/v2\/tags?post=7711"}],"curies":[{"name":"wp","href":"https:\/\/api.w.org\/{rel}","templated":true}]}}