{"id":7712,"date":"2012-03-30T13:02:10","date_gmt":"2012-03-30T11:02:10","guid":{"rendered":"https:\/\/wbp.lublin.pl8\/index.php\/2012\/03\/30\/mann-wojciech-materna-krzysztof-podroze-male-i-duze-czyli-jak-zostalismy-swiatowcami\/"},"modified":"2018-07-02T21:57:14","modified_gmt":"2018-07-02T19:57:14","slug":"mann-wojciech-materna-krzysztof-podroze-male-i-duze-czyli-jak-zostalismy-swiatowcami","status":"publish","type":"post","link":"https:\/\/wbp.lublin.pl\/index.php\/2012\/03\/30\/mann-wojciech-materna-krzysztof-podroze-male-i-duze-czyli-jak-zostalismy-swiatowcami\/","title":{"rendered":"Mann Wojciech, Materna Krzysztof, &#8222;Podr\u00f3\u017ce ma\u0142e i du\u017ce czyli jak zostali\u015bmy \u015bwiatowcami&#8221;"},"content":{"rendered":"<p><!-- [if gte mso 9]><xml>     Normal   0   21         false   false   false                             MicrosoftInternetExplorer4   <\/xml><![endif]--><!-- [if gte mso 9]><![endif]--><!-- [if gte mso 10]>\n\n\n\n<style>  \/* Style Definitions *\/  table.MsoNormalTable \t{ \tmso-style-parent:\"\"; \tfont-size:10.0pt;\"Times New Roman\";} <\/style>\n\n <![endif]--><\/p>\n<p style=\"text-align: justify;\">Znany czytelnikom, a raczej widzom, duet zabiera nas w podr\u00f3\u017c na zach\u00f3d. Mann i Materna kojarzeni s\u0105 ze sob\u0105 g\u0142\u00f3wnie jako tw\u00f3rcy program\u00f3w telewizyjnych. Warto doda\u0107, \u017ce programy te emanowa\u0142y wielk\u0105 doz\u0105 humoru. Jaka jest ich wsp\u00f3lna ksi\u0105\u017cka? Czy autorzy potrafi\u0105 przenie\u015b\u0107 sw\u00f3j niepowtarzalny styl \u017cycia w rejony literatury?<\/p>\n<p style=\"text-align: justify;\">Panowie M opisuj\u0105 wsp\u00f3lne wyjazdy za granic\u0119. Niekt\u00f3re sceny s\u0105 bardzo szczeg\u00f3\u0142owe, autorzy dok\u0142adnie pami\u0119taj\u0105 takie detale jak ceny potraw zjedzonych w zagranicznych lokalach, czy nazwiska spotkanych os\u00f3b. Materna podkre\u015bla, \u017ce opowiada wszystko w detalach, poniewa\u017c dzi\u0119ki temu czytelnik mo\u017ce czu\u0107 si\u0119 jak bohater ksi\u0105\u017cki, tak jakby to on sam p\u0142aci\u0142 napiwki, czy przeprowadza\u0142 rozmowy. Dzi\u0119ki temu zabiegowi oraz z dodatkiem lekkiego pi\u00f3ra bardzo szybko wczytujemy sie w historie zawarte w ksi\u0105\u017cce. Do tego wszystkiego ogromna dawka humoru, niezwykle trafne i zaskakuj\u0105ce uwagi zawarte w prze\u015bmiesznych komentarzach. W ksi\u0105\u017cce niezwykle bogata jest r\u00f3wnie\u017c oprawa graficzna. Umieszczonych jest wiele zdj\u0119\u0107 z podr\u00f3\u017cy, kt\u00f3re potwierdzaj\u0105 opowiadane historie.<\/p>\n<p style=\"text-align: justify;\">W czasach podstaw\u00f3wki wiedz\u0119 zdobyt\u0105 dzi\u0119ki filmom i literaturze przenosi\u0142em w rejony takich przedmiot\u00f3w szkolnych jak: geografia, historia, czy biologia. Zauwa\u017cy\u0142em, \u017ce ju\u017c dawno, \u017caden program telewizyjny lub powie\u015b\u0107 nie nauczy\u0142y mnie tyle co &#8222;Podr\u00f3\u017ce ma\u0142e i du\u017ce&#8221;. Lizn\u0105\u0142em kawa\u0142ek historii, w ko\u0144cu znaczna cz\u0119\u015b\u0107 zapisk\u00f3w dzieje si\u0119 w latach PRL-u lub pocz\u0105tkach lat dziewi\u0119\u0107dziesi\u0105tych. Zobaczy\u0142em te czasy oczami Pan\u00f3w M. Mann i Materna wypuszczaj\u0105c si\u0119 w podr\u00f3\u017ce i \u00a0przekraczaj\u0105c granice absurdalnej w\u00f3wczas polskiej rzeczywisto\u015bci, niczym bohaterowie filmu &#8222;Go\u015bcie, go\u015bcie&#8221;, uczyli si\u0119 \u015bwiata na nowo. Dzi\u0119ki autorom &#8222;zapozna\u0142em si\u0119 z topografi\u0105 USA, uda\u0142em si\u0119 w podr\u00f3\u017c \u00a0Stefanem Batorym i odwiedza\u0142em jazzowe kluby w Nowym Yorku&#8221; .<\/p>\n<p style=\"text-align: justify;\">Warto doda\u0107, \u017ce autorzy \u015bwietnie uzupe\u0142niaj\u0105 si\u0119 w narracji. Czytaj\u0105c kolejne strony podr\u00f3\u017cniczych przyg\u00f3d s\u0142ysza\u0142em je g\u0142osem Krzysztofa Materny prowadz\u0105cego program MDM, a za chwil\u0119 Wojciech Mann dodawa\u0142 komentarz prosto z eteru Radiowej Tr\u00f3jki.<\/p>\n","protected":false},"excerpt":{"rendered":"<p>Znany czytelnikom, a raczej widzom, duet zabiera nas w podr\u00f3\u017c na zach\u00f3d. Mann i Materna kojarzeni s\u0105 ze sob\u0105 g\u0142\u00f3wnie jako tw\u00f3rcy program\u00f3w telewizyjnych. Warto doda\u0107, \u017ce programy te emanowa\u0142y [&hellip;]<\/p>\n","protected":false},"author":18,"featured_media":0,"comment_status":"open","ping_status":"open","sticky":false,"template":"","format":"standard","meta":{"_tec_requires_first_save":true,"_crdt_document":"","pgc_sgb_lightbox_settings":"","_EventAllDay":false,"_EventTimezone":"","_EventStartDate":"","_EventEndDate":"","_EventStartDateUTC":"","_EventEndDateUTC":"","_EventShowMap":false,"_EventShowMapLink":false,"_EventURL":"","_EventCost":"","_EventCostDescription":"","_EventCurrencySymbol":"","_EventCurrencyCode":"","_EventCurrencyPosition":"","_EventDateTimeSeparator":"","_EventTimeRangeSeparator":"","_EventOrganizerID":[],"_EventVenueID":[],"_OrganizerEmail":"","_OrganizerPhone":"","_OrganizerWebsite":"","_VenueAddress":"","_VenueCity":"","_VenueCountry":"","_VenueProvince":"","_VenueState":"","_VenueZip":"","_VenuePhone":"","_VenueURL":"","_VenueStateProvince":"","_VenueLat":"","_VenueLng":"","_VenueShowMap":false,"_VenueShowMapLink":false,"_tribe_blocks_recurrence_rules":"","_tribe_blocks_recurrence_description":"","_tribe_blocks_recurrence_exclusions":"","footnotes":""},"categories":[110],"tags":[],"class_list":["post-7712","post","type-post","status-publish","format-standard","hentry","category-recenzje-klubowiczow"],"publishpress_future_action":{"enabled":false,"date":"2026-05-06 09:13:19","action":"change-status","newStatus":"draft","terms":[],"taxonomy":"category","extraData":[]},"publishpress_future_workflow_manual_trigger":{"enabledWorkflows":[]},"_links":{"self":[{"href":"https:\/\/wbp.lublin.pl\/index.php\/wp-json\/wp\/v2\/posts\/7712","targetHints":{"allow":["GET"]}}],"collection":[{"href":"https:\/\/wbp.lublin.pl\/index.php\/wp-json\/wp\/v2\/posts"}],"about":[{"href":"https:\/\/wbp.lublin.pl\/index.php\/wp-json\/wp\/v2\/types\/post"}],"author":[{"embeddable":true,"href":"https:\/\/wbp.lublin.pl\/index.php\/wp-json\/wp\/v2\/users\/18"}],"replies":[{"embeddable":true,"href":"https:\/\/wbp.lublin.pl\/index.php\/wp-json\/wp\/v2\/comments?post=7712"}],"version-history":[{"count":2,"href":"https:\/\/wbp.lublin.pl\/index.php\/wp-json\/wp\/v2\/posts\/7712\/revisions"}],"predecessor-version":[{"id":12917,"href":"https:\/\/wbp.lublin.pl\/index.php\/wp-json\/wp\/v2\/posts\/7712\/revisions\/12917"}],"wp:attachment":[{"href":"https:\/\/wbp.lublin.pl\/index.php\/wp-json\/wp\/v2\/media?parent=7712"}],"wp:term":[{"taxonomy":"category","embeddable":true,"href":"https:\/\/wbp.lublin.pl\/index.php\/wp-json\/wp\/v2\/categories?post=7712"},{"taxonomy":"post_tag","embeddable":true,"href":"https:\/\/wbp.lublin.pl\/index.php\/wp-json\/wp\/v2\/tags?post=7712"}],"curies":[{"name":"wp","href":"https:\/\/api.w.org\/{rel}","templated":true}]}}