{"id":7714,"date":"2012-04-03T11:47:41","date_gmt":"2012-04-03T09:47:41","guid":{"rendered":"https:\/\/wbp.lublin.pl8\/index.php\/2012\/04\/03\/szczygielski-marcin-czarny-mlyn\/"},"modified":"2018-07-02T21:57:57","modified_gmt":"2018-07-02T19:57:57","slug":"szczygielski-marcin-czarny-mlyn","status":"publish","type":"post","link":"https:\/\/wbp.lublin.pl\/index.php\/2012\/04\/03\/szczygielski-marcin-czarny-mlyn\/","title":{"rendered":"Szczygielski Marcin: Czarny M\u0142yn"},"content":{"rendered":"<p><!-- [if gte mso 9]><xml>     Normal   0   21         false   false   false                             MicrosoftInternetExplorer4   <\/xml><![endif]--><!-- [if gte mso 9]><![endif]--><!-- [if gte mso 10]>\n\n\n\n<style>  \/* Style Definitions *\/  table.MsoNormalTable \t{ \tmso-style-parent:\"\"; \tfont-size:10.0pt;\"Times New Roman\";} <\/style>\n\n <![endif]--><\/p>\n<p style=\"text-align: justify;\">Ksi\u0105\u017cka \u201eCzarny M\u0142yn\u201d Marcina Szczygielskiego otrzyma\u0142a Grand Prix i zaj\u0119\u0142a I miejsce w kategorii ksi\u0105\u017cek dla dzieci i m\u0142odzie\u017cy w wieku 10-14 lat w II Konkursie Literackim im. Astrid Lindgren organizowanym przez Fundacj\u0119 ABCXXI- ca\u0142a Polska czyta dzieciom. Przeczyta\u0142am j\u0105, bo sta\u0142a si\u0119 ona przedmiotem dyskusji podczas spotkania naszego klubu, ale ku mojemu zaskoczeniu okaza\u0142o si\u0119,\u017ce to niez\u0142a opowie\u015b\u0107 zabarwiona nut\u0105 horroru.<\/p>\n<p style=\"text-align: justify;\">Fabu\u0142a ksi\u0105\u017cki rozgrywa si\u0119 w opuszczonej wiosce M\u0141YNY.Jest to upiorne miejsce, kt\u00f3re straszy pustk\u0105 i jak\u0105\u015b mroczn\u0105 tajemnic\u0105. Miejsce, gdzie nic nie ro\u015bnie, ludzie opuszczaj\u0105 domostwa, a zw\u0119glone ruinysp\u00f3\u0142dzielni iCzarny M\u0142yn niczym senne mary budz\u0105 l\u0119k w \u015bmia\u0142kach, kt\u00f3rzy chcieliby si\u0119 do niego zbli\u017cy\u0107.\u00a0Zieje tu pustk\u0105, kt\u00f3ra obejmuje swoimi mackami wszystko dooko\u0142a. Jednak w tym wydawa\u0107by si\u0119 mog\u0142o zapomnianym przez Boga i ludzi zak\u0105tku \u015bwiata mieszka sze\u015bcioro dzieci. Trudno to sobie wyobrazi\u0107 wsp\u00f3\u0142czesnemu nastolatkowi, ale bohaterowie nie maj\u0105 dost\u0119pu do komputera czy telewizora, wi\u0119c wolny czas sp\u0119dzaj\u0105 na wsp\u00f3lnej zabawie, b\u0105d\u017a czytaniu ksi\u0105\u017cek, kt\u00f3re wypo\u017cyczaj\u0105 w szkolnej bibliotece.Autor wyrazi\u015bcie maluje przed czytelnikiem portrety g\u0142\u00f3wnego bohatera Iwa oraz Piotrka, Natalki, Karola, Justyny, Paw\u0142a i Meli. Ka\u017cda posta\u0107 jest inna i do\u015b\u0107 zajmuj\u0105ca, ale szczeg\u00f3ln\u0105 uwag\u0119 odbiorcy przyci\u0105ga dziewczynka, kt\u00f3ra jest kar\u0142em. Mela jest osob\u0105 niepe\u0142nosprawn\u0105, lecz obdarzon\u0105 nadzwyczajnymi darami. Nie m\u00f3wi wiele, lecz gdy co\u015b powie jej s\u0142owa maj\u0105 wielkie znaczenie, kt\u00f3re mo\u017ce zmieni\u0107 losy \u015bwiata. Dzieciaki, maj\u0105 wakacje, \u017ce nie maj\u0105 dost\u0119pu w\u0142a\u015bciwie do \u017cadnej wsp\u00f3\u0142czesnej cywilizacji to zaczynaj\u0105 wymy\u015bla\u0107 r\u00f3\u017cne zabawy. Ca\u0142a grupka trzyma si\u0119 razem i buszuje po okolicy. Dzieci zapuszczaj\u0105 si\u0119 pod ogrodzenie oddzielaj\u0105ce je od m\u0142yna, kt\u00f3ry budzi w nich nieopisany strach. Czuj\u0105, przez sk\u00f3r\u0119 jego z\u0142owieszcz\u0105 moc. Przeczucie naszych bohater\u00f3w zaczyna nabiera\u0107 realno\u015bci, bo w wiosce niespodziewanie zaczynaj\u0105 dzia\u0107 si\u0119 dziwne rzeczy. Czarny M\u0142yn budzi si\u0119 ze snu- jego \u017celazne ramiona zaczynaj\u0105 kr\u0105\u017cy\u0107. Nikt nie wie jak, nikt nie wie, dlaczego. \u017bycie mieszka\u0144c\u00f3w M\u0142yn\u00f3w ogromnie si\u0119 zmienia. Z dom\u00f3w same wychodz\u0105 urz\u0105dzenia elektroniczne- suszarki, komputery, odtwarzacze itd. Wir z ka\u017cdym dniem przybiera na sile. Doro\u015bli jednak wydaj\u0105 si\u0119 tego nie zauwa\u017ca\u0107, lecz gdy i oni znikaj\u0105 dzieci wkraczaj\u0105 do akcji.Grupa mocna si\u0142\u0105 przyja\u017ani szykuje si\u0119 do starcia ze z\u0142owieszczym wrogiem.Mela jak wyrocznia przekazuje im to, co najwa\u017cniejsze. Czy uda im si\u0119 uratowa\u0107 swoich bliskich? Czy uda im si\u0119 ocali\u0107 wie\u015b? Czy pokonaj\u0105 Czarny M\u0142yn? Odpowiedzi na te pytania w powie\u015bci.<\/p>\n<p style=\"text-align: justify;\">Ta ksi\u0105\u017cka trzyma w napi\u0119ciu od pierwszych stron po jej zako\u0144czenie. Autor po mistrzowsku buduje napi\u0119cie i zaskakuje kolejnymi zdarzeniami cz\u0119sto mocno fantastycznymi. Marcin Szczygielski pokazuje tak\u017ce jak wielk\u0105 si\u0142\u0119 i odwag\u0119 ma dzieci\u0119ca wyobra\u017ania Iwa, Meli i pozosta\u0142ych. Jak wiele dobrego mo\u017cemy zrobi\u0107, my- m\u0142odzi ludzie, bez wzgl\u0119du na to, gdzie przysz\u0142o nam \u017cy\u0107?\u00a0Podczas czytania niejednokrotnie \u201eg\u0119sia sk\u00f3rka\u201d pojawia\u0142a si\u0119 na moim grzbiecie, a emocje si\u0119ga\u0142y zenitu. Gdy przewr\u00f3ci\u0142am ostatni\u0105 kartk\u0119 poczu\u0142am spok\u00f3j i r\u00f3wnie\u017c smutekz powodu Meli.Chocia\u017c tak\u017ce da\u0142o zna\u0107 o sobie poczucie niedosytu. Jaka\u015b cz\u0105stka mnie wo\u0142a\u0142a, \u017ce ta opowie\u015b\u0107 nie mo\u017ce si\u0119 tak sko\u0144czy\u0107,\u017ce autor powinien napisa\u0107 kolejn\u0105 cz\u0119\u015b\u0107, w kt\u00f3rej Mela szcz\u0119\u015bliwie wraca do domu.<\/p>\n<p style=\"text-align: justify;\">Polecam j\u0105 tym,kt\u00f3rzy lubi\u0105 si\u0119 ba\u0107, ale r\u00f3wnie\u017c tym, kt\u00f3rzy szukaj\u0105 potwierdzenia, \u017ce warto\u015bci s\u0105 fundamentem naszej przysz\u0142o\u015bci. Poszukajcie jej, wi\u0119c i oddajcie si\u0119 lekturze.<\/p>\n<p>&nbsp;<\/p>\n","protected":false},"excerpt":{"rendered":"<p>Ksi\u0105\u017cka \u201eCzarny M\u0142yn\u201d Marcina Szczygielskiego otrzyma\u0142a Grand Prix i zaj\u0119\u0142a I miejsce w kategorii ksi\u0105\u017cek dla dzieci i m\u0142odzie\u017cy w wieku 10-14 lat w II Konkursie Literackim im. Astrid Lindgren [&hellip;]<\/p>\n","protected":false},"author":18,"featured_media":0,"comment_status":"open","ping_status":"open","sticky":false,"template":"","format":"standard","meta":{"_tec_requires_first_save":true,"_crdt_document":"","pgc_sgb_lightbox_settings":"","_EventAllDay":false,"_EventTimezone":"","_EventStartDate":"","_EventEndDate":"","_EventStartDateUTC":"","_EventEndDateUTC":"","_EventShowMap":false,"_EventShowMapLink":false,"_EventURL":"","_EventCost":"","_EventCostDescription":"","_EventCurrencySymbol":"","_EventCurrencyCode":"","_EventCurrencyPosition":"","_EventDateTimeSeparator":"","_EventTimeRangeSeparator":"","_EventOrganizerID":[],"_EventVenueID":[],"_OrganizerEmail":"","_OrganizerPhone":"","_OrganizerWebsite":"","_VenueAddress":"","_VenueCity":"","_VenueCountry":"","_VenueProvince":"","_VenueState":"","_VenueZip":"","_VenuePhone":"","_VenueURL":"","_VenueStateProvince":"","_VenueLat":"","_VenueLng":"","_VenueShowMap":false,"_VenueShowMapLink":false,"_tribe_blocks_recurrence_rules":"","_tribe_blocks_recurrence_description":"","_tribe_blocks_recurrence_exclusions":"","footnotes":""},"categories":[110],"tags":[],"class_list":["post-7714","post","type-post","status-publish","format-standard","hentry","category-recenzje-klubowiczow"],"publishpress_future_action":{"enabled":false,"date":"2026-05-06 06:23:01","action":"change-status","newStatus":"draft","terms":[],"taxonomy":"category","extraData":[]},"publishpress_future_workflow_manual_trigger":{"enabledWorkflows":[]},"_links":{"self":[{"href":"https:\/\/wbp.lublin.pl\/index.php\/wp-json\/wp\/v2\/posts\/7714","targetHints":{"allow":["GET"]}}],"collection":[{"href":"https:\/\/wbp.lublin.pl\/index.php\/wp-json\/wp\/v2\/posts"}],"about":[{"href":"https:\/\/wbp.lublin.pl\/index.php\/wp-json\/wp\/v2\/types\/post"}],"author":[{"embeddable":true,"href":"https:\/\/wbp.lublin.pl\/index.php\/wp-json\/wp\/v2\/users\/18"}],"replies":[{"embeddable":true,"href":"https:\/\/wbp.lublin.pl\/index.php\/wp-json\/wp\/v2\/comments?post=7714"}],"version-history":[{"count":2,"href":"https:\/\/wbp.lublin.pl\/index.php\/wp-json\/wp\/v2\/posts\/7714\/revisions"}],"predecessor-version":[{"id":12969,"href":"https:\/\/wbp.lublin.pl\/index.php\/wp-json\/wp\/v2\/posts\/7714\/revisions\/12969"}],"wp:attachment":[{"href":"https:\/\/wbp.lublin.pl\/index.php\/wp-json\/wp\/v2\/media?parent=7714"}],"wp:term":[{"taxonomy":"category","embeddable":true,"href":"https:\/\/wbp.lublin.pl\/index.php\/wp-json\/wp\/v2\/categories?post=7714"},{"taxonomy":"post_tag","embeddable":true,"href":"https:\/\/wbp.lublin.pl\/index.php\/wp-json\/wp\/v2\/tags?post=7714"}],"curies":[{"name":"wp","href":"https:\/\/api.w.org\/{rel}","templated":true}]}}