{"id":78479,"date":"2026-02-03T12:24:51","date_gmt":"2026-02-03T11:24:51","guid":{"rendered":"https:\/\/wbp.lublin.pl\/?p=78479"},"modified":"2026-02-10T13:01:16","modified_gmt":"2026-02-10T12:01:16","slug":"poranek-u-hieronima-odc-287","status":"publish","type":"post","link":"https:\/\/wbp.lublin.pl\/index.php\/2026\/02\/03\/poranek-u-hieronima-odc-287\/","title":{"rendered":"Poranek u Hieronima odc. 287"},"content":{"rendered":"\n<!--more-->\n\n\n<div class=\"wp-block-image\">\n<figure class=\"aligncenter size-full is-resized\"><img data-dominant-color=\"e0ded6\" data-has-transparency=\"false\" loading=\"lazy\" decoding=\"async\" width=\"1366\" height=\"768\" sizes=\"auto, (max-width: 1366px) 100vw, 1366px\" src=\"https:\/\/wbp.lublin.pl\/wp-content\/uploads\/2026\/02\/c02d8150-6c4e-4ecc-863e-d1d7faab07bc.webp\" alt=\"Poranek u Hieronima odc. 287\" class=\"wp-image-78480 not-transparent\" style=\"--dominant-color: #e0ded6; aspect-ratio:1.7787188988883007;width:678px;height:auto\" srcset=\"https:\/\/wbp.lublin.pl\/wp-content\/uploads\/2026\/02\/c02d8150-6c4e-4ecc-863e-d1d7faab07bc.webp 1366w, https:\/\/wbp.lublin.pl\/wp-content\/uploads\/2026\/02\/c02d8150-6c4e-4ecc-863e-d1d7faab07bc-600x337.webp 600w, https:\/\/wbp.lublin.pl\/wp-content\/uploads\/2026\/02\/c02d8150-6c4e-4ecc-863e-d1d7faab07bc-400x225.webp 400w, https:\/\/wbp.lublin.pl\/wp-content\/uploads\/2026\/02\/c02d8150-6c4e-4ecc-863e-d1d7faab07bc-768x432.webp 768w, https:\/\/wbp.lublin.pl\/wp-content\/uploads\/2026\/02\/c02d8150-6c4e-4ecc-863e-d1d7faab07bc-947x532.webp 947w, https:\/\/wbp.lublin.pl\/wp-content\/uploads\/2026\/02\/c02d8150-6c4e-4ecc-863e-d1d7faab07bc-624x351.webp 624w\" \/><\/figure>\n<\/div>\n\n\n<p class=\"wp-block-paragraph\">Najnowszy odcinek programu ,,Poranek u Hieronima\u201d zapowiada si\u0119 \u015bpiewaj\u0105co &#8211; a to dlatego, \u017ce go\u015bciem b\u0119dzie <strong>Kinga Wo\u0142oszyn<\/strong>, wokalistka, artystka. Kinga by\u0142a uczestniczk\u0105 The Voice Kids oraz The Voice of Poland. Porozmawiamy muzyce, o pocz\u0105tkach, ale nie tylko. Kinga opowie o tym jak wygl\u0105daj\u0105 pocz\u0105tki i stawianie pierwszych krok\u00f3w w \u015bwiecie muzyki.<\/p>\n\n\n\n<p class=\"wp-block-paragraph\">&#8222;Poranek u Hieronima&#8221; jest emitowany w ka\u017cd\u0105 \u015brod\u0119 o godz. 10.00 na fb Biblioteki <a href=\"https:\/\/www.facebook.com\/wbplublin?locale=pl_PL\">https:\/\/www.facebook.com\/wbplublin?locale=pl_PL<\/a><\/p>\n\n\n\n<p class=\"has-text-align-center wp-block-paragraph\"><strong>ZAPRASZAMY!<\/strong><\/p>\n\n\n\n<p class=\"has-text-align-right wp-block-paragraph\"><em>Dzia\u0142 Informacji i Promocji<\/em><\/p>\n\n\n\n<p class=\"wp-block-paragraph\"><\/p>\n","protected":false},"excerpt":{"rendered":"","protected":false},"author":20,"featured_media":78480,"comment_status":"closed","ping_status":"closed","sticky":false,"template":"","format":"standard","meta":{"_tec_requires_first_save":true,"_crdt_document":"","pgc_sgb_lightbox_settings":"","_EventAllDay":false,"_EventTimezone":"","_EventStartDate":"","_EventEndDate":"","_EventStartDateUTC":"","_EventEndDateUTC":"","_EventShowMap":false,"_EventShowMapLink":false,"_EventURL":"","_EventCost":"","_EventCostDescription":"","_EventCurrencySymbol":"","_EventCurrencyCode":"","_EventCurrencyPosition":"","_EventDateTimeSeparator":"","_EventTimeRangeSeparator":"","_EventOrganizerID":[],"_EventVenueID":[],"_OrganizerEmail":"","_OrganizerPhone":"","_OrganizerWebsite":"","_VenueAddress":"","_VenueCity":"","_VenueCountry":"","_VenueProvince":"","_VenueState":"","_VenueZip":"","_VenuePhone":"","_VenueURL":"","_VenueStateProvince":"","_VenueLat":"","_VenueLng":"","_VenueShowMap":false,"_VenueShowMapLink":false,"_tribe_blocks_recurrence_rules":"","_tribe_blocks_recurrence_description":"","_tribe_blocks_recurrence_exclusions":"","footnotes":""},"categories":[638,10],"tags":[],"class_list":["post-78479","post","type-post","status-publish","format-standard","has-post-thumbnail","hentry","category-poranek-u-hieronima","category-aktualnosci"],"publishpress_future_action":{"enabled":false,"date":"2026-05-03 08:30:26","action":"change-status","newStatus":"draft","terms":[],"taxonomy":"category","extraData":[]},"publishpress_future_workflow_manual_trigger":{"enabledWorkflows":[]},"_links":{"self":[{"href":"https:\/\/wbp.lublin.pl\/index.php\/wp-json\/wp\/v2\/posts\/78479","targetHints":{"allow":["GET"]}}],"collection":[{"href":"https:\/\/wbp.lublin.pl\/index.php\/wp-json\/wp\/v2\/posts"}],"about":[{"href":"https:\/\/wbp.lublin.pl\/index.php\/wp-json\/wp\/v2\/types\/post"}],"author":[{"embeddable":true,"href":"https:\/\/wbp.lublin.pl\/index.php\/wp-json\/wp\/v2\/users\/20"}],"replies":[{"embeddable":true,"href":"https:\/\/wbp.lublin.pl\/index.php\/wp-json\/wp\/v2\/comments?post=78479"}],"version-history":[{"count":2,"href":"https:\/\/wbp.lublin.pl\/index.php\/wp-json\/wp\/v2\/posts\/78479\/revisions"}],"predecessor-version":[{"id":79250,"href":"https:\/\/wbp.lublin.pl\/index.php\/wp-json\/wp\/v2\/posts\/78479\/revisions\/79250"}],"wp:featuredmedia":[{"embeddable":true,"href":"https:\/\/wbp.lublin.pl\/index.php\/wp-json\/wp\/v2\/media\/78480"}],"wp:attachment":[{"href":"https:\/\/wbp.lublin.pl\/index.php\/wp-json\/wp\/v2\/media?parent=78479"}],"wp:term":[{"taxonomy":"category","embeddable":true,"href":"https:\/\/wbp.lublin.pl\/index.php\/wp-json\/wp\/v2\/categories?post=78479"},{"taxonomy":"post_tag","embeddable":true,"href":"https:\/\/wbp.lublin.pl\/index.php\/wp-json\/wp\/v2\/tags?post=78479"}],"curies":[{"name":"wp","href":"https:\/\/api.w.org\/{rel}","templated":true}]}}