{"id":7851,"date":"2012-05-24T07:35:22","date_gmt":"2012-05-24T05:35:22","guid":{"rendered":"https:\/\/wbp.lublin.pl8\/index.php\/2012\/05\/24\/seminarium-szkoleniowe-z-kraszewskim-po-nadbuzanskim-szlaku-2-3-lipca-2012-r\/"},"modified":"2018-07-01T23:13:43","modified_gmt":"2018-07-01T21:13:43","slug":"seminarium-szkoleniowe-z-kraszewskim-po-nadbuzanskim-szlaku-2-3-lipca-2012-r","status":"publish","type":"post","link":"https:\/\/wbp.lublin.pl\/index.php\/2012\/05\/24\/seminarium-szkoleniowe-z-kraszewskim-po-nadbuzanskim-szlaku-2-3-lipca-2012-r\/","title":{"rendered":"Seminarium szkoleniowe \u201eZ Kraszewskim po Nadbu\u017ca\u0144skim Szlaku\u201d (2-3 lipca 2012 r. )"},"content":{"rendered":"<p><!--more--><\/p>\n<p style=\"text-align: center;\">Gor\u0105co zach\u0119camy bibliotekarzy wojew\u00f3dztwa lubelskiego do uczestnictwa<br \/>\nw seminarium szkoleniowym<br \/>\n<strong>\u201eZ Kraszewskim po Nadbu\u017ca\u0144skim Szlaku\u201d<\/strong> 2-3 lipca 2012 r.<\/p>\n<p style=\"text-align: center;\">Liczba miejsc ograniczona.<\/p>\n<p style=\"text-align: center;\"><a href=\"http:\/\/wbp.lublin.pl\/wp-content\/uploads\/2012\/05\/komunikaty_2012-07-02-Kraszewski_program-kraszewski-seminarium-wyjazdowe.pdf\">program (pdf)<\/a><\/p>\n<p style=\"text-align: center;\"><a href=\"http:\/\/wbp.lublin.pl\/wp-content\/uploads\/2012\/05\/komunikaty_2012-07-02-Kraszewski_karta-zg%C5%82oszeniowa-seminarium-kraszewski.doc\">karta zg\u0142oszeniowa (doc)<\/a><\/p>\n","protected":false},"excerpt":{"rendered":"","protected":false},"author":9,"featured_media":0,"comment_status":"open","ping_status":"open","sticky":false,"template":"","format":"standard","meta":{"_tec_requires_first_save":true,"_crdt_document":"","pgc_sgb_lightbox_settings":"","_EventAllDay":false,"_EventTimezone":"","_EventStartDate":"","_EventEndDate":"","_EventStartDateUTC":"","_EventEndDateUTC":"","_EventShowMap":false,"_EventShowMapLink":false,"_EventURL":"","_EventCost":"","_EventCostDescription":"","_EventCurrencySymbol":"","_EventCurrencyCode":"","_EventCurrencyPosition":"","_EventDateTimeSeparator":"","_EventTimeRangeSeparator":"","_EventOrganizerID":[],"_EventVenueID":[],"_OrganizerEmail":"","_OrganizerPhone":"","_OrganizerWebsite":"","_VenueAddress":"","_VenueCity":"","_VenueCountry":"","_VenueProvince":"","_VenueState":"","_VenueZip":"","_VenuePhone":"","_VenueURL":"","_VenueStateProvince":"","_VenueLat":"","_VenueLng":"","_VenueShowMap":false,"_VenueShowMapLink":false,"_tribe_blocks_recurrence_rules":"","_tribe_blocks_recurrence_description":"","_tribe_blocks_recurrence_exclusions":"","footnotes":""},"categories":[101],"tags":[],"class_list":["post-7851","post","type-post","status-publish","format-standard","hentry","category-komunikaty-branzowe-archiwum"],"publishpress_future_action":{"enabled":false,"date":"2026-05-06 15:54:50","action":"change-status","newStatus":"draft","terms":[],"taxonomy":"category","extraData":[]},"publishpress_future_workflow_manual_trigger":{"enabledWorkflows":[]},"_links":{"self":[{"href":"https:\/\/wbp.lublin.pl\/index.php\/wp-json\/wp\/v2\/posts\/7851","targetHints":{"allow":["GET"]}}],"collection":[{"href":"https:\/\/wbp.lublin.pl\/index.php\/wp-json\/wp\/v2\/posts"}],"about":[{"href":"https:\/\/wbp.lublin.pl\/index.php\/wp-json\/wp\/v2\/types\/post"}],"author":[{"embeddable":true,"href":"https:\/\/wbp.lublin.pl\/index.php\/wp-json\/wp\/v2\/users\/9"}],"replies":[{"embeddable":true,"href":"https:\/\/wbp.lublin.pl\/index.php\/wp-json\/wp\/v2\/comments?post=7851"}],"version-history":[{"count":3,"href":"https:\/\/wbp.lublin.pl\/index.php\/wp-json\/wp\/v2\/posts\/7851\/revisions"}],"predecessor-version":[{"id":12629,"href":"https:\/\/wbp.lublin.pl\/index.php\/wp-json\/wp\/v2\/posts\/7851\/revisions\/12629"}],"wp:attachment":[{"href":"https:\/\/wbp.lublin.pl\/index.php\/wp-json\/wp\/v2\/media?parent=7851"}],"wp:term":[{"taxonomy":"category","embeddable":true,"href":"https:\/\/wbp.lublin.pl\/index.php\/wp-json\/wp\/v2\/categories?post=7851"},{"taxonomy":"post_tag","embeddable":true,"href":"https:\/\/wbp.lublin.pl\/index.php\/wp-json\/wp\/v2\/tags?post=7851"}],"curies":[{"name":"wp","href":"https:\/\/api.w.org\/{rel}","templated":true}]}}