{"id":7903,"date":"2012-06-22T12:08:51","date_gmt":"2012-06-22T10:08:51","guid":{"rendered":"https:\/\/wbp.lublin.pl8\/index.php\/2012\/06\/22\/dunant-sarah-swiete-serca\/"},"modified":"2018-07-02T21:56:25","modified_gmt":"2018-07-02T19:56:25","slug":"dunant-sarah-swiete-serca","status":"publish","type":"post","link":"https:\/\/wbp.lublin.pl\/index.php\/2012\/06\/22\/dunant-sarah-swiete-serca\/","title":{"rendered":"Dunant Sarah: \u015awi\u0119te serca"},"content":{"rendered":"<p><!-- [if gte mso 9]><xml>     Normal   0   21         false   false   false                             MicrosoftInternetExplorer4   <\/xml><![endif]--><!-- [if gte mso 9]><![endif]--><!-- [if gte mso 10]>\n\n\n\n<style>  \/* Style Definitions *\/  table.MsoNormalTable \t{ \tmso-style-parent:\"\"; \tfont-size:10.0pt;\"Times New Roman\";} <\/style>\n\n <![endif]--><\/p>\n<div><b>\u201e\u015awi\u0119te serca\u201d- Sarah Dunant<\/b><\/div>\n<p style=\"text-align: justify;\">&#8211; to powie\u015b\u0107 historyczno-obyczajowa. Akcja powie\u015bci rozgrywa si\u0119 w 1570 roku w mie\u015bcie Ferrara we W\u0142oszech w klasztorze \u015bw. Katarzyny. Do klasztoru wst\u0119puje 16 letnia szlachcianka i przyjmuje imi\u0119 zakonne Serafina. Dziewczyna zostaje mniszk\u0105 wbrew w\u0142asnej woli. Jej rodzic\u00f3w sta\u0107 by\u0142o na wydanie za m\u0105\u017c tylko jednej c\u00f3rki, st\u0105d Serafina musia\u0142a za\u0142o\u017cy\u0107 habit zakonny. Od pierwszych dni dziewczyna buntuje si\u0119 przeciw klauzurze i jest agresywna, nie mo\u017ce pogodzi\u0107 si\u0119 ze swoim losem. Zakochana w nauczycielu muzyki, planuje ucieczk\u0119 z klasztoru, ale nie b\u0119dzie to takie proste. Zostaje przydzielona do pomocy siostrze Zuanie. Zuana jest infirmerk\u0105; zajmuje si\u0119 klasztorn\u0105 aptek\u0105 i izb\u0105 chorych. To wykszta\u0142cona kobieta, posiada du\u017c\u0105 wiedz\u0119 medyczn\u0105, ale nie mo\u017ce jej wykorzysta\u0107 w \u017cyciu \u015bwieckim. Nie maj\u0105c szans na zam\u0105\u017cp\u00f3j\u015bcie, musia\u0142a ukry\u0107 si\u0119 za murami klasztoru. Serafina ci\u0105gle jest blisko Zuany, licz\u0105c, \u017ce ona pomo\u017ce jej w realizacji prywatnych cel\u00f3w.<\/p>\n<p style=\"text-align: justify;\">Sarah\u00a0Dunant opisuje codzienne \u017cycie mniszek i wnikliwie oddaje klimat \u017ce\u0144skiego klasztoru. Przestrzeganie codziennego rygoru i zasad zakonnych nie jest \u0142atwe, ale cz\u0119\u015b\u0107 si\u00f3str przyzwyczaja si\u0119 do takiego \u017cycia. Reszta jednak traktuje to miejsce jak wi\u0119zienie. Obserwuj\u0105c struktur\u0119 klasztoru mo\u017cna stwierdzi\u0107, \u017ce \u017cyj\u0105 w nim dwie grupy zakonnic, a o przynale\u017cno\u015bci do grupy decyduje wysoko\u015b\u0107 wniesionego posagu. Czym bogatsza siostra, tym ma wi\u0119ksze przywileje. Zakonnice ch\u00f3rowe wykonuj\u0105 lekkie prace fizyczne, ich s\u0142u\u017c\u0105ce to siostry konwerski. Te biedne siostry zajmuj\u0105 si\u0119 kuchni\u0105, ogrodem i ci\u0119\u017cszymi pracami fizycznymi.<\/p>\n<p style=\"text-align: justify;\">Atmosfera klasztoru nie zawsze\u00a0sprzyja szczerej s\u0142u\u017cbie Bogu i modlitwie. Jedna grupa nawo\u0142uje do pokuty, umartwia si\u0119 i \u015bci\u015ble przestrzega regu\u0142 klasztornych. Inna grupa traktuje klasztor jako miejsce rozrywki i kultury: wystawiaj\u0105c sztuki i koncerty religijne.<\/p>\n<p style=\"text-align: justify;\">\u201e\u015awi\u0119te serca\u201d to historia m\u0142odych dziewczyn, kt\u00f3re zosta\u0142y zmuszone do za\u0142o\u017cenia habitu zakonnego. Ponadto jest to opowie\u015b\u0107 o mi\u0142o\u015bci i nami\u0119tno\u015bci, co czyni t\u0119 powie\u015b\u0107 jeszcze bardziej interesuj\u0105c\u0105. To \u015bwietna lektura na d\u0142ugie, jesienno-zimowe wieczory.<\/p>\n","protected":false},"excerpt":{"rendered":"<p>\u201e\u015awi\u0119te serca\u201d- Sarah Dunant &#8211; to powie\u015b\u0107 historyczno-obyczajowa. Akcja powie\u015bci rozgrywa si\u0119 w 1570 roku w mie\u015bcie Ferrara we W\u0142oszech w klasztorze \u015bw. Katarzyny. Do klasztoru wst\u0119puje 16 letnia szlachcianka [&hellip;]<\/p>\n","protected":false},"author":18,"featured_media":0,"comment_status":"open","ping_status":"open","sticky":false,"template":"","format":"standard","meta":{"_tec_requires_first_save":true,"_crdt_document":"","pgc_sgb_lightbox_settings":"","_EventAllDay":false,"_EventTimezone":"","_EventStartDate":"","_EventEndDate":"","_EventStartDateUTC":"","_EventEndDateUTC":"","_EventShowMap":false,"_EventShowMapLink":false,"_EventURL":"","_EventCost":"","_EventCostDescription":"","_EventCurrencySymbol":"","_EventCurrencyCode":"","_EventCurrencyPosition":"","_EventDateTimeSeparator":"","_EventTimeRangeSeparator":"","_EventOrganizerID":[],"_EventVenueID":[],"_OrganizerEmail":"","_OrganizerPhone":"","_OrganizerWebsite":"","_VenueAddress":"","_VenueCity":"","_VenueCountry":"","_VenueProvince":"","_VenueState":"","_VenueZip":"","_VenuePhone":"","_VenueURL":"","_VenueStateProvince":"","_VenueLat":"","_VenueLng":"","_VenueShowMap":false,"_VenueShowMapLink":false,"_tribe_blocks_recurrence_rules":"","_tribe_blocks_recurrence_description":"","_tribe_blocks_recurrence_exclusions":"","footnotes":""},"categories":[110],"tags":[],"class_list":["post-7903","post","type-post","status-publish","format-standard","hentry","category-recenzje-klubowiczow"],"publishpress_future_action":{"enabled":false,"date":"2026-05-06 05:00:22","action":"change-status","newStatus":"draft","terms":[],"taxonomy":"category","extraData":[]},"publishpress_future_workflow_manual_trigger":{"enabledWorkflows":[]},"_links":{"self":[{"href":"https:\/\/wbp.lublin.pl\/index.php\/wp-json\/wp\/v2\/posts\/7903","targetHints":{"allow":["GET"]}}],"collection":[{"href":"https:\/\/wbp.lublin.pl\/index.php\/wp-json\/wp\/v2\/posts"}],"about":[{"href":"https:\/\/wbp.lublin.pl\/index.php\/wp-json\/wp\/v2\/types\/post"}],"author":[{"embeddable":true,"href":"https:\/\/wbp.lublin.pl\/index.php\/wp-json\/wp\/v2\/users\/18"}],"replies":[{"embeddable":true,"href":"https:\/\/wbp.lublin.pl\/index.php\/wp-json\/wp\/v2\/comments?post=7903"}],"version-history":[{"count":2,"href":"https:\/\/wbp.lublin.pl\/index.php\/wp-json\/wp\/v2\/posts\/7903\/revisions"}],"predecessor-version":[{"id":12869,"href":"https:\/\/wbp.lublin.pl\/index.php\/wp-json\/wp\/v2\/posts\/7903\/revisions\/12869"}],"wp:attachment":[{"href":"https:\/\/wbp.lublin.pl\/index.php\/wp-json\/wp\/v2\/media?parent=7903"}],"wp:term":[{"taxonomy":"category","embeddable":true,"href":"https:\/\/wbp.lublin.pl\/index.php\/wp-json\/wp\/v2\/categories?post=7903"},{"taxonomy":"post_tag","embeddable":true,"href":"https:\/\/wbp.lublin.pl\/index.php\/wp-json\/wp\/v2\/tags?post=7903"}],"curies":[{"name":"wp","href":"https:\/\/api.w.org\/{rel}","templated":true}]}}