{"id":7904,"date":"2012-06-22T12:12:21","date_gmt":"2012-06-22T10:12:21","guid":{"rendered":"https:\/\/wbp.lublin.pl8\/index.php\/2012\/06\/22\/kosmowska-barbara-samotni-pl\/"},"modified":"2018-07-02T21:57:08","modified_gmt":"2018-07-02T19:57:08","slug":"kosmowska-barbara-samotni-pl","status":"publish","type":"post","link":"https:\/\/wbp.lublin.pl\/index.php\/2012\/06\/22\/kosmowska-barbara-samotni-pl\/","title":{"rendered":"Kosmowska Barbara: Samotni.pl"},"content":{"rendered":"<p><!-- [if gte mso 9]><xml>     Normal   0   21         false   false   false                             MicrosoftInternetExplorer4   <\/xml><![endif]--><!-- [if gte mso 9]><![endif]--><!-- [if gte mso 10]>\n\n\n\n<style>  \/* Style Definitions *\/  table.MsoNormalTable \t{ \tmso-style-parent:\"\"; \tfont-size:10.0pt;\"Times New Roman\";} <\/style>\n\n <![endif]--><\/p>\n<p style=\"text-align: justify;\">Ksi\u0105\u017cka przedstawia problemy m\u0142odych ludzi, wkraczaj\u0105cych w \u015bwiat doros\u0142ych. Bohaterowie powie\u015bci czuj\u0105 si\u0119 samotni, opuszczeni przez bliskich. G\u0142\u00f3wne postacie to: Zosia, Joanna i Wiktor. Ich losy s\u0105 ze sob\u0105 powi\u0105zane. Wszyscy s\u0105 na etapie budowania nowego \u017cycia.<\/p>\n<p style=\"text-align: justify;\">Matka Wiktora wyje\u017cd\u017ca do Anglii. Ch\u0142opak zostaje z babci\u0105. Bardzo t\u0119skni za matk\u0105. Jedyn\u0105 pami\u0105tk\u0105 po matce\u00a0s\u0105 stare d\u017cinsy i sweter, kt\u00f3re dosta\u0142 przed jej wyjazdem. Wiktor pasjonuje si\u0119 modelami samolot\u00f3w, kt\u00f3re cierpliwie klei i \u0142\u0105czy. Marzy o skonstruowaniu samolotu, kt\u00f3ry wystartuje prosto do angielskiego mieszkania matki. Ch\u0142opak opiekuje si\u0119 babci\u0105, kt\u00f3ra stara si\u0119 stworzy\u0107 mu prawdziwy dom. Choroba babci stawia go przed powa\u017cnym problemem braku pieni\u0119dzy\u00a0\u00a0 na jej leczenie. Wpada w nieciekawe towarzystwo koleg\u00f3w, ale \u017cyczliwi ludzie pomagaj\u0105 mu zerwa\u0107 ze \u015brodowiskiem przest\u0119pczym. Autorka porusza tu problem eurosieroctwa \u2013 masowych wyjazd\u00f3w rodzic\u00f3w za prac\u0105 i ich dzieci, pozostawianych w kraju.<\/p>\n<p style=\"text-align: justify;\">M\u0142ody cz\u0142owiek opuszczony przez bliskich, kt\u00f3rzy nie wracaj\u0105, jest osamotniony, pozostawiony sam sobie. W\u0119dr\u00f3wka ku doros\u0142o\u015bci wymaga wsparcia i \u017cyczliwo\u015bci ze strony doros\u0142ych. I takie wsparcie i trosk\u0119 otrzymuje od swojej nauczycielki Zosi. W jej osobie znalaz\u0142 \u201ebratni\u0105 dusz\u0119\u201d.<\/p>\n<p style=\"text-align: justify;\">Zosia i Joanna to przyrodnie siostry. Po \u015bmierci matki zaprzyja\u017aniaj\u0105 si\u0119 ze sob\u0105 i wsp\u00f3lnie wspieraj\u0105 si\u0119 we wszystkich poczynaniach. Joanna pisze listy do matki, kt\u00f3re nigdy do adresatki nie trafi\u0105. Wk\u0142ada je do koperty bez adresu i ukrywa w pude\u0142ku ofiarowanym przez siostr\u0119.<\/p>\n<p style=\"text-align: justify;\">Zosia jest nauczycielk\u0105. Kocha swoich uczni\u00f3w, chce o nich wiedzie\u0107 jak najwi\u0119cej, aby umie\u0107 im pom\u00f3c w chwili, gdy b\u0119d\u0105 tego potrzebowa\u0107. Troszczy si\u0119 o swoich wychowank\u00f3w. Interesuj\u0105 j\u0105 nie tylko wyniki w nauce, ale te\u017c ich \u017cycie pozaszkolne.Dostrzega ich problemy, pomaga znosi\u0107 samotno\u015b\u0107, prawdziwy nauczyciel &#8211; pedagog, przyjaciel m\u0142odzie\u017cy. \u015awiadcz\u0105 o tym m.in. s\u0142owa zawarte w pami\u0119tniku : \u201eMoja klasa to ponad 20 \u017cyciorys\u00f3w i setki osobistych spraw. I tyle samo powod\u00f3w, aby pochyli\u0107 si\u0119 nad ka\u017cd\u0105 biografi\u0105. Nie przegapi\u0107 jakiej\u015b niepozornej bol\u0105czki, kt\u00f3ra mo\u017ce przerodzi\u0107 si\u0119 w czyj\u015b cichy dramat\u201d.<\/p>\n<p style=\"text-align: justify;\">Barbara Kosmowska przedstawia r\u00f3\u017cne odmiany samotno\u015bci, ale wida\u0107 w niej nutk\u0119 optymizmu. Samotno\u015b\u0107 mo\u017cna pokona\u0107, gdy wok\u00f3\u0142 nas znajduj\u0105 si\u0119 ludzie \u017cyczliwi, gotowi do niesienia pomocy, ludzie dla kt\u00f3rych jeste\u015bmy wa\u017cni. Samotno\u015b\u0107 to choroba, z kt\u00f3rej mo\u017cna si\u0119 wyleczy\u0107. Wystarczy rozejrze\u0107 si\u0119 wok\u00f3\u0142 siebie i przekona\u0107 si\u0119, \u017ce s\u0105 ludzie, dla kt\u00f3rych jeste\u015bmy wa\u017cni, ludzie wra\u017cliwi, ch\u0119tni do niesienia pomocy.<\/p>\n<p style=\"text-align: justify;\">Polecam przeczytanie tej ksi\u0105\u017cki. Jest to ksi\u0105\u017cka nie tylko dla m\u0142odzie\u017cy, ale i dla doros\u0142ych.<\/p>\n","protected":false},"excerpt":{"rendered":"<p>Ksi\u0105\u017cka przedstawia problemy m\u0142odych ludzi, wkraczaj\u0105cych w \u015bwiat doros\u0142ych. Bohaterowie powie\u015bci czuj\u0105 si\u0119 samotni, opuszczeni przez bliskich. G\u0142\u00f3wne postacie to: Zosia, Joanna i Wiktor. Ich losy s\u0105 ze sob\u0105 powi\u0105zane. [&hellip;]<\/p>\n","protected":false},"author":18,"featured_media":0,"comment_status":"open","ping_status":"open","sticky":false,"template":"","format":"standard","meta":{"_tec_requires_first_save":true,"_crdt_document":"","pgc_sgb_lightbox_settings":"","_EventAllDay":false,"_EventTimezone":"","_EventStartDate":"","_EventEndDate":"","_EventStartDateUTC":"","_EventEndDateUTC":"","_EventShowMap":false,"_EventShowMapLink":false,"_EventURL":"","_EventCost":"","_EventCostDescription":"","_EventCurrencySymbol":"","_EventCurrencyCode":"","_EventCurrencyPosition":"","_EventDateTimeSeparator":"","_EventTimeRangeSeparator":"","_EventOrganizerID":[],"_EventVenueID":[],"_OrganizerEmail":"","_OrganizerPhone":"","_OrganizerWebsite":"","_VenueAddress":"","_VenueCity":"","_VenueCountry":"","_VenueProvince":"","_VenueState":"","_VenueZip":"","_VenuePhone":"","_VenueURL":"","_VenueStateProvince":"","_VenueLat":"","_VenueLng":"","_VenueShowMap":false,"_VenueShowMapLink":false,"_tribe_blocks_recurrence_rules":"","_tribe_blocks_recurrence_description":"","_tribe_blocks_recurrence_exclusions":"","footnotes":""},"categories":[110],"tags":[],"class_list":["post-7904","post","type-post","status-publish","format-standard","hentry","category-recenzje-klubowiczow"],"publishpress_future_action":{"enabled":false,"date":"2026-05-06 09:05:57","action":"change-status","newStatus":"draft","terms":[],"taxonomy":"category","extraData":[]},"publishpress_future_workflow_manual_trigger":{"enabledWorkflows":[]},"_links":{"self":[{"href":"https:\/\/wbp.lublin.pl\/index.php\/wp-json\/wp\/v2\/posts\/7904","targetHints":{"allow":["GET"]}}],"collection":[{"href":"https:\/\/wbp.lublin.pl\/index.php\/wp-json\/wp\/v2\/posts"}],"about":[{"href":"https:\/\/wbp.lublin.pl\/index.php\/wp-json\/wp\/v2\/types\/post"}],"author":[{"embeddable":true,"href":"https:\/\/wbp.lublin.pl\/index.php\/wp-json\/wp\/v2\/users\/18"}],"replies":[{"embeddable":true,"href":"https:\/\/wbp.lublin.pl\/index.php\/wp-json\/wp\/v2\/comments?post=7904"}],"version-history":[{"count":2,"href":"https:\/\/wbp.lublin.pl\/index.php\/wp-json\/wp\/v2\/posts\/7904\/revisions"}],"predecessor-version":[{"id":12911,"href":"https:\/\/wbp.lublin.pl\/index.php\/wp-json\/wp\/v2\/posts\/7904\/revisions\/12911"}],"wp:attachment":[{"href":"https:\/\/wbp.lublin.pl\/index.php\/wp-json\/wp\/v2\/media?parent=7904"}],"wp:term":[{"taxonomy":"category","embeddable":true,"href":"https:\/\/wbp.lublin.pl\/index.php\/wp-json\/wp\/v2\/categories?post=7904"},{"taxonomy":"post_tag","embeddable":true,"href":"https:\/\/wbp.lublin.pl\/index.php\/wp-json\/wp\/v2\/tags?post=7904"}],"curies":[{"name":"wp","href":"https:\/\/api.w.org\/{rel}","templated":true}]}}