{"id":79482,"date":"2026-02-25T08:02:42","date_gmt":"2026-02-25T07:02:42","guid":{"rendered":"https:\/\/wbp.lublin.pl\/?p=79482"},"modified":"2026-03-16T18:10:49","modified_gmt":"2026-03-16T17:10:49","slug":"bioplastyka-wiktoria-matysiewicz","status":"publish","type":"post","link":"https:\/\/wbp.lublin.pl\/index.php\/2026\/02\/25\/bioplastyka-wiktoria-matysiewicz\/","title":{"rendered":"\u201eBIOplastyka\u201d- wystawa fotografii Wiktorii Matysiewicz"},"content":{"rendered":"\n<!--more-->\n\n\n\n<p class=\"has-text-align-center wp-block-paragraph\">Wojew\u00f3dzka Biblioteka Publiczna im. Hieronima \u0141opaci\u0144skiego w Lublinie<\/p>\n\n\n\n<p class=\"has-text-align-center wp-block-paragraph\">zaprasza<\/p>\n\n\n\n<p class=\"has-text-align-center wp-block-paragraph\"> na wystaw\u0119 fotografii Wiktorii Matysiewicz<\/p>\n\n\n\n<p class=\"has-text-align-center wp-block-paragraph\"><strong>\u201eBIOplastyka\u201d <\/strong><\/p>\n\n\n<div class=\"wp-block-image\">\n<figure class=\"aligncenter size-large is-resized\"><img data-dominant-color=\"8b8b8c\" data-has-transparency=\"false\" loading=\"lazy\" decoding=\"async\" width=\"1562\" height=\"1080\" sizes=\"auto, (max-width: 1562px) 100vw, 1562px\" src=\"https:\/\/wbp.lublin.pl\/wp-content\/uploads\/2026\/02\/plakat-6_page-0001-1562x1080.webp\" alt=\"BIOplastyka \u2013 Wiktoria Matysiewicz\" class=\"wp-image-79484 not-transparent\" style=\"--dominant-color: #8b8b8c; aspect-ratio:1.4463276836158192;width:401px;height:auto\" srcset=\"https:\/\/wbp.lublin.pl\/wp-content\/uploads\/2026\/02\/plakat-6_page-0001-1562x1080.webp 1562w, https:\/\/wbp.lublin.pl\/wp-content\/uploads\/2026\/02\/plakat-6_page-0001-600x415.webp 600w, https:\/\/wbp.lublin.pl\/wp-content\/uploads\/2026\/02\/plakat-6_page-0001-400x277.webp 400w, https:\/\/wbp.lublin.pl\/wp-content\/uploads\/2026\/02\/plakat-6_page-0001-768x531.webp 768w, https:\/\/wbp.lublin.pl\/wp-content\/uploads\/2026\/02\/plakat-6_page-0001-1536x1062.webp 1536w, https:\/\/wbp.lublin.pl\/wp-content\/uploads\/2026\/02\/plakat-6_page-0001-2048x1416.webp 2048w, https:\/\/wbp.lublin.pl\/wp-content\/uploads\/2026\/02\/plakat-6_page-0001-947x655.webp 947w, https:\/\/wbp.lublin.pl\/wp-content\/uploads\/2026\/02\/plakat-6_page-0001-624x432.webp 624w\" \/><\/figure>\n<\/div>\n\n\n<p class=\"has-text-align-center wp-block-paragraph\"><strong>20.02. \u2013 12.03.2026 r.<\/strong><br><strong>Autorska Galeria Hol<\/strong>\u00a0(parter)<br>Wojew\u00f3dzka Biblioteka Publiczna im. Hieronima \u0141opaci\u0144skiego w Lublinie<br>ul. Gabriela Narutowicza 4, Lublin<\/p>\n\n\n\n<p class=\"has-text-align-center wp-block-paragraph\">Wystawa b\u0119dzie czynna w godzinach pracy Biblioteki.<\/p>\n\n\n\n<hr class=\"wp-block-separator has-alpha-channel-opacity\"\/>\n\n\n\n<p class=\"wp-block-paragraph\"><strong>\u201eBioplastyka\u201d <\/strong>to cykl fotografii Wiktorii Matysiewicz, rozwijany i stopniowo poszerzany projekt artystyczny, w kt\u00f3rym \u015bwiat natury i cz\u0142owieka zostaje poddany geometryzacji oraz wizualnej reinterpretacji. Artystka scala cia\u0142o z organiczn\u0105 struktur\u0105, przekszta\u0142ca znane formy i nadaje im now\u0105 narracj\u0119.<br>Prezentowane prace s\u0105 zr\u00f3\u017cnicowane formalnie \u2013 obejmuj\u0105 fotografie mikroskopowe, akty, kompozycje czarno-bia\u0142e i kolorowe oraz obrazy balansuj\u0105ce na granicy fotografii i grafiki. W centrum znajduje si\u0119 materia \u2013 ta, kt\u00f3ra nas otacza, i ta, kt\u00f3r\u0105 sami jeste\u015bmy.<br>Tytu\u0142owa \u201ebioplastyka\u201d odnosi si\u0119 zar\u00f3wno do fizycznej plastyczno\u015bci natury, jak i do mo\u017cliwo\u015bci fotografii jako medium zdolnego do przekszta\u0142cania biologii w wizualn\u0105 metafor\u0119. Fotografie nie dokumentuj\u0105 rzeczywisto\u015bci wprost \u2013 buduj\u0105 hybrydyczne formy, balansuj\u0105ce mi\u0119dzy cia\u0142em, natur\u0105 a abstrakcj\u0105.<br>To opowie\u015b\u0107 o przenikaniu si\u0119 organiki, struktury i obrazu.<\/p>\n\n\n\n<p class=\"wp-block-paragraph\"><strong>Wiktoria Matysiewicz<\/strong> \u2013 studentka kierunku Konserwacja i Restauracja Dzie\u0142 Sztuki na Akademii Sztuk Pi\u0119knych im. Jana Matejki w Krakowie. Jej zainteresowania artystyczne koncentruj\u0105 si\u0119 wok\u00f3\u0142 pracy z materi\u0105, form\u0105 i struktur\u0105 wizualn\u0105. Fotografi\u0105 zajmuje si\u0119 od czasu nauki w lubelskim liceum plastycznym, obecnie rozwija j\u0105 jako przestrze\u0144 osobistej eksploracji tw\u00f3rczej.<br>W swoich pracach \u0142\u0105czy wra\u017cliwo\u015b\u0107 konserwatorsk\u0105 z eksperymentem wizualnym, badaj\u0105c relacje mi\u0119dzy natur\u0105, cia\u0142em a obrazem fotograficznym.<\/p>\n\n\n<div class=\"wp-block-image\">\n<figure class=\"aligncenter size-full is-resized\"><img data-dominant-color=\"ece5e5\" data-has-transparency=\"false\" loading=\"lazy\" decoding=\"async\" width=\"1316\" height=\"280\" sizes=\"auto, (max-width: 1316px) 100vw, 1316px\" src=\"https:\/\/wbp.lublin.pl\/wp-content\/uploads\/2026\/02\/plakat-6_page-0002.webp\" alt=\"BIOplastyka \u2013 Wiktoria Matysiewicz\" class=\"wp-image-79492 not-transparent\" style=\"--dominant-color: #ece5e5; aspect-ratio:4.700122399020808;width:541px;height:auto\" srcset=\"https:\/\/wbp.lublin.pl\/wp-content\/uploads\/2026\/02\/plakat-6_page-0002.webp 1316w, https:\/\/wbp.lublin.pl\/wp-content\/uploads\/2026\/02\/plakat-6_page-0002-600x128.webp 600w, https:\/\/wbp.lublin.pl\/wp-content\/uploads\/2026\/02\/plakat-6_page-0002-400x85.webp 400w, https:\/\/wbp.lublin.pl\/wp-content\/uploads\/2026\/02\/plakat-6_page-0002-768x163.webp 768w, https:\/\/wbp.lublin.pl\/wp-content\/uploads\/2026\/02\/plakat-6_page-0002-947x201.webp 947w, https:\/\/wbp.lublin.pl\/wp-content\/uploads\/2026\/02\/plakat-6_page-0002-624x133.webp 624w\" \/><\/figure>\n<\/div>\n\n\n<p class=\"has-text-align-right wp-block-paragraph\"><em>Dzia\u0142 Informacji i Promocji<\/em><\/p>\n","protected":false},"excerpt":{"rendered":"","protected":false},"author":21,"featured_media":79484,"comment_status":"closed","ping_status":"closed","sticky":false,"template":"","format":"standard","meta":{"_tec_requires_first_save":true,"_crdt_document":"","pgc_sgb_lightbox_settings":"","_EventAllDay":false,"_EventTimezone":"","_EventStartDate":"","_EventEndDate":"","_EventStartDateUTC":"","_EventEndDateUTC":"","_EventShowMap":false,"_EventShowMapLink":false,"_EventURL":"","_EventCost":"","_EventCostDescription":"","_EventCurrencySymbol":"","_EventCurrencyCode":"","_EventCurrencyPosition":"","_EventDateTimeSeparator":"","_EventTimeRangeSeparator":"","_EventOrganizerID":[],"_EventVenueID":[],"_OrganizerEmail":"","_OrganizerPhone":"","_OrganizerWebsite":"","_VenueAddress":"","_VenueCity":"","_VenueCountry":"","_VenueProvince":"","_VenueState":"","_VenueZip":"","_VenuePhone":"","_VenueURL":"","_VenueStateProvince":"","_VenueLat":"","_VenueLng":"","_VenueShowMap":false,"_VenueShowMapLink":false,"_tribe_blocks_recurrence_rules":"","_tribe_blocks_recurrence_description":"","_tribe_blocks_recurrence_exclusions":"","footnotes":""},"categories":[10,55],"tags":[],"class_list":["post-79482","post","type-post","status-publish","format-standard","has-post-thumbnail","hentry","category-aktualnosci","category-wystawy"],"publishpress_future_action":{"enabled":false,"date":"2026-05-03 08:30:20","action":"change-status","newStatus":"draft","terms":[],"taxonomy":"category","extraData":[]},"publishpress_future_workflow_manual_trigger":{"enabledWorkflows":[]},"_links":{"self":[{"href":"https:\/\/wbp.lublin.pl\/index.php\/wp-json\/wp\/v2\/posts\/79482","targetHints":{"allow":["GET"]}}],"collection":[{"href":"https:\/\/wbp.lublin.pl\/index.php\/wp-json\/wp\/v2\/posts"}],"about":[{"href":"https:\/\/wbp.lublin.pl\/index.php\/wp-json\/wp\/v2\/types\/post"}],"author":[{"embeddable":true,"href":"https:\/\/wbp.lublin.pl\/index.php\/wp-json\/wp\/v2\/users\/21"}],"replies":[{"embeddable":true,"href":"https:\/\/wbp.lublin.pl\/index.php\/wp-json\/wp\/v2\/comments?post=79482"}],"version-history":[{"count":7,"href":"https:\/\/wbp.lublin.pl\/index.php\/wp-json\/wp\/v2\/posts\/79482\/revisions"}],"predecessor-version":[{"id":80479,"href":"https:\/\/wbp.lublin.pl\/index.php\/wp-json\/wp\/v2\/posts\/79482\/revisions\/80479"}],"wp:featuredmedia":[{"embeddable":true,"href":"https:\/\/wbp.lublin.pl\/index.php\/wp-json\/wp\/v2\/media\/79484"}],"wp:attachment":[{"href":"https:\/\/wbp.lublin.pl\/index.php\/wp-json\/wp\/v2\/media?parent=79482"}],"wp:term":[{"taxonomy":"category","embeddable":true,"href":"https:\/\/wbp.lublin.pl\/index.php\/wp-json\/wp\/v2\/categories?post=79482"},{"taxonomy":"post_tag","embeddable":true,"href":"https:\/\/wbp.lublin.pl\/index.php\/wp-json\/wp\/v2\/tags?post=79482"}],"curies":[{"name":"wp","href":"https:\/\/api.w.org\/{rel}","templated":true}]}}