{"id":79528,"date":"2026-02-23T11:25:57","date_gmt":"2026-02-23T10:25:57","guid":{"rendered":"https:\/\/wbp.lublin.pl\/?p=79528"},"modified":"2026-03-19T15:49:40","modified_gmt":"2026-03-19T14:49:40","slug":"spacer-sladami-hieronima-lopacinskiego-w-lublinie-w-obiektywie","status":"publish","type":"post","link":"https:\/\/wbp.lublin.pl\/index.php\/2026\/02\/23\/spacer-sladami-hieronima-lopacinskiego-w-lublinie-w-obiektywie\/","title":{"rendered":"Spacer \u015bladami Hieronima \u0141opaci\u0144skiego w obiektywie"},"content":{"rendered":"\n<!--more-->\n\n\n\n<p class=\"wp-block-paragraph\">21 lutego 2026 roku, z okazji Mi\u0119dzynarodowego Dnia Przewodnika Turystycznego, odby\u0142 si\u0119 spacer edukacyjny \u201e\u015aladami Hieronima \u0141opaci\u0144skiego\u201d. Wydarzenie zosta\u0142o zorganizowane wsp\u00f3lnie przez Polskie Towarzystwo Turystyczno-Krajoznawcze Oddzia\u0142 Miejski im. Aleksandra Janowskiego w Lublinie, Ko\u0142o Przewodnik\u00f3w Miejskich i Terenowych im. Miko\u0142aja Stanis\u0142awa Pajdowskiego oraz Wojew\u00f3dzk\u0105 Bibliotek\u0119 Publiczn\u0105 im. Hieronima \u0141opaci\u0144skiego w Lublinie.<br>Spacer rozpocz\u0105\u0142 si\u0119 pod gmachem Biblioteki i poprowadzi\u0142 uczestnik\u00f3w przez miejsca zwi\u0105zane z histori\u0105 Lublina oraz \u017cyciem i dzia\u0142alno\u015bci\u0105 patrona Biblioteki \u2013 wybitnego j\u0119zykoznawcy, etnografa, historyka i bibliofila. Trasa obejmowa\u0142a m.in. dawne Gimnazjum Rz\u0105dowe, Ko\u015bci\u00f3\u0142 Pobrygidkowski, Krakowskie Przedmie\u015bcie, Archikatedr\u0119 Lubelsk\u0105, Stare Miasto oraz Wzg\u00f3rze Zamkowe.  <br>Mieszka\u0144c\u00f3w Lublina oprowadzali cz\u0142onkowie Ko\u0142a Przewodnik\u00f3w Miejskich i Terenowych im. Miko\u0142aja Stanis\u0142awa Pajdowskiego \u2013 Oddzia\u0142u Miejskiego PTTK w Lublinie: Ewa Jezierska, Agnieszka Kr\u00f3l, Agata Witkowska, Maria Wi\u015bnioch-Filo oraz Jerzy Mleczek.<br><\/p>\n\n\n\n<p class=\"wp-block-paragraph\"><a href=\"https:\/\/podcasty.radiolublin.pl\/podroze-male-i-duze-sladami-hieronima-lopacinskiego\">https:\/\/podcasty.radiolublin.pl\/podroze-male-i-duze-sladami-hieronima-lopacinskiego<\/a><\/p>\n\n\n\n<figure class=\"wp-block-gallery has-nested-images columns-2 is-cropped wp-block-gallery-1 is-layout-flex wp-block-gallery-is-layout-flex\">\n<figure class=\"wp-block-image size-large\"><a href=\"https:\/\/wbp.lublin.pl\/wp-content\/uploads\/2026\/02\/20260221_100407-scaled.webp\"><img data-dominant-color=\"726365\" data-has-transparency=\"false\" style=\"--dominant-color: #726365;\" loading=\"lazy\" decoding=\"async\" width=\"810\" height=\"1080\" sizes=\"auto, (max-width: 810px) 100vw, 810px\" data-id=\"79529\" src=\"https:\/\/wbp.lublin.pl\/wp-content\/uploads\/2026\/02\/20260221_100407-810x1080.webp\" alt=\"Spacer \u015bladami Hieronima \u0141opaci\u0144skiego w Lublinie w obiektywie\" class=\"wp-image-79529 not-transparent\" srcset=\"https:\/\/wbp.lublin.pl\/wp-content\/uploads\/2026\/02\/20260221_100407-810x1080.webp 810w, https:\/\/wbp.lublin.pl\/wp-content\/uploads\/2026\/02\/20260221_100407-450x600.webp 450w, https:\/\/wbp.lublin.pl\/wp-content\/uploads\/2026\/02\/20260221_100407-300x400.webp 300w, https:\/\/wbp.lublin.pl\/wp-content\/uploads\/2026\/02\/20260221_100407-768x1024.webp 768w, https:\/\/wbp.lublin.pl\/wp-content\/uploads\/2026\/02\/20260221_100407-1152x1536.webp 1152w, https:\/\/wbp.lublin.pl\/wp-content\/uploads\/2026\/02\/20260221_100407-1536x2048.webp 1536w, https:\/\/wbp.lublin.pl\/wp-content\/uploads\/2026\/02\/20260221_100407-947x1263.webp 947w, https:\/\/wbp.lublin.pl\/wp-content\/uploads\/2026\/02\/20260221_100407-624x832.webp 624w, https:\/\/wbp.lublin.pl\/wp-content\/uploads\/2026\/02\/20260221_100407-scaled.webp 1920w\" \/><\/a><figcaption class=\"wp-element-caption\">Maria Wi\u015bnioch-Filo &#8211; koordynator wydarzenia z ramienia Ko\u0142a Przewodnik\u00f3w Miejskich i Terenowych PTTK w Lublinie<\/figcaption><\/figure>\n\n\n\n<figure class=\"wp-block-image size-large\"><a href=\"https:\/\/wbp.lublin.pl\/wp-content\/uploads\/2026\/02\/20260221_100616-scaled.webp\"><img data-dominant-color=\"7a6e6c\" data-has-transparency=\"false\" style=\"--dominant-color: #7a6e6c;\" loading=\"lazy\" decoding=\"async\" width=\"810\" height=\"1080\" sizes=\"auto, (max-width: 810px) 100vw, 810px\" data-id=\"79530\" src=\"https:\/\/wbp.lublin.pl\/wp-content\/uploads\/2026\/02\/20260221_100616-810x1080.webp\" alt=\"Spacer \u015bladami Hieronima \u0141opaci\u0144skiego w Lublinie w obiektywie\" class=\"wp-image-79530 not-transparent\" srcset=\"https:\/\/wbp.lublin.pl\/wp-content\/uploads\/2026\/02\/20260221_100616-810x1080.webp 810w, https:\/\/wbp.lublin.pl\/wp-content\/uploads\/2026\/02\/20260221_100616-450x600.webp 450w, https:\/\/wbp.lublin.pl\/wp-content\/uploads\/2026\/02\/20260221_100616-300x400.webp 300w, https:\/\/wbp.lublin.pl\/wp-content\/uploads\/2026\/02\/20260221_100616-768x1024.webp 768w, https:\/\/wbp.lublin.pl\/wp-content\/uploads\/2026\/02\/20260221_100616-1152x1536.webp 1152w, https:\/\/wbp.lublin.pl\/wp-content\/uploads\/2026\/02\/20260221_100616-1536x2048.webp 1536w, https:\/\/wbp.lublin.pl\/wp-content\/uploads\/2026\/02\/20260221_100616-947x1263.webp 947w, https:\/\/wbp.lublin.pl\/wp-content\/uploads\/2026\/02\/20260221_100616-624x832.webp 624w, https:\/\/wbp.lublin.pl\/wp-content\/uploads\/2026\/02\/20260221_100616-scaled.webp 1920w\" \/><\/a><figcaption class=\"wp-element-caption\">Spacer \u015bladami Hieronima \u0141opaci\u0144skiego <\/figcaption><\/figure>\n\n\n\n<figure class=\"wp-block-image size-large\"><a href=\"https:\/\/wbp.lublin.pl\/wp-content\/uploads\/2026\/02\/20260221_100645-scaled.webp\"><img data-dominant-color=\"5c6265\" data-has-transparency=\"false\" style=\"--dominant-color: #5c6265;\" loading=\"lazy\" decoding=\"async\" width=\"810\" height=\"1080\" sizes=\"auto, (max-width: 810px) 100vw, 810px\" data-id=\"79533\" src=\"https:\/\/wbp.lublin.pl\/wp-content\/uploads\/2026\/02\/20260221_100645-810x1080.webp\" alt=\"Spacer \u015bladami Hieronima \u0141opaci\u0144skiego w Lublinie w obiektywie\" class=\"wp-image-79533 not-transparent\" srcset=\"https:\/\/wbp.lublin.pl\/wp-content\/uploads\/2026\/02\/20260221_100645-810x1080.webp 810w, https:\/\/wbp.lublin.pl\/wp-content\/uploads\/2026\/02\/20260221_100645-450x600.webp 450w, https:\/\/wbp.lublin.pl\/wp-content\/uploads\/2026\/02\/20260221_100645-300x400.webp 300w, https:\/\/wbp.lublin.pl\/wp-content\/uploads\/2026\/02\/20260221_100645-768x1024.webp 768w, https:\/\/wbp.lublin.pl\/wp-content\/uploads\/2026\/02\/20260221_100645-1152x1536.webp 1152w, https:\/\/wbp.lublin.pl\/wp-content\/uploads\/2026\/02\/20260221_100645-1536x2048.webp 1536w, https:\/\/wbp.lublin.pl\/wp-content\/uploads\/2026\/02\/20260221_100645-947x1263.webp 947w, https:\/\/wbp.lublin.pl\/wp-content\/uploads\/2026\/02\/20260221_100645-624x832.webp 624w, https:\/\/wbp.lublin.pl\/wp-content\/uploads\/2026\/02\/20260221_100645-scaled.webp 1920w\" \/><\/a><figcaption class=\"wp-element-caption\">Spacer \u015bladami Hieronima \u0141opaci\u0144skiego <\/figcaption><\/figure>\n\n\n\n<figure class=\"wp-block-image size-large\"><a href=\"https:\/\/wbp.lublin.pl\/wp-content\/uploads\/2026\/02\/20260221_101646-scaled.webp\"><img data-dominant-color=\"746d5f\" data-has-transparency=\"false\" style=\"--dominant-color: #746d5f;\" loading=\"lazy\" decoding=\"async\" width=\"810\" height=\"1080\" sizes=\"auto, (max-width: 810px) 100vw, 810px\" data-id=\"79531\" src=\"https:\/\/wbp.lublin.pl\/wp-content\/uploads\/2026\/02\/20260221_101646-810x1080.webp\" alt=\"Spacer \u015bladami Hieronima \u0141opaci\u0144skiego w Lublinie w obiektywie\" class=\"wp-image-79531 not-transparent\" srcset=\"https:\/\/wbp.lublin.pl\/wp-content\/uploads\/2026\/02\/20260221_101646-810x1080.webp 810w, https:\/\/wbp.lublin.pl\/wp-content\/uploads\/2026\/02\/20260221_101646-450x600.webp 450w, https:\/\/wbp.lublin.pl\/wp-content\/uploads\/2026\/02\/20260221_101646-300x400.webp 300w, https:\/\/wbp.lublin.pl\/wp-content\/uploads\/2026\/02\/20260221_101646-768x1024.webp 768w, https:\/\/wbp.lublin.pl\/wp-content\/uploads\/2026\/02\/20260221_101646-1152x1536.webp 1152w, https:\/\/wbp.lublin.pl\/wp-content\/uploads\/2026\/02\/20260221_101646-1536x2048.webp 1536w, https:\/\/wbp.lublin.pl\/wp-content\/uploads\/2026\/02\/20260221_101646-947x1263.webp 947w, https:\/\/wbp.lublin.pl\/wp-content\/uploads\/2026\/02\/20260221_101646-624x832.webp 624w, https:\/\/wbp.lublin.pl\/wp-content\/uploads\/2026\/02\/20260221_101646-scaled.webp 1920w\" \/><\/a><figcaption class=\"wp-element-caption\">Spacer \u015bladami Hieronima \u0141opaci\u0144skiego <\/figcaption><\/figure>\n\n\n\n<figure class=\"wp-block-image size-large\"><a href=\"https:\/\/wbp.lublin.pl\/wp-content\/uploads\/2026\/02\/20260221_101721-scaled.webp\"><img data-dominant-color=\"4f545b\" data-has-transparency=\"false\" style=\"--dominant-color: #4f545b;\" loading=\"lazy\" decoding=\"async\" width=\"810\" height=\"1080\" sizes=\"auto, (max-width: 810px) 100vw, 810px\" data-id=\"79532\" src=\"https:\/\/wbp.lublin.pl\/wp-content\/uploads\/2026\/02\/20260221_101721-810x1080.webp\" alt=\"Spacer \u015bladami Hieronima \u0141opaci\u0144skiego w Lublinie w obiektywie\" class=\"wp-image-79532 not-transparent\" srcset=\"https:\/\/wbp.lublin.pl\/wp-content\/uploads\/2026\/02\/20260221_101721-810x1080.webp 810w, https:\/\/wbp.lublin.pl\/wp-content\/uploads\/2026\/02\/20260221_101721-450x600.webp 450w, https:\/\/wbp.lublin.pl\/wp-content\/uploads\/2026\/02\/20260221_101721-300x400.webp 300w, https:\/\/wbp.lublin.pl\/wp-content\/uploads\/2026\/02\/20260221_101721-768x1024.webp 768w, https:\/\/wbp.lublin.pl\/wp-content\/uploads\/2026\/02\/20260221_101721-1152x1536.webp 1152w, https:\/\/wbp.lublin.pl\/wp-content\/uploads\/2026\/02\/20260221_101721-1536x2048.webp 1536w, https:\/\/wbp.lublin.pl\/wp-content\/uploads\/2026\/02\/20260221_101721-947x1263.webp 947w, https:\/\/wbp.lublin.pl\/wp-content\/uploads\/2026\/02\/20260221_101721-624x832.webp 624w, https:\/\/wbp.lublin.pl\/wp-content\/uploads\/2026\/02\/20260221_101721-scaled.webp 1920w\" \/><\/a><figcaption class=\"wp-element-caption\">Spacer \u015bladami Hieronima \u0141opaci\u0144skiego <\/figcaption><\/figure>\n\n\n\n<figure class=\"wp-block-image size-large\"><a href=\"https:\/\/wbp.lublin.pl\/wp-content\/uploads\/2026\/02\/20260221_101748-scaled.webp\"><img data-dominant-color=\"7b7b7f\" data-has-transparency=\"false\" style=\"--dominant-color: #7b7b7f;\" loading=\"lazy\" decoding=\"async\" width=\"810\" height=\"1080\" sizes=\"auto, (max-width: 810px) 100vw, 810px\" data-id=\"79534\" src=\"https:\/\/wbp.lublin.pl\/wp-content\/uploads\/2026\/02\/20260221_101748-810x1080.webp\" alt=\"Spacer \u015bladami Hieronima \u0141opaci\u0144skiego w Lublinie w obiektywie\" class=\"wp-image-79534 not-transparent\" srcset=\"https:\/\/wbp.lublin.pl\/wp-content\/uploads\/2026\/02\/20260221_101748-810x1080.webp 810w, https:\/\/wbp.lublin.pl\/wp-content\/uploads\/2026\/02\/20260221_101748-450x600.webp 450w, https:\/\/wbp.lublin.pl\/wp-content\/uploads\/2026\/02\/20260221_101748-300x400.webp 300w, https:\/\/wbp.lublin.pl\/wp-content\/uploads\/2026\/02\/20260221_101748-768x1024.webp 768w, https:\/\/wbp.lublin.pl\/wp-content\/uploads\/2026\/02\/20260221_101748-1152x1536.webp 1152w, https:\/\/wbp.lublin.pl\/wp-content\/uploads\/2026\/02\/20260221_101748-1536x2048.webp 1536w, https:\/\/wbp.lublin.pl\/wp-content\/uploads\/2026\/02\/20260221_101748-947x1263.webp 947w, https:\/\/wbp.lublin.pl\/wp-content\/uploads\/2026\/02\/20260221_101748-624x832.webp 624w, https:\/\/wbp.lublin.pl\/wp-content\/uploads\/2026\/02\/20260221_101748-scaled.webp 1920w\" \/><\/a><figcaption class=\"wp-element-caption\">Spacer \u015bladami Hieronima \u0141opaci\u0144skiego <\/figcaption><\/figure>\n\n\n\n<figure class=\"wp-block-image size-large\"><a href=\"https:\/\/wbp.lublin.pl\/wp-content\/uploads\/2026\/02\/20260221_102000-scaled.webp\"><img data-dominant-color=\"616065\" data-has-transparency=\"false\" style=\"--dominant-color: #616065;\" loading=\"lazy\" decoding=\"async\" width=\"810\" height=\"1080\" sizes=\"auto, (max-width: 810px) 100vw, 810px\" data-id=\"79535\" src=\"https:\/\/wbp.lublin.pl\/wp-content\/uploads\/2026\/02\/20260221_102000-810x1080.webp\" alt=\"Spacer \u015bladami Hieronima \u0141opaci\u0144skiego w Lublinie w obiektywie\" class=\"wp-image-79535 not-transparent\" srcset=\"https:\/\/wbp.lublin.pl\/wp-content\/uploads\/2026\/02\/20260221_102000-810x1080.webp 810w, https:\/\/wbp.lublin.pl\/wp-content\/uploads\/2026\/02\/20260221_102000-450x600.webp 450w, https:\/\/wbp.lublin.pl\/wp-content\/uploads\/2026\/02\/20260221_102000-300x400.webp 300w, https:\/\/wbp.lublin.pl\/wp-content\/uploads\/2026\/02\/20260221_102000-768x1024.webp 768w, https:\/\/wbp.lublin.pl\/wp-content\/uploads\/2026\/02\/20260221_102000-1152x1536.webp 1152w, https:\/\/wbp.lublin.pl\/wp-content\/uploads\/2026\/02\/20260221_102000-1536x2048.webp 1536w, https:\/\/wbp.lublin.pl\/wp-content\/uploads\/2026\/02\/20260221_102000-947x1263.webp 947w, https:\/\/wbp.lublin.pl\/wp-content\/uploads\/2026\/02\/20260221_102000-624x832.webp 624w, https:\/\/wbp.lublin.pl\/wp-content\/uploads\/2026\/02\/20260221_102000-scaled.webp 1920w\" \/><\/a><figcaption class=\"wp-element-caption\">Spacer \u015bladami Hieronima \u0141opaci\u0144skiego <\/figcaption><\/figure>\n\n\n\n<figure class=\"wp-block-image size-large\"><a href=\"https:\/\/wbp.lublin.pl\/wp-content\/uploads\/2026\/02\/20260221_102035-scaled.webp\"><img data-dominant-color=\"8e787b\" data-has-transparency=\"false\" style=\"--dominant-color: #8e787b;\" loading=\"lazy\" decoding=\"async\" width=\"810\" height=\"1080\" sizes=\"auto, (max-width: 810px) 100vw, 810px\" data-id=\"79536\" src=\"https:\/\/wbp.lublin.pl\/wp-content\/uploads\/2026\/02\/20260221_102035-810x1080.webp\" alt=\"Spacer \u015bladami Hieronima \u0141opaci\u0144skiego w Lublinie w obiektywie\" class=\"wp-image-79536 not-transparent\" srcset=\"https:\/\/wbp.lublin.pl\/wp-content\/uploads\/2026\/02\/20260221_102035-810x1080.webp 810w, https:\/\/wbp.lublin.pl\/wp-content\/uploads\/2026\/02\/20260221_102035-450x600.webp 450w, https:\/\/wbp.lublin.pl\/wp-content\/uploads\/2026\/02\/20260221_102035-300x400.webp 300w, https:\/\/wbp.lublin.pl\/wp-content\/uploads\/2026\/02\/20260221_102035-768x1024.webp 768w, https:\/\/wbp.lublin.pl\/wp-content\/uploads\/2026\/02\/20260221_102035-1152x1536.webp 1152w, https:\/\/wbp.lublin.pl\/wp-content\/uploads\/2026\/02\/20260221_102035-1536x2048.webp 1536w, https:\/\/wbp.lublin.pl\/wp-content\/uploads\/2026\/02\/20260221_102035-947x1263.webp 947w, https:\/\/wbp.lublin.pl\/wp-content\/uploads\/2026\/02\/20260221_102035-624x832.webp 624w, https:\/\/wbp.lublin.pl\/wp-content\/uploads\/2026\/02\/20260221_102035-scaled.webp 1920w\" \/><\/a><figcaption class=\"wp-element-caption\">Spacer \u015bladami Hieronima \u0141opaci\u0144skiego <\/figcaption><\/figure>\n\n\n\n<figure class=\"wp-block-image size-large\"><a href=\"https:\/\/wbp.lublin.pl\/wp-content\/uploads\/2026\/02\/20260221_102547-scaled.webp\"><img data-dominant-color=\"6d6557\" data-has-transparency=\"false\" style=\"--dominant-color: #6d6557;\" loading=\"lazy\" decoding=\"async\" width=\"810\" height=\"1080\" sizes=\"auto, (max-width: 810px) 100vw, 810px\" data-id=\"79537\" src=\"https:\/\/wbp.lublin.pl\/wp-content\/uploads\/2026\/02\/20260221_102547-810x1080.webp\" alt=\"Spacer \u015bladami Hieronima \u0141opaci\u0144skiego w Lublinie w obiektywie\" class=\"wp-image-79537 not-transparent\" srcset=\"https:\/\/wbp.lublin.pl\/wp-content\/uploads\/2026\/02\/20260221_102547-810x1080.webp 810w, https:\/\/wbp.lublin.pl\/wp-content\/uploads\/2026\/02\/20260221_102547-450x600.webp 450w, https:\/\/wbp.lublin.pl\/wp-content\/uploads\/2026\/02\/20260221_102547-300x400.webp 300w, https:\/\/wbp.lublin.pl\/wp-content\/uploads\/2026\/02\/20260221_102547-768x1024.webp 768w, https:\/\/wbp.lublin.pl\/wp-content\/uploads\/2026\/02\/20260221_102547-1152x1536.webp 1152w, https:\/\/wbp.lublin.pl\/wp-content\/uploads\/2026\/02\/20260221_102547-1536x2048.webp 1536w, https:\/\/wbp.lublin.pl\/wp-content\/uploads\/2026\/02\/20260221_102547-947x1263.webp 947w, https:\/\/wbp.lublin.pl\/wp-content\/uploads\/2026\/02\/20260221_102547-624x832.webp 624w, https:\/\/wbp.lublin.pl\/wp-content\/uploads\/2026\/02\/20260221_102547-scaled.webp 1920w\" \/><\/a><figcaption class=\"wp-element-caption\">Spacer \u015bladami Hieronima \u0141opaci\u0144skiego <\/figcaption><\/figure>\n\n\n\n<figure class=\"wp-block-image size-large\"><a href=\"https:\/\/wbp.lublin.pl\/wp-content\/uploads\/2026\/02\/20260221_103158-scaled.webp\"><img data-dominant-color=\"6e7986\" data-has-transparency=\"false\" style=\"--dominant-color: #6e7986;\" loading=\"lazy\" decoding=\"async\" width=\"810\" height=\"1080\" sizes=\"auto, (max-width: 810px) 100vw, 810px\" data-id=\"79538\" src=\"https:\/\/wbp.lublin.pl\/wp-content\/uploads\/2026\/02\/20260221_103158-810x1080.webp\" alt=\"Spacer \u015bladami Hieronima \u0141opaci\u0144skiego w Lublinie w obiektywie\" class=\"wp-image-79538 not-transparent\" srcset=\"https:\/\/wbp.lublin.pl\/wp-content\/uploads\/2026\/02\/20260221_103158-810x1080.webp 810w, https:\/\/wbp.lublin.pl\/wp-content\/uploads\/2026\/02\/20260221_103158-450x600.webp 450w, https:\/\/wbp.lublin.pl\/wp-content\/uploads\/2026\/02\/20260221_103158-300x400.webp 300w, https:\/\/wbp.lublin.pl\/wp-content\/uploads\/2026\/02\/20260221_103158-768x1024.webp 768w, https:\/\/wbp.lublin.pl\/wp-content\/uploads\/2026\/02\/20260221_103158-1152x1536.webp 1152w, https:\/\/wbp.lublin.pl\/wp-content\/uploads\/2026\/02\/20260221_103158-1536x2048.webp 1536w, https:\/\/wbp.lublin.pl\/wp-content\/uploads\/2026\/02\/20260221_103158-947x1263.webp 947w, https:\/\/wbp.lublin.pl\/wp-content\/uploads\/2026\/02\/20260221_103158-624x832.webp 624w, https:\/\/wbp.lublin.pl\/wp-content\/uploads\/2026\/02\/20260221_103158-scaled.webp 1920w\" \/><\/a><figcaption class=\"wp-element-caption\">Spacer \u015bladami Hieronima \u0141opaci\u0144skiego <\/figcaption><\/figure>\n\n\n\n<figure class=\"wp-block-image size-large\"><a href=\"https:\/\/wbp.lublin.pl\/wp-content\/uploads\/2026\/02\/20260221_103243-scaled.webp\"><img data-dominant-color=\"596678\" data-has-transparency=\"false\" style=\"--dominant-color: #596678;\" loading=\"lazy\" decoding=\"async\" width=\"810\" height=\"1080\" sizes=\"auto, (max-width: 810px) 100vw, 810px\" data-id=\"79539\" src=\"https:\/\/wbp.lublin.pl\/wp-content\/uploads\/2026\/02\/20260221_103243-810x1080.webp\" alt=\"Spacer \u015bladami Hieronima \u0141opaci\u0144skiego w Lublinie w obiektywie\" class=\"wp-image-79539 not-transparent\" srcset=\"https:\/\/wbp.lublin.pl\/wp-content\/uploads\/2026\/02\/20260221_103243-810x1080.webp 810w, https:\/\/wbp.lublin.pl\/wp-content\/uploads\/2026\/02\/20260221_103243-450x600.webp 450w, https:\/\/wbp.lublin.pl\/wp-content\/uploads\/2026\/02\/20260221_103243-300x400.webp 300w, https:\/\/wbp.lublin.pl\/wp-content\/uploads\/2026\/02\/20260221_103243-768x1024.webp 768w, https:\/\/wbp.lublin.pl\/wp-content\/uploads\/2026\/02\/20260221_103243-1152x1536.webp 1152w, https:\/\/wbp.lublin.pl\/wp-content\/uploads\/2026\/02\/20260221_103243-1536x2048.webp 1536w, https:\/\/wbp.lublin.pl\/wp-content\/uploads\/2026\/02\/20260221_103243-947x1263.webp 947w, https:\/\/wbp.lublin.pl\/wp-content\/uploads\/2026\/02\/20260221_103243-624x832.webp 624w, https:\/\/wbp.lublin.pl\/wp-content\/uploads\/2026\/02\/20260221_103243-scaled.webp 1920w\" \/><\/a><figcaption class=\"wp-element-caption\">Spacer \u015bladami Hieronima \u0141opaci\u0144skiego <\/figcaption><\/figure>\n\n\n\n<figure class=\"wp-block-image size-large\"><a href=\"https:\/\/wbp.lublin.pl\/wp-content\/uploads\/2026\/02\/20260221_103355-scaled.webp\"><img data-dominant-color=\"696b70\" data-has-transparency=\"false\" style=\"--dominant-color: #696b70;\" loading=\"lazy\" decoding=\"async\" width=\"810\" height=\"1080\" sizes=\"auto, (max-width: 810px) 100vw, 810px\" data-id=\"79540\" src=\"https:\/\/wbp.lublin.pl\/wp-content\/uploads\/2026\/02\/20260221_103355-810x1080.webp\" alt=\"Spacer \u015bladami Hieronima \u0141opaci\u0144skiego w Lublinie w obiektywie\" class=\"wp-image-79540 not-transparent\" srcset=\"https:\/\/wbp.lublin.pl\/wp-content\/uploads\/2026\/02\/20260221_103355-810x1080.webp 810w, https:\/\/wbp.lublin.pl\/wp-content\/uploads\/2026\/02\/20260221_103355-450x600.webp 450w, https:\/\/wbp.lublin.pl\/wp-content\/uploads\/2026\/02\/20260221_103355-300x400.webp 300w, https:\/\/wbp.lublin.pl\/wp-content\/uploads\/2026\/02\/20260221_103355-768x1024.webp 768w, https:\/\/wbp.lublin.pl\/wp-content\/uploads\/2026\/02\/20260221_103355-1152x1536.webp 1152w, https:\/\/wbp.lublin.pl\/wp-content\/uploads\/2026\/02\/20260221_103355-1536x2048.webp 1536w, https:\/\/wbp.lublin.pl\/wp-content\/uploads\/2026\/02\/20260221_103355-947x1263.webp 947w, https:\/\/wbp.lublin.pl\/wp-content\/uploads\/2026\/02\/20260221_103355-624x832.webp 624w, https:\/\/wbp.lublin.pl\/wp-content\/uploads\/2026\/02\/20260221_103355-scaled.webp 1920w\" \/><\/a><figcaption class=\"wp-element-caption\">Spacer \u015bladami Hieronima \u0141opaci\u0144skiego <\/figcaption><\/figure>\n\n\n\n<figure class=\"wp-block-image size-large\"><a href=\"https:\/\/wbp.lublin.pl\/wp-content\/uploads\/2026\/02\/20260221_103815-scaled.webp\"><img data-dominant-color=\"79746e\" data-has-transparency=\"false\" style=\"--dominant-color: #79746e;\" loading=\"lazy\" decoding=\"async\" width=\"810\" height=\"1080\" sizes=\"auto, (max-width: 810px) 100vw, 810px\" data-id=\"79541\" src=\"https:\/\/wbp.lublin.pl\/wp-content\/uploads\/2026\/02\/20260221_103815-810x1080.webp\" alt=\"Spacer \u015bladami Hieronima \u0141opaci\u0144skiego w Lublinie w obiektywie\" class=\"wp-image-79541 not-transparent\" srcset=\"https:\/\/wbp.lublin.pl\/wp-content\/uploads\/2026\/02\/20260221_103815-810x1080.webp 810w, https:\/\/wbp.lublin.pl\/wp-content\/uploads\/2026\/02\/20260221_103815-450x600.webp 450w, https:\/\/wbp.lublin.pl\/wp-content\/uploads\/2026\/02\/20260221_103815-300x400.webp 300w, https:\/\/wbp.lublin.pl\/wp-content\/uploads\/2026\/02\/20260221_103815-768x1024.webp 768w, https:\/\/wbp.lublin.pl\/wp-content\/uploads\/2026\/02\/20260221_103815-1152x1536.webp 1152w, https:\/\/wbp.lublin.pl\/wp-content\/uploads\/2026\/02\/20260221_103815-1536x2048.webp 1536w, https:\/\/wbp.lublin.pl\/wp-content\/uploads\/2026\/02\/20260221_103815-947x1263.webp 947w, https:\/\/wbp.lublin.pl\/wp-content\/uploads\/2026\/02\/20260221_103815-624x832.webp 624w, https:\/\/wbp.lublin.pl\/wp-content\/uploads\/2026\/02\/20260221_103815-scaled.webp 1920w\" \/><\/a><figcaption class=\"wp-element-caption\">Spacer \u015bladami Hieronima \u0141opaci\u0144skiego <\/figcaption><\/figure>\n\n\n\n<figure class=\"wp-block-image size-large\"><a href=\"https:\/\/wbp.lublin.pl\/wp-content\/uploads\/2026\/02\/20260221_103946-scaled.webp\"><img data-dominant-color=\"666667\" data-has-transparency=\"false\" style=\"--dominant-color: #666667;\" loading=\"lazy\" decoding=\"async\" width=\"810\" height=\"1080\" sizes=\"auto, (max-width: 810px) 100vw, 810px\" data-id=\"79542\" src=\"https:\/\/wbp.lublin.pl\/wp-content\/uploads\/2026\/02\/20260221_103946-810x1080.webp\" alt=\"Spacer \u015bladami Hieronima \u0141opaci\u0144skiego w Lublinie w obiektywie\" class=\"wp-image-79542 not-transparent\" srcset=\"https:\/\/wbp.lublin.pl\/wp-content\/uploads\/2026\/02\/20260221_103946-810x1080.webp 810w, https:\/\/wbp.lublin.pl\/wp-content\/uploads\/2026\/02\/20260221_103946-450x600.webp 450w, https:\/\/wbp.lublin.pl\/wp-content\/uploads\/2026\/02\/20260221_103946-300x400.webp 300w, https:\/\/wbp.lublin.pl\/wp-content\/uploads\/2026\/02\/20260221_103946-768x1024.webp 768w, https:\/\/wbp.lublin.pl\/wp-content\/uploads\/2026\/02\/20260221_103946-1152x1536.webp 1152w, https:\/\/wbp.lublin.pl\/wp-content\/uploads\/2026\/02\/20260221_103946-1536x2048.webp 1536w, https:\/\/wbp.lublin.pl\/wp-content\/uploads\/2026\/02\/20260221_103946-947x1263.webp 947w, https:\/\/wbp.lublin.pl\/wp-content\/uploads\/2026\/02\/20260221_103946-624x832.webp 624w, https:\/\/wbp.lublin.pl\/wp-content\/uploads\/2026\/02\/20260221_103946-scaled.webp 1920w\" \/><\/a><figcaption class=\"wp-element-caption\">Spacer \u015bladami Hieronima \u0141opaci\u0144skiego<\/figcaption><\/figure>\n\n\n\n<figure class=\"wp-block-image size-large\"><a href=\"https:\/\/wbp.lublin.pl\/wp-content\/uploads\/2026\/02\/20260221_104727-scaled.webp\"><img data-dominant-color=\"727c8c\" data-has-transparency=\"false\" style=\"--dominant-color: #727c8c;\" loading=\"lazy\" decoding=\"async\" width=\"810\" height=\"1080\" sizes=\"auto, (max-width: 810px) 100vw, 810px\" data-id=\"79543\" src=\"https:\/\/wbp.lublin.pl\/wp-content\/uploads\/2026\/02\/20260221_104727-810x1080.webp\" alt=\"Spacer \u015bladami Hieronima \u0141opaci\u0144skiego w Lublinie w obiektywie\" class=\"wp-image-79543 not-transparent\" srcset=\"https:\/\/wbp.lublin.pl\/wp-content\/uploads\/2026\/02\/20260221_104727-810x1080.webp 810w, https:\/\/wbp.lublin.pl\/wp-content\/uploads\/2026\/02\/20260221_104727-450x600.webp 450w, https:\/\/wbp.lublin.pl\/wp-content\/uploads\/2026\/02\/20260221_104727-300x400.webp 300w, https:\/\/wbp.lublin.pl\/wp-content\/uploads\/2026\/02\/20260221_104727-768x1024.webp 768w, https:\/\/wbp.lublin.pl\/wp-content\/uploads\/2026\/02\/20260221_104727-1152x1536.webp 1152w, https:\/\/wbp.lublin.pl\/wp-content\/uploads\/2026\/02\/20260221_104727-1536x2048.webp 1536w, https:\/\/wbp.lublin.pl\/wp-content\/uploads\/2026\/02\/20260221_104727-947x1263.webp 947w, https:\/\/wbp.lublin.pl\/wp-content\/uploads\/2026\/02\/20260221_104727-624x832.webp 624w, https:\/\/wbp.lublin.pl\/wp-content\/uploads\/2026\/02\/20260221_104727-scaled.webp 1920w\" \/><\/a><figcaption class=\"wp-element-caption\">Spacer \u015bladami Hieronima \u0141opaci\u0144skiego <\/figcaption><\/figure>\n\n\n\n<figure class=\"wp-block-image size-large\"><a href=\"https:\/\/wbp.lublin.pl\/wp-content\/uploads\/2026\/02\/20260221_104942-scaled.webp\"><img data-dominant-color=\"696d76\" data-has-transparency=\"false\" style=\"--dominant-color: #696d76;\" loading=\"lazy\" decoding=\"async\" width=\"810\" height=\"1080\" sizes=\"auto, (max-width: 810px) 100vw, 810px\" data-id=\"79544\" src=\"https:\/\/wbp.lublin.pl\/wp-content\/uploads\/2026\/02\/20260221_104942-810x1080.webp\" alt=\"Spacer \u015bladami Hieronima \u0141opaci\u0144skiego w Lublinie w obiektywie\" class=\"wp-image-79544 not-transparent\" srcset=\"https:\/\/wbp.lublin.pl\/wp-content\/uploads\/2026\/02\/20260221_104942-810x1080.webp 810w, https:\/\/wbp.lublin.pl\/wp-content\/uploads\/2026\/02\/20260221_104942-450x600.webp 450w, https:\/\/wbp.lublin.pl\/wp-content\/uploads\/2026\/02\/20260221_104942-300x400.webp 300w, https:\/\/wbp.lublin.pl\/wp-content\/uploads\/2026\/02\/20260221_104942-768x1024.webp 768w, https:\/\/wbp.lublin.pl\/wp-content\/uploads\/2026\/02\/20260221_104942-1152x1536.webp 1152w, https:\/\/wbp.lublin.pl\/wp-content\/uploads\/2026\/02\/20260221_104942-1536x2048.webp 1536w, https:\/\/wbp.lublin.pl\/wp-content\/uploads\/2026\/02\/20260221_104942-947x1263.webp 947w, https:\/\/wbp.lublin.pl\/wp-content\/uploads\/2026\/02\/20260221_104942-624x832.webp 624w, https:\/\/wbp.lublin.pl\/wp-content\/uploads\/2026\/02\/20260221_104942-scaled.webp 1920w\" \/><\/a><figcaption class=\"wp-element-caption\">Spacer \u015bladami Hieronima \u0141opaci\u0144skiego <\/figcaption><\/figure>\n<\/figure>\n\n\n\n<p class=\"wp-block-paragraph\"><a href=\"https:\/\/lublin.tvp.pl\/91716672\/swieto-przewodnikow-turystycznych-spacer-sladami-hieronima-lopacinskiego\">https:\/\/lublin.tvp.pl\/91716672\/swieto-przewodnikow-turystycznych-spacer-sladami-hieronima-lopacinskiego<\/a><\/p>\n\n\n\n<figure class=\"wp-block-embed is-type-wp-embed is-provider-radio-lublin wp-block-embed-radio-lublin\"><div class=\"wp-block-embed__wrapper\">\n<blockquote class=\"wp-embedded-content\" data-secret=\"wCJDAa8l8U\"><a href=\"https:\/\/radio.lublin.pl\/2026\/02\/lublin-tropem-hieronima-lopacinskiego-bezplatny-spacer-z-okazji-miedzynarodowego-dnia-przewodnika-turystycznego\/\">Lublin tropem Hieronima \u0141opaci\u0144skiego. Bezp\u0142atny spacer z okazji Mi\u0119dzynarodowego Dnia Przewodnika Turystycznego<\/a><\/blockquote><iframe loading=\"lazy\" class=\"wp-embedded-content\" sandbox=\"allow-scripts\" security=\"restricted\" style=\"position: absolute; visibility: hidden;\" title=\"&#8222;Lublin tropem Hieronima \u0141opaci\u0144skiego. Bezp\u0142atny spacer z okazji Mi\u0119dzynarodowego Dnia Przewodnika Turystycznego&#8221; &#8212; Radio Lublin\" src=\"https:\/\/radio.lublin.pl\/2026\/02\/lublin-tropem-hieronima-lopacinskiego-bezplatny-spacer-z-okazji-miedzynarodowego-dnia-przewodnika-turystycznego\/embed\/#?secret=ZYqcc5Qu6s#?secret=wCJDAa8l8U\" data-secret=\"wCJDAa8l8U\" width=\"600\" height=\"338\" frameborder=\"0\" marginwidth=\"0\" marginheight=\"0\" scrolling=\"no\"><\/iframe>\n<\/div><\/figure>\n\n\n\n<p class=\"wp-block-paragraph\">Fot. Agata Kozio\u0142<\/p>\n\n\n\n<p class=\"has-text-align-right wp-block-paragraph\"><em>Dzia\u0142 Informacji i Promocji<\/em><\/p>\n","protected":false},"excerpt":{"rendered":"","protected":false},"author":21,"featured_media":79535,"comment_status":"closed","ping_status":"closed","sticky":false,"template":"","format":"standard","meta":{"_tec_requires_first_save":true,"_crdt_document":"","pgc_sgb_lightbox_settings":"","_EventAllDay":false,"_EventTimezone":"","_EventStartDate":"","_EventEndDate":"","_EventStartDateUTC":"","_EventEndDateUTC":"","_EventShowMap":false,"_EventShowMapLink":false,"_EventURL":"","_EventCost":"","_EventCostDescription":"","_EventCurrencySymbol":"","_EventCurrencyCode":"","_EventCurrencyPosition":"","_EventDateTimeSeparator":"","_EventTimeRangeSeparator":"","_EventOrganizerID":[],"_EventVenueID":[],"_OrganizerEmail":"","_OrganizerPhone":"","_OrganizerWebsite":"","_VenueAddress":"","_VenueCity":"","_VenueCountry":"","_VenueProvince":"","_VenueState":"","_VenueZip":"","_VenuePhone":"","_VenueURL":"","_VenueStateProvince":"","_VenueLat":"","_VenueLng":"","_VenueShowMap":false,"_VenueShowMapLink":false,"_tribe_blocks_recurrence_rules":"","_tribe_blocks_recurrence_description":"","_tribe_blocks_recurrence_exclusions":"","footnotes":""},"categories":[537,538,1,10,90],"tags":[],"class_list":["post-79528","post","type-post","status-publish","format-standard","has-post-thumbnail","hentry","category-archiwum-wydarzen","category-imprezy-w-obiektywie","category-bez-kategorii","category-aktualnosci","category-imprezy"],"publishpress_future_action":{"enabled":false,"date":"2026-05-03 08:24:39","action":"change-status","newStatus":"draft","terms":[],"taxonomy":"category","extraData":[]},"publishpress_future_workflow_manual_trigger":{"enabledWorkflows":[]},"_links":{"self":[{"href":"https:\/\/wbp.lublin.pl\/index.php\/wp-json\/wp\/v2\/posts\/79528","targetHints":{"allow":["GET"]}}],"collection":[{"href":"https:\/\/wbp.lublin.pl\/index.php\/wp-json\/wp\/v2\/posts"}],"about":[{"href":"https:\/\/wbp.lublin.pl\/index.php\/wp-json\/wp\/v2\/types\/post"}],"author":[{"embeddable":true,"href":"https:\/\/wbp.lublin.pl\/index.php\/wp-json\/wp\/v2\/users\/21"}],"replies":[{"embeddable":true,"href":"https:\/\/wbp.lublin.pl\/index.php\/wp-json\/wp\/v2\/comments?post=79528"}],"version-history":[{"count":6,"href":"https:\/\/wbp.lublin.pl\/index.php\/wp-json\/wp\/v2\/posts\/79528\/revisions"}],"predecessor-version":[{"id":79750,"href":"https:\/\/wbp.lublin.pl\/index.php\/wp-json\/wp\/v2\/posts\/79528\/revisions\/79750"}],"wp:featuredmedia":[{"embeddable":true,"href":"https:\/\/wbp.lublin.pl\/index.php\/wp-json\/wp\/v2\/media\/79535"}],"wp:attachment":[{"href":"https:\/\/wbp.lublin.pl\/index.php\/wp-json\/wp\/v2\/media?parent=79528"}],"wp:term":[{"taxonomy":"category","embeddable":true,"href":"https:\/\/wbp.lublin.pl\/index.php\/wp-json\/wp\/v2\/categories?post=79528"},{"taxonomy":"post_tag","embeddable":true,"href":"https:\/\/wbp.lublin.pl\/index.php\/wp-json\/wp\/v2\/tags?post=79528"}],"curies":[{"name":"wp","href":"https:\/\/api.w.org\/{rel}","templated":true}]}}