{"id":79553,"date":"2026-02-23T11:21:07","date_gmt":"2026-02-23T10:21:07","guid":{"rendered":"https:\/\/wbp.lublin.pl\/?p=79553"},"modified":"2026-02-27T09:36:09","modified_gmt":"2026-02-27T08:36:09","slug":"spotkanie-wokol-ksiazki-polsko-siostro-moja-lesi-stepowyczki-w-obiektywie","status":"publish","type":"post","link":"https:\/\/wbp.lublin.pl\/index.php\/2026\/02\/23\/spotkanie-wokol-ksiazki-polsko-siostro-moja-lesi-stepowyczki-w-obiektywie\/","title":{"rendered":"Spotkanie wok\u00f3\u0142 ksi\u0105\u017cki \u201ePolsko, siostro moja\u201d \u0141esi Stepowyczki w obiektywie"},"content":{"rendered":"\n<!--more-->\n\n\n\n<p class=\"wp-block-paragraph\">19 lutego 2026 roku w Wojew\u00f3dzkiej Bibliotece Publicznej im. Hieronima \u0141opaci\u0144skiego w Lublinie odby\u0142o si\u0119 spotkanie po\u015bwi\u0119cone ksi\u0105\u017cce \u0141esi Stepowyczki <em>\u201ePolsko, siostro moja\u201d<\/em>. <br>Wiecz\u00f3r u\u015bwietni\u0142 wyst\u0119p zespo\u0142u Trio \u201eS\u0142owia\u0144ska krew\u201d w sk\u0142adzie: Izabella Konar (gitara, wokal), \u0141esia Stepowyczka (wokal) oraz Andrzej Samborski (tamburyn, wokal). <br>Spotkanie poprowadzi\u0142a Daria Siek.<\/p>\n\n\n\n<figure class=\"wp-block-gallery has-nested-images columns-2 is-cropped wp-block-gallery-1 is-layout-flex wp-block-gallery-is-layout-flex\">\n<figure class=\"wp-block-image size-large\"><a href=\"https:\/\/wbp.lublin.pl\/wp-content\/uploads\/2026\/02\/DSC_6623-scaled.webp\"><img data-dominant-color=\"606161\" data-has-transparency=\"false\" style=\"--dominant-color: #606161;\" loading=\"lazy\" decoding=\"async\" width=\"1620\" height=\"1080\" sizes=\"auto, (max-width: 1620px) 100vw, 1620px\" data-id=\"79558\" src=\"https:\/\/wbp.lublin.pl\/wp-content\/uploads\/2026\/02\/DSC_6623-1620x1080.webp\" alt=\"Spotkanie wok\u00f3\u0142 ksi\u0105\u017cki \u201ePolsko, siostro moja\u201d \u0141esi Stepowyczki w obiektywie\" class=\"wp-image-79558 not-transparent\" srcset=\"https:\/\/wbp.lublin.pl\/wp-content\/uploads\/2026\/02\/DSC_6623-1620x1080.webp 1620w, https:\/\/wbp.lublin.pl\/wp-content\/uploads\/2026\/02\/DSC_6623-600x400.webp 600w, https:\/\/wbp.lublin.pl\/wp-content\/uploads\/2026\/02\/DSC_6623-400x267.webp 400w, https:\/\/wbp.lublin.pl\/wp-content\/uploads\/2026\/02\/DSC_6623-768x512.webp 768w, https:\/\/wbp.lublin.pl\/wp-content\/uploads\/2026\/02\/DSC_6623-1536x1024.webp 1536w, https:\/\/wbp.lublin.pl\/wp-content\/uploads\/2026\/02\/DSC_6623-2048x1365.webp 2048w, https:\/\/wbp.lublin.pl\/wp-content\/uploads\/2026\/02\/DSC_6623-947x631.webp 947w, https:\/\/wbp.lublin.pl\/wp-content\/uploads\/2026\/02\/DSC_6623-624x416.webp 624w, https:\/\/wbp.lublin.pl\/wp-content\/uploads\/2026\/02\/DSC_6623-84x56.webp 84w\" \/><\/a><figcaption class=\"wp-element-caption\">Spotkanie wok\u00f3\u0142 ksi\u0105\u017cki \u201ePolsko, siostro moja\u201d \u0141esi Stepowyczki w obiektywie<\/figcaption><\/figure>\n\n\n\n<figure class=\"wp-block-image size-large\"><a href=\"https:\/\/wbp.lublin.pl\/wp-content\/uploads\/2026\/02\/DSC_6624-scaled.webp\"><img data-dominant-color=\"3e3d3b\" data-has-transparency=\"false\" style=\"--dominant-color: #3e3d3b;\" loading=\"lazy\" decoding=\"async\" width=\"1620\" height=\"1080\" sizes=\"auto, (max-width: 1620px) 100vw, 1620px\" data-id=\"79556\" src=\"https:\/\/wbp.lublin.pl\/wp-content\/uploads\/2026\/02\/DSC_6624-1620x1080.webp\" alt=\"Spotkanie wok\u00f3\u0142 ksi\u0105\u017cki \u201ePolsko, siostro moja\u201d \u0141esi Stepowyczki w obiektywie\" class=\"wp-image-79556 not-transparent\" srcset=\"https:\/\/wbp.lublin.pl\/wp-content\/uploads\/2026\/02\/DSC_6624-1620x1080.webp 1620w, https:\/\/wbp.lublin.pl\/wp-content\/uploads\/2026\/02\/DSC_6624-600x400.webp 600w, https:\/\/wbp.lublin.pl\/wp-content\/uploads\/2026\/02\/DSC_6624-400x267.webp 400w, https:\/\/wbp.lublin.pl\/wp-content\/uploads\/2026\/02\/DSC_6624-768x512.webp 768w, https:\/\/wbp.lublin.pl\/wp-content\/uploads\/2026\/02\/DSC_6624-1536x1024.webp 1536w, https:\/\/wbp.lublin.pl\/wp-content\/uploads\/2026\/02\/DSC_6624-2048x1365.webp 2048w, https:\/\/wbp.lublin.pl\/wp-content\/uploads\/2026\/02\/DSC_6624-947x631.webp 947w, https:\/\/wbp.lublin.pl\/wp-content\/uploads\/2026\/02\/DSC_6624-624x416.webp 624w, https:\/\/wbp.lublin.pl\/wp-content\/uploads\/2026\/02\/DSC_6624-84x56.webp 84w\" \/><\/a><figcaption class=\"wp-element-caption\">Spotkanie wok\u00f3\u0142 ksi\u0105\u017cki \u201ePolsko, siostro moja\u201d \u0141esi Stepowyczki w obiektywie<\/figcaption><\/figure>\n\n\n\n<figure class=\"wp-block-image size-large\"><a href=\"https:\/\/wbp.lublin.pl\/wp-content\/uploads\/2026\/02\/DSC_6641-scaled.webp\"><img data-dominant-color=\"4f4f4e\" data-has-transparency=\"false\" style=\"--dominant-color: #4f4f4e;\" loading=\"lazy\" decoding=\"async\" width=\"1620\" height=\"1080\" sizes=\"auto, (max-width: 1620px) 100vw, 1620px\" data-id=\"79563\" src=\"https:\/\/wbp.lublin.pl\/wp-content\/uploads\/2026\/02\/DSC_6641-1620x1080.webp\" alt=\"Spotkanie wok\u00f3\u0142 ksi\u0105\u017cki \u201ePolsko, siostro moja\u201d \u0141esi Stepowyczki w obiektywie\" class=\"wp-image-79563 not-transparent\" srcset=\"https:\/\/wbp.lublin.pl\/wp-content\/uploads\/2026\/02\/DSC_6641-1620x1080.webp 1620w, https:\/\/wbp.lublin.pl\/wp-content\/uploads\/2026\/02\/DSC_6641-600x400.webp 600w, https:\/\/wbp.lublin.pl\/wp-content\/uploads\/2026\/02\/DSC_6641-400x267.webp 400w, https:\/\/wbp.lublin.pl\/wp-content\/uploads\/2026\/02\/DSC_6641-768x512.webp 768w, https:\/\/wbp.lublin.pl\/wp-content\/uploads\/2026\/02\/DSC_6641-1536x1024.webp 1536w, https:\/\/wbp.lublin.pl\/wp-content\/uploads\/2026\/02\/DSC_6641-2048x1365.webp 2048w, https:\/\/wbp.lublin.pl\/wp-content\/uploads\/2026\/02\/DSC_6641-947x631.webp 947w, https:\/\/wbp.lublin.pl\/wp-content\/uploads\/2026\/02\/DSC_6641-624x416.webp 624w, https:\/\/wbp.lublin.pl\/wp-content\/uploads\/2026\/02\/DSC_6641-84x56.webp 84w\" \/><\/a><figcaption class=\"wp-element-caption\">Spotkanie wok\u00f3\u0142 ksi\u0105\u017cki \u201ePolsko, siostro moja\u201d \u0141esi Stepowyczki w obiektywie<\/figcaption><\/figure>\n\n\n\n<figure class=\"wp-block-image size-large\"><a href=\"https:\/\/wbp.lublin.pl\/wp-content\/uploads\/2026\/02\/DSC_6657-scaled.webp\"><img data-dominant-color=\"4e4943\" data-has-transparency=\"false\" style=\"--dominant-color: #4e4943;\" loading=\"lazy\" decoding=\"async\" width=\"720\" height=\"1080\" sizes=\"auto, (max-width: 720px) 100vw, 720px\" data-id=\"79569\" src=\"https:\/\/wbp.lublin.pl\/wp-content\/uploads\/2026\/02\/DSC_6657-720x1080.webp\" alt=\"Spotkanie wok\u00f3\u0142 ksi\u0105\u017cki \u201ePolsko, siostro moja\u201d \u0141esi Stepowyczki w obiektywie\" class=\"wp-image-79569 not-transparent\" srcset=\"https:\/\/wbp.lublin.pl\/wp-content\/uploads\/2026\/02\/DSC_6657-720x1080.webp 720w, https:\/\/wbp.lublin.pl\/wp-content\/uploads\/2026\/02\/DSC_6657-400x600.webp 400w, https:\/\/wbp.lublin.pl\/wp-content\/uploads\/2026\/02\/DSC_6657-267x400.webp 267w, https:\/\/wbp.lublin.pl\/wp-content\/uploads\/2026\/02\/DSC_6657-768x1152.webp 768w, https:\/\/wbp.lublin.pl\/wp-content\/uploads\/2026\/02\/DSC_6657-1024x1536.webp 1024w, https:\/\/wbp.lublin.pl\/wp-content\/uploads\/2026\/02\/DSC_6657-1365x2048.webp 1365w, https:\/\/wbp.lublin.pl\/wp-content\/uploads\/2026\/02\/DSC_6657-947x1421.webp 947w, https:\/\/wbp.lublin.pl\/wp-content\/uploads\/2026\/02\/DSC_6657-624x936.webp 624w, https:\/\/wbp.lublin.pl\/wp-content\/uploads\/2026\/02\/DSC_6657-scaled.webp 1707w\" \/><\/a><figcaption class=\"wp-element-caption\">Spotkanie wok\u00f3\u0142 ksi\u0105\u017cki \u201ePolsko, siostro moja\u201d \u0141esi Stepowyczki w obiektywie<\/figcaption><\/figure>\n\n\n\n<figure class=\"wp-block-image size-large\"><a href=\"https:\/\/wbp.lublin.pl\/wp-content\/uploads\/2026\/02\/DSC_6654-scaled.webp\"><img data-dominant-color=\"464542\" data-has-transparency=\"false\" style=\"--dominant-color: #464542;\" loading=\"lazy\" decoding=\"async\" width=\"720\" height=\"1080\" sizes=\"auto, (max-width: 720px) 100vw, 720px\" data-id=\"79567\" src=\"https:\/\/wbp.lublin.pl\/wp-content\/uploads\/2026\/02\/DSC_6654-720x1080.webp\" alt=\"Spotkanie wok\u00f3\u0142 ksi\u0105\u017cki \u201ePolsko, siostro moja\u201d \u0141esi Stepowyczki w obiektywie\" class=\"wp-image-79567 not-transparent\" srcset=\"https:\/\/wbp.lublin.pl\/wp-content\/uploads\/2026\/02\/DSC_6654-720x1080.webp 720w, https:\/\/wbp.lublin.pl\/wp-content\/uploads\/2026\/02\/DSC_6654-400x600.webp 400w, https:\/\/wbp.lublin.pl\/wp-content\/uploads\/2026\/02\/DSC_6654-267x400.webp 267w, https:\/\/wbp.lublin.pl\/wp-content\/uploads\/2026\/02\/DSC_6654-768x1152.webp 768w, https:\/\/wbp.lublin.pl\/wp-content\/uploads\/2026\/02\/DSC_6654-1024x1536.webp 1024w, https:\/\/wbp.lublin.pl\/wp-content\/uploads\/2026\/02\/DSC_6654-1365x2048.webp 1365w, https:\/\/wbp.lublin.pl\/wp-content\/uploads\/2026\/02\/DSC_6654-947x1421.webp 947w, https:\/\/wbp.lublin.pl\/wp-content\/uploads\/2026\/02\/DSC_6654-624x936.webp 624w, https:\/\/wbp.lublin.pl\/wp-content\/uploads\/2026\/02\/DSC_6654-scaled.webp 1707w\" \/><\/a><figcaption class=\"wp-element-caption\">Spotkanie wok\u00f3\u0142 ksi\u0105\u017cki \u201ePolsko, siostro moja\u201d \u0141esi Stepowyczki w obiektywie<\/figcaption><\/figure>\n\n\n\n<figure class=\"wp-block-image size-large\"><a href=\"https:\/\/wbp.lublin.pl\/wp-content\/uploads\/2026\/02\/DSC_6626-scaled.webp\"><img data-dominant-color=\"4d514e\" data-has-transparency=\"false\" style=\"--dominant-color: #4d514e;\" loading=\"lazy\" decoding=\"async\" width=\"1620\" height=\"1080\" sizes=\"auto, (max-width: 1620px) 100vw, 1620px\" data-id=\"79559\" src=\"https:\/\/wbp.lublin.pl\/wp-content\/uploads\/2026\/02\/DSC_6626-1620x1080.webp\" alt=\"Spotkanie wok\u00f3\u0142 ksi\u0105\u017cki \u201ePolsko, siostro moja\u201d \u0141esi Stepowyczki w obiektywie\" class=\"wp-image-79559 not-transparent\" srcset=\"https:\/\/wbp.lublin.pl\/wp-content\/uploads\/2026\/02\/DSC_6626-1620x1080.webp 1620w, https:\/\/wbp.lublin.pl\/wp-content\/uploads\/2026\/02\/DSC_6626-600x400.webp 600w, https:\/\/wbp.lublin.pl\/wp-content\/uploads\/2026\/02\/DSC_6626-400x267.webp 400w, https:\/\/wbp.lublin.pl\/wp-content\/uploads\/2026\/02\/DSC_6626-768x512.webp 768w, https:\/\/wbp.lublin.pl\/wp-content\/uploads\/2026\/02\/DSC_6626-1536x1024.webp 1536w, https:\/\/wbp.lublin.pl\/wp-content\/uploads\/2026\/02\/DSC_6626-2048x1365.webp 2048w, https:\/\/wbp.lublin.pl\/wp-content\/uploads\/2026\/02\/DSC_6626-947x631.webp 947w, https:\/\/wbp.lublin.pl\/wp-content\/uploads\/2026\/02\/DSC_6626-624x416.webp 624w, https:\/\/wbp.lublin.pl\/wp-content\/uploads\/2026\/02\/DSC_6626-84x56.webp 84w\" \/><\/a><figcaption class=\"wp-element-caption\">Spotkanie wok\u00f3\u0142 ksi\u0105\u017cki \u201ePolsko, siostro moja\u201d \u0141esi Stepowyczki w obiektywie<\/figcaption><\/figure>\n\n\n\n<figure class=\"wp-block-image size-large\"><a href=\"https:\/\/wbp.lublin.pl\/wp-content\/uploads\/2026\/02\/DSC_6636-scaled.webp\"><img data-dominant-color=\"4a4d4a\" data-has-transparency=\"false\" style=\"--dominant-color: #4a4d4a;\" loading=\"lazy\" decoding=\"async\" width=\"1620\" height=\"1080\" sizes=\"auto, (max-width: 1620px) 100vw, 1620px\" data-id=\"79562\" src=\"https:\/\/wbp.lublin.pl\/wp-content\/uploads\/2026\/02\/DSC_6636-1620x1080.webp\" alt=\"Spotkanie wok\u00f3\u0142 ksi\u0105\u017cki \u201ePolsko, siostro moja\u201d \u0141esi Stepowyczki w obiektywie\" class=\"wp-image-79562 not-transparent\" srcset=\"https:\/\/wbp.lublin.pl\/wp-content\/uploads\/2026\/02\/DSC_6636-1620x1080.webp 1620w, https:\/\/wbp.lublin.pl\/wp-content\/uploads\/2026\/02\/DSC_6636-600x400.webp 600w, https:\/\/wbp.lublin.pl\/wp-content\/uploads\/2026\/02\/DSC_6636-400x267.webp 400w, https:\/\/wbp.lublin.pl\/wp-content\/uploads\/2026\/02\/DSC_6636-768x512.webp 768w, https:\/\/wbp.lublin.pl\/wp-content\/uploads\/2026\/02\/DSC_6636-1536x1024.webp 1536w, https:\/\/wbp.lublin.pl\/wp-content\/uploads\/2026\/02\/DSC_6636-2048x1365.webp 2048w, https:\/\/wbp.lublin.pl\/wp-content\/uploads\/2026\/02\/DSC_6636-947x631.webp 947w, https:\/\/wbp.lublin.pl\/wp-content\/uploads\/2026\/02\/DSC_6636-624x416.webp 624w, https:\/\/wbp.lublin.pl\/wp-content\/uploads\/2026\/02\/DSC_6636-84x56.webp 84w\" \/><\/a><figcaption class=\"wp-element-caption\">Spotkanie wok\u00f3\u0142 ksi\u0105\u017cki \u201ePolsko, siostro moja\u201d \u0141esi Stepowyczki w obiektywie<\/figcaption><\/figure>\n\n\n\n<figure class=\"wp-block-image size-large\"><a href=\"https:\/\/wbp.lublin.pl\/wp-content\/uploads\/2026\/02\/Projekt-bez-nazwy-61-1.webp\"><img data-dominant-color=\"646866\" data-has-transparency=\"false\" style=\"--dominant-color: #646866;\" loading=\"lazy\" decoding=\"async\" width=\"1643\" height=\"1080\" sizes=\"auto, (max-width: 1643px) 100vw, 1643px\" data-id=\"79571\" src=\"https:\/\/wbp.lublin.pl\/wp-content\/uploads\/2026\/02\/Projekt-bez-nazwy-61-1-1643x1080.webp\" alt=\"Spotkanie wok\u00f3\u0142 ksi\u0105\u017cki \u201ePolsko, siostro moja\u201d \u0141esi Stepowyczki w obiektywie\" class=\"wp-image-79571 not-transparent\" srcset=\"https:\/\/wbp.lublin.pl\/wp-content\/uploads\/2026\/02\/Projekt-bez-nazwy-61-1-1643x1080.webp 1643w, https:\/\/wbp.lublin.pl\/wp-content\/uploads\/2026\/02\/Projekt-bez-nazwy-61-1-600x394.webp 600w, https:\/\/wbp.lublin.pl\/wp-content\/uploads\/2026\/02\/Projekt-bez-nazwy-61-1-400x263.webp 400w, https:\/\/wbp.lublin.pl\/wp-content\/uploads\/2026\/02\/Projekt-bez-nazwy-61-1-768x505.webp 768w, https:\/\/wbp.lublin.pl\/wp-content\/uploads\/2026\/02\/Projekt-bez-nazwy-61-1-1536x1010.webp 1536w, https:\/\/wbp.lublin.pl\/wp-content\/uploads\/2026\/02\/Projekt-bez-nazwy-61-1-947x622.webp 947w, https:\/\/wbp.lublin.pl\/wp-content\/uploads\/2026\/02\/Projekt-bez-nazwy-61-1-624x410.webp 624w, https:\/\/wbp.lublin.pl\/wp-content\/uploads\/2026\/02\/Projekt-bez-nazwy-61-1-365x240.webp 365w, https:\/\/wbp.lublin.pl\/wp-content\/uploads\/2026\/02\/Projekt-bez-nazwy-61-1-84x56.webp 84w, https:\/\/wbp.lublin.pl\/wp-content\/uploads\/2026\/02\/Projekt-bez-nazwy-61-1.webp 2048w\" \/><\/a><figcaption class=\"wp-element-caption\">Spotkanie wok\u00f3\u0142 ksi\u0105\u017cki \u201ePolsko, siostro moja\u201d \u0141esi Stepowyczki w obiektywie<\/figcaption><\/figure>\n\n\n\n<figure class=\"wp-block-image size-large\"><a href=\"https:\/\/wbp.lublin.pl\/wp-content\/uploads\/2026\/02\/DSC_6634-scaled.webp\"><img data-dominant-color=\"504b48\" data-has-transparency=\"false\" style=\"--dominant-color: #504b48;\" loading=\"lazy\" decoding=\"async\" width=\"720\" height=\"1080\" sizes=\"auto, (max-width: 720px) 100vw, 720px\" data-id=\"79561\" src=\"https:\/\/wbp.lublin.pl\/wp-content\/uploads\/2026\/02\/DSC_6634-720x1080.webp\" alt=\"Spotkanie wok\u00f3\u0142 ksi\u0105\u017cki \u201ePolsko, siostro moja\u201d \u0141esi Stepowyczki w obiektywie\" class=\"wp-image-79561 not-transparent\" srcset=\"https:\/\/wbp.lublin.pl\/wp-content\/uploads\/2026\/02\/DSC_6634-720x1080.webp 720w, https:\/\/wbp.lublin.pl\/wp-content\/uploads\/2026\/02\/DSC_6634-400x600.webp 400w, https:\/\/wbp.lublin.pl\/wp-content\/uploads\/2026\/02\/DSC_6634-267x400.webp 267w, https:\/\/wbp.lublin.pl\/wp-content\/uploads\/2026\/02\/DSC_6634-768x1152.webp 768w, https:\/\/wbp.lublin.pl\/wp-content\/uploads\/2026\/02\/DSC_6634-1024x1536.webp 1024w, https:\/\/wbp.lublin.pl\/wp-content\/uploads\/2026\/02\/DSC_6634-1365x2048.webp 1365w, https:\/\/wbp.lublin.pl\/wp-content\/uploads\/2026\/02\/DSC_6634-947x1421.webp 947w, https:\/\/wbp.lublin.pl\/wp-content\/uploads\/2026\/02\/DSC_6634-624x936.webp 624w, https:\/\/wbp.lublin.pl\/wp-content\/uploads\/2026\/02\/DSC_6634-scaled.webp 1707w\" \/><\/a><figcaption class=\"wp-element-caption\">Spotkanie wok\u00f3\u0142 ksi\u0105\u017cki \u201ePolsko, siostro moja\u201d \u0141esi Stepowyczki w obiektywie<\/figcaption><\/figure>\n\n\n\n<figure class=\"wp-block-image size-large\"><a href=\"https:\/\/wbp.lublin.pl\/wp-content\/uploads\/2026\/02\/Projekt-bez-nazwy-62.webp\"><img data-dominant-color=\"504f4d\" data-has-transparency=\"false\" style=\"--dominant-color: #504f4d;\" loading=\"lazy\" decoding=\"async\" width=\"1620\" height=\"1080\" sizes=\"auto, (max-width: 1620px) 100vw, 1620px\" data-id=\"79572\" src=\"https:\/\/wbp.lublin.pl\/wp-content\/uploads\/2026\/02\/Projekt-bez-nazwy-62-1620x1080.webp\" alt=\"Spotkanie wok\u00f3\u0142 ksi\u0105\u017cki \u201ePolsko, siostro moja\u201d \u0141esi Stepowyczki w obiektywie\" class=\"wp-image-79572 not-transparent\" srcset=\"https:\/\/wbp.lublin.pl\/wp-content\/uploads\/2026\/02\/Projekt-bez-nazwy-62-1620x1080.webp 1620w, https:\/\/wbp.lublin.pl\/wp-content\/uploads\/2026\/02\/Projekt-bez-nazwy-62-600x400.webp 600w, https:\/\/wbp.lublin.pl\/wp-content\/uploads\/2026\/02\/Projekt-bez-nazwy-62-400x267.webp 400w, https:\/\/wbp.lublin.pl\/wp-content\/uploads\/2026\/02\/Projekt-bez-nazwy-62-768x512.webp 768w, https:\/\/wbp.lublin.pl\/wp-content\/uploads\/2026\/02\/Projekt-bez-nazwy-62-1536x1024.webp 1536w, https:\/\/wbp.lublin.pl\/wp-content\/uploads\/2026\/02\/Projekt-bez-nazwy-62-947x631.webp 947w, https:\/\/wbp.lublin.pl\/wp-content\/uploads\/2026\/02\/Projekt-bez-nazwy-62-624x416.webp 624w, https:\/\/wbp.lublin.pl\/wp-content\/uploads\/2026\/02\/Projekt-bez-nazwy-62-84x56.webp 84w, https:\/\/wbp.lublin.pl\/wp-content\/uploads\/2026\/02\/Projekt-bez-nazwy-62.webp 2048w\" \/><\/a><figcaption class=\"wp-element-caption\">Spotkanie wok\u00f3\u0142 ksi\u0105\u017cki \u201ePolsko, siostro moja\u201d \u0141esi Stepowyczki w obiektywie<\/figcaption><\/figure>\n\n\n\n<figure class=\"wp-block-image size-large\"><a href=\"https:\/\/wbp.lublin.pl\/wp-content\/uploads\/2026\/02\/DSC_6630-scaled.webp\"><img data-dominant-color=\"776f61\" data-has-transparency=\"false\" style=\"--dominant-color: #776f61;\" loading=\"lazy\" decoding=\"async\" width=\"720\" height=\"1080\" sizes=\"auto, (max-width: 720px) 100vw, 720px\" data-id=\"79557\" src=\"https:\/\/wbp.lublin.pl\/wp-content\/uploads\/2026\/02\/DSC_6630-720x1080.webp\" alt=\"Spotkanie wok\u00f3\u0142 ksi\u0105\u017cki \u201ePolsko, siostro moja\u201d \u0141esi Stepowyczki w obiektywie\" class=\"wp-image-79557 not-transparent\" srcset=\"https:\/\/wbp.lublin.pl\/wp-content\/uploads\/2026\/02\/DSC_6630-720x1080.webp 720w, https:\/\/wbp.lublin.pl\/wp-content\/uploads\/2026\/02\/DSC_6630-400x600.webp 400w, https:\/\/wbp.lublin.pl\/wp-content\/uploads\/2026\/02\/DSC_6630-267x400.webp 267w, https:\/\/wbp.lublin.pl\/wp-content\/uploads\/2026\/02\/DSC_6630-768x1152.webp 768w, https:\/\/wbp.lublin.pl\/wp-content\/uploads\/2026\/02\/DSC_6630-1024x1536.webp 1024w, https:\/\/wbp.lublin.pl\/wp-content\/uploads\/2026\/02\/DSC_6630-1365x2048.webp 1365w, https:\/\/wbp.lublin.pl\/wp-content\/uploads\/2026\/02\/DSC_6630-947x1421.webp 947w, https:\/\/wbp.lublin.pl\/wp-content\/uploads\/2026\/02\/DSC_6630-624x936.webp 624w, https:\/\/wbp.lublin.pl\/wp-content\/uploads\/2026\/02\/DSC_6630-scaled.webp 1707w\" \/><\/a><figcaption class=\"wp-element-caption\">Spotkanie wok\u00f3\u0142 ksi\u0105\u017cki \u201ePolsko, siostro moja\u201d \u0141esi Stepowyczki w obiektywie<\/figcaption><\/figure>\n\n\n\n<figure class=\"wp-block-image size-large\"><a href=\"https:\/\/wbp.lublin.pl\/wp-content\/uploads\/2026\/02\/DSC_6644-scaled.webp\"><img data-dominant-color=\"494e51\" data-has-transparency=\"false\" style=\"--dominant-color: #494e51;\" loading=\"lazy\" decoding=\"async\" width=\"1620\" height=\"1080\" sizes=\"auto, (max-width: 1620px) 100vw, 1620px\" data-id=\"79564\" src=\"https:\/\/wbp.lublin.pl\/wp-content\/uploads\/2026\/02\/DSC_6644-1620x1080.webp\" alt=\"Spotkanie wok\u00f3\u0142 ksi\u0105\u017cki \u201ePolsko, siostro moja\u201d \u0141esi Stepowyczki w obiektywie\" class=\"wp-image-79564 not-transparent\" srcset=\"https:\/\/wbp.lublin.pl\/wp-content\/uploads\/2026\/02\/DSC_6644-1620x1080.webp 1620w, https:\/\/wbp.lublin.pl\/wp-content\/uploads\/2026\/02\/DSC_6644-600x400.webp 600w, https:\/\/wbp.lublin.pl\/wp-content\/uploads\/2026\/02\/DSC_6644-400x267.webp 400w, https:\/\/wbp.lublin.pl\/wp-content\/uploads\/2026\/02\/DSC_6644-768x512.webp 768w, https:\/\/wbp.lublin.pl\/wp-content\/uploads\/2026\/02\/DSC_6644-1536x1024.webp 1536w, https:\/\/wbp.lublin.pl\/wp-content\/uploads\/2026\/02\/DSC_6644-2048x1365.webp 2048w, https:\/\/wbp.lublin.pl\/wp-content\/uploads\/2026\/02\/DSC_6644-947x631.webp 947w, https:\/\/wbp.lublin.pl\/wp-content\/uploads\/2026\/02\/DSC_6644-624x416.webp 624w, https:\/\/wbp.lublin.pl\/wp-content\/uploads\/2026\/02\/DSC_6644-84x56.webp 84w\" \/><\/a><figcaption class=\"wp-element-caption\">Spotkanie wok\u00f3\u0142 ksi\u0105\u017cki \u201ePolsko, siostro moja\u201d \u0141esi Stepowyczki w obiektywie<\/figcaption><\/figure>\n<\/figure>\n\n\n\n<p class=\"wp-block-paragraph\">Fot. Maciej Koz\u0142owski<\/p>\n\n\n\n<p class=\"wp-block-paragraph\"><\/p>\n","protected":false},"excerpt":{"rendered":"","protected":false},"author":21,"featured_media":79558,"comment_status":"closed","ping_status":"closed","sticky":false,"template":"","format":"standard","meta":{"_tec_requires_first_save":true,"_crdt_document":"","pgc_sgb_lightbox_settings":"","_EventAllDay":false,"_EventTimezone":"","_EventStartDate":"","_EventEndDate":"","_EventStartDateUTC":"","_EventEndDateUTC":"","_EventShowMap":false,"_EventShowMapLink":false,"_EventURL":"","_EventCost":"","_EventCostDescription":"","_EventCurrencySymbol":"","_EventCurrencyCode":"","_EventCurrencyPosition":"","_EventDateTimeSeparator":"","_EventTimeRangeSeparator":"","_EventOrganizerID":[],"_EventVenueID":[],"_OrganizerEmail":"","_OrganizerPhone":"","_OrganizerWebsite":"","_VenueAddress":"","_VenueCity":"","_VenueCountry":"","_VenueProvince":"","_VenueState":"","_VenueZip":"","_VenuePhone":"","_VenueURL":"","_VenueStateProvince":"","_VenueLat":"","_VenueLng":"","_VenueShowMap":false,"_VenueShowMapLink":false,"_tribe_blocks_recurrence_rules":"","_tribe_blocks_recurrence_description":"","_tribe_blocks_recurrence_exclusions":"","footnotes":""},"categories":[537,540,1,10,54],"tags":[],"class_list":["post-79553","post","type-post","status-publish","format-standard","has-post-thumbnail","hentry","category-archiwum-wydarzen","category-spotkania-autorskie-w-obiektywie","category-bez-kategorii","category-aktualnosci","category-spotkania"],"publishpress_future_action":{"enabled":false,"date":"2026-05-03 07:17:56","action":"change-status","newStatus":"draft","terms":[],"taxonomy":"category","extraData":[]},"publishpress_future_workflow_manual_trigger":{"enabledWorkflows":[]},"_links":{"self":[{"href":"https:\/\/wbp.lublin.pl\/index.php\/wp-json\/wp\/v2\/posts\/79553","targetHints":{"allow":["GET"]}}],"collection":[{"href":"https:\/\/wbp.lublin.pl\/index.php\/wp-json\/wp\/v2\/posts"}],"about":[{"href":"https:\/\/wbp.lublin.pl\/index.php\/wp-json\/wp\/v2\/types\/post"}],"author":[{"embeddable":true,"href":"https:\/\/wbp.lublin.pl\/index.php\/wp-json\/wp\/v2\/users\/21"}],"replies":[{"embeddable":true,"href":"https:\/\/wbp.lublin.pl\/index.php\/wp-json\/wp\/v2\/comments?post=79553"}],"version-history":[{"count":2,"href":"https:\/\/wbp.lublin.pl\/index.php\/wp-json\/wp\/v2\/posts\/79553\/revisions"}],"predecessor-version":[{"id":79574,"href":"https:\/\/wbp.lublin.pl\/index.php\/wp-json\/wp\/v2\/posts\/79553\/revisions\/79574"}],"wp:featuredmedia":[{"embeddable":true,"href":"https:\/\/wbp.lublin.pl\/index.php\/wp-json\/wp\/v2\/media\/79558"}],"wp:attachment":[{"href":"https:\/\/wbp.lublin.pl\/index.php\/wp-json\/wp\/v2\/media?parent=79553"}],"wp:term":[{"taxonomy":"category","embeddable":true,"href":"https:\/\/wbp.lublin.pl\/index.php\/wp-json\/wp\/v2\/categories?post=79553"},{"taxonomy":"post_tag","embeddable":true,"href":"https:\/\/wbp.lublin.pl\/index.php\/wp-json\/wp\/v2\/tags?post=79553"}],"curies":[{"name":"wp","href":"https:\/\/api.w.org\/{rel}","templated":true}]}}