{"id":8009,"date":"2012-11-09T14:18:40","date_gmt":"2012-11-09T13:18:40","guid":{"rendered":"https:\/\/wbp.lublin.pl8\/index.php\/2012\/11\/09\/felscherinow-christiane-v-my-dzieci-z-dworca-zoo\/"},"modified":"2018-07-02T21:56:28","modified_gmt":"2018-07-02T19:56:28","slug":"felscherinow-christiane-v-my-dzieci-z-dworca-zoo","status":"publish","type":"post","link":"https:\/\/wbp.lublin.pl\/index.php\/2012\/11\/09\/felscherinow-christiane-v-my-dzieci-z-dworca-zoo\/","title":{"rendered":"Felscherinow Christiane V.: My, dzieci z dworca ZOO"},"content":{"rendered":"<p>Normal 0 21 false false false MicrosoftInternetExplorer4<\/p>\n<p style=\"text-align: justify;\">Niekt\u00f3re ksi\u0105\u017cki sprawiaj\u0105, \u017ce cz\u0142owiek zaczyna postrzega\u0107 \u015bwiat z zupe\u0142nie innej perspektywy. Z pozoru wa\u017cne problemy przestaj\u0105 mie\u0107 znaczenie. U\u015bwiadamia sobie r\u00f3wnie\u017c, i\u017c obok niego \u017cyj\u0105 ludzie, kt\u00f3rzy pozostawieni sami sobie skazani s\u0105 na prawdopodobne przegranie \u017cycia. Do takich ksi\u0105\u017cek nale\u017cy powie\u015b\u0107 \u201eMy, dzieci z dworca ZOO \u2013 szokuj\u0105ca relacja pi\u0119tnastoletniej narkomanki z Berlina Zachodniego\u201d.<\/p>\n<p style=\"text-align: justify;\">\nChristiane F., nieszcz\u0119\u015bliwa 12-latka przyt\u0142oczona problemami \u017cycia rodzinnego, poczuciem bezsensu \u017cycia szuka akceptacji w\u015br\u00f3d nowych znajomych, kt\u00f3rzy szybko wprowadzaj\u0105 j\u0105 w doros\u0142e \u017cycie. Bohaterka rozpoczyna swoj\u0105 przygod\u0119 z narkotykami. Wra\u017cenie panowania nad pocz\u0105tkiem uzale\u017cnienia sprawia, \u017ce dziewczyna decyduje si\u0119 na kolejne silniejsze narkotyki, ko\u0144cz\u0105c na heroinie. Uzale\u017cnienie psychiczne i fizyczne sprawia, i\u017c Christiane zmuszona jest do szukania nowych \u017ar\u00f3de\u0142\u00a0finansowania swojego na\u0142ogu. Gdy wszystko inne zawodzi decyduje si\u0119 na prostytucj\u0119.<\/p>\n<p style=\"text-align: justify;\">\nKiedy u\u015bwiadamia sobie kim tak naprawd\u0119 si\u0119 sta\u0142a pragnie zerwa\u0107 z na\u0142ogiem. Mimo wielu pr\u00f3b oczyszczenia si\u0119 na odwyku, \u017cadna nie ko\u0144czy si\u0119 sukcesem. G\u0142\u00f3d okazuje si\u0119 by\u0107 silniejszy. Wielokrotnie zawodzi swoj\u0105 mam\u0119, lekarzy, ale przede wszystkim siebie. Jej \u017cycie to pasmo wzlot\u00f3w i upadk\u00f3w, wiary na mo\u017cliwo\u015b\u0107 \u017cycia bez narkotyk\u00f3w i kolejnych dawek heroiny. Czy ostatecznie oka\u017ce si\u0119 na tyle silna by zerwa\u0107 z na\u0142ogiem? Czy spotka ludzi, kt\u00f3rzy jej w tym pomog\u0105?<\/p>\n<p style=\"text-align: justify;\">\nKsi\u0105\u017cka \u201eMy dzieci z dworca ZOO\u201d da\u0142a mi wiele do my\u015blenia. Wywo\u0142a\u0142a r\u00f3wnie\u017c wiele sprzecznych uczu\u0107 wzgl\u0119dem bohaterki. Jej decyzje by\u0142y dla mnie niezrozumia\u0142e, wzbudza\u0142y wsp\u00f3\u0142czucie, ale z drugiej strony nadziej\u0119, \u017ce Christiane ostatecznie wygra walk\u0119 z w\u0142asnymi s\u0142abo\u015bciami. Dzi\u0119ki lekturze utwierdzi\u0142am si\u0119 w przekonaniu, \u017ce nie mo\u017cna by\u0107 oboj\u0119tnym na problemy innych i \u017ce zawsze nale\u017cy pomaga\u0107, je\u015bli tylko jest to mo\u017cliwe.<\/p>\n<p style=\"text-align: justify;\">\/* Style Definitions *\/ table.MsoNormalTable { mso-style-parent:&#8221;&#8221;; font-size:10.0pt;&#8221;Times New Roman&#8221;;}<\/p>\n","protected":false},"excerpt":{"rendered":"<p>Normal 0 21 false false false MicrosoftInternetExplorer4 Niekt\u00f3re ksi\u0105\u017cki sprawiaj\u0105, \u017ce cz\u0142owiek zaczyna postrzega\u0107 \u015bwiat z zupe\u0142nie innej perspektywy. Z pozoru wa\u017cne problemy przestaj\u0105 mie\u0107 znaczenie. U\u015bwiadamia sobie r\u00f3wnie\u017c, i\u017c [&hellip;]<\/p>\n","protected":false},"author":18,"featured_media":0,"comment_status":"open","ping_status":"open","sticky":false,"template":"","format":"standard","meta":{"_tec_requires_first_save":true,"_crdt_document":"","pgc_sgb_lightbox_settings":"","_EventAllDay":false,"_EventTimezone":"","_EventStartDate":"","_EventEndDate":"","_EventStartDateUTC":"","_EventEndDateUTC":"","_EventShowMap":false,"_EventShowMapLink":false,"_EventURL":"","_EventCost":"","_EventCostDescription":"","_EventCurrencySymbol":"","_EventCurrencyCode":"","_EventCurrencyPosition":"","_EventDateTimeSeparator":"","_EventTimeRangeSeparator":"","_EventOrganizerID":[],"_EventVenueID":[],"_OrganizerEmail":"","_OrganizerPhone":"","_OrganizerWebsite":"","_VenueAddress":"","_VenueCity":"","_VenueCountry":"","_VenueProvince":"","_VenueState":"","_VenueZip":"","_VenuePhone":"","_VenueURL":"","_VenueStateProvince":"","_VenueLat":"","_VenueLng":"","_VenueShowMap":false,"_VenueShowMapLink":false,"_tribe_blocks_recurrence_rules":"","_tribe_blocks_recurrence_description":"","_tribe_blocks_recurrence_exclusions":"","footnotes":""},"categories":[110],"tags":[],"class_list":["post-8009","post","type-post","status-publish","format-standard","hentry","category-recenzje-klubowiczow"],"publishpress_future_action":{"enabled":false,"date":"2026-05-06 05:01:00","action":"change-status","newStatus":"draft","terms":[],"taxonomy":"category","extraData":[]},"publishpress_future_workflow_manual_trigger":{"enabledWorkflows":[]},"_links":{"self":[{"href":"https:\/\/wbp.lublin.pl\/index.php\/wp-json\/wp\/v2\/posts\/8009","targetHints":{"allow":["GET"]}}],"collection":[{"href":"https:\/\/wbp.lublin.pl\/index.php\/wp-json\/wp\/v2\/posts"}],"about":[{"href":"https:\/\/wbp.lublin.pl\/index.php\/wp-json\/wp\/v2\/types\/post"}],"author":[{"embeddable":true,"href":"https:\/\/wbp.lublin.pl\/index.php\/wp-json\/wp\/v2\/users\/18"}],"replies":[{"embeddable":true,"href":"https:\/\/wbp.lublin.pl\/index.php\/wp-json\/wp\/v2\/comments?post=8009"}],"version-history":[{"count":2,"href":"https:\/\/wbp.lublin.pl\/index.php\/wp-json\/wp\/v2\/posts\/8009\/revisions"}],"predecessor-version":[{"id":12873,"href":"https:\/\/wbp.lublin.pl\/index.php\/wp-json\/wp\/v2\/posts\/8009\/revisions\/12873"}],"wp:attachment":[{"href":"https:\/\/wbp.lublin.pl\/index.php\/wp-json\/wp\/v2\/media?parent=8009"}],"wp:term":[{"taxonomy":"category","embeddable":true,"href":"https:\/\/wbp.lublin.pl\/index.php\/wp-json\/wp\/v2\/categories?post=8009"},{"taxonomy":"post_tag","embeddable":true,"href":"https:\/\/wbp.lublin.pl\/index.php\/wp-json\/wp\/v2\/tags?post=8009"}],"curies":[{"name":"wp","href":"https:\/\/api.w.org\/{rel}","templated":true}]}}