{"id":8021,"date":"2012-11-12T11:00:40","date_gmt":"2012-11-12T10:00:40","guid":{"rendered":"https:\/\/wbp.lublin.pl8\/index.php\/2012\/11\/12\/ewa-nowak-w-hrubieszowie-25-10-2012\/"},"modified":"2018-07-02T22:56:50","modified_gmt":"2018-07-02T20:56:50","slug":"ewa-nowak-w-hrubieszowie-25-10-2012","status":"publish","type":"post","link":"https:\/\/wbp.lublin.pl\/index.php\/2012\/11\/12\/ewa-nowak-w-hrubieszowie-25-10-2012\/","title":{"rendered":"Ewa Nowak w Hrubieszowie (25. 10. 2012)"},"content":{"rendered":"<p><!-- [if gte mso 9]><xml>     Normal   0   21         false   false   false                             MicrosoftInternetExplorer4   <\/xml><![endif]--><\/p>\n<p style=\"text-align: justify;\"><b>Czym jest \u015bwiadomo\u015b\u0107 pedagogiczna? Jakie prze\u017cycia determinuj\u0105 ukszta\u0142towanie charakterologiczne cz\u0142owieka? Czego mo\u017cemy nauczy\u0107 si\u0119 od postaci literackiej? Co s\u0142ycha\u0107 w prywatnym \u017cyciu i jak powstaj\u0105 ksi\u0105\u017cki Ewy Nowak? To tylko przyk\u0142adowe tre\u015bci, w jakie obfitowa\u0142o spotkanie autorskie zorganizowane przez Miejsk\u0105 Bibliotek\u0119 Publiczn\u0105 w Hrubieszowie.<\/b><\/p>\n<p style=\"text-align: justify;\">Ewa Nowak \u2013 pisarka i publicystka, pedagog i terapeuta, autorka felieton\u00f3w, opowiada\u0144 oraz powie\u015bci dla dzieci i m\u0142odzie\u017cy. Jej tw\u00f3rczo\u015b\u0107 podpowiada, jak sobie radzi\u0107 w domu i w szkole, w dobrych i z\u0142ych chwilach, z przyjaci\u00f3\u0142mi i z rodzicami. Odnosi si\u0119 do warto\u015bci takich jak uczciwo\u015b\u0107, szczero\u015b\u0107 wobec siebie i innych, przyja\u017a\u0144, mi\u0142o\u015b\u0107 i szacunek dla drugiego cz\u0142owieka. Ksi\u0105\u017cki tej autorki cechuje intelektualny humor po\u0142\u0105czony z celno\u015bci\u0105 opisywania rzeczywisto\u015bci. Wielbiciele ksi\u0105\u017cek Ewy Nowak mogli skonfrontowa\u0107 te informacje na spotkaniu autorskim.<\/p>\n<p style=\"text-align: justify;\">Od 2 lat przy Miejskiej Bibliotece Publicznej w Hrubieszowie dzia\u0142a Dyskusyjny Klub Ksi\u0105\u017cki, kt\u00f3ry powsta\u0142 w ramach og\u00f3lnopolskiego programu Instytutu Ksi\u0105\u017cki. Dzi\u0119ki jego pr\u0119\u017cnej dzia\u0142alno\u015bci mieszka\u0144cy Hrubieszowa mogli w dniu 25 pa\u017adziernika 2012 o godz. 17<sup>00<\/sup> spotka\u0107 si\u0119 z pisark\u0105 Ew\u0105 Nowak. Uczestnicy dali si\u0119 zarazi\u0107 energi\u0105 pisarki, kt\u00f3ra przez ponad godzin\u0119 m\u00f3wi\u0142a o sobie, swojej rodzinie, pisaniu, bohaterach oraz og\u00f3lnie o wychowaniu i kierunkowo o kontek\u015bcie powstawania konkretnych postaci z jej powie\u015bci. Nie zabrak\u0142o dygresji, wtr\u0105ce\u0144 o gustach czytelniczych, pochodzeniu imion \u201epowie\u015bciowych\u201d zwierz\u0105t czy praktyki pedagogicznej autorki. Na zako\u0144czenie by\u0142y autografy, pami\u0105tkowe zdj\u0119cia, uczestnicy jeszcze d\u0142ugo po spotkaniu prowadzili kuluarowe rozmowy. Cieszy nas, \u017ce pisarka wyje\u017cd\u017caj\u0105c z grodu nad Huczw\u0105 by\u0142a zadowolona i u\u015bmiechni\u0119ta.<\/p>\n<p style=\"text-align: center;\"><img data-dominant-color=\"453027\" data-has-transparency=\"false\" style=\"--dominant-color: #453027;\" loading=\"lazy\" decoding=\"async\" class=\"size-full wp-image-8010 not-transparent\" title=\"Hrubiesz\u00f3w - spotkanie z Ew\u0105 Nowak 25. 10. 2012.\" src=\"http:\/\/wbp.lublin.pl\/wp-content\/uploads\/2012\/11\/dkk_relacje_2012-10-25-Hrubieszow-Nowak_1.jpg\" alt=\"\" width=\"166\" height=\"100\" \/> <img data-dominant-color=\"3c2a27\" data-has-transparency=\"false\" style=\"--dominant-color: #3c2a27;\" loading=\"lazy\" decoding=\"async\" class=\"size-full wp-image-8011 not-transparent\" title=\"Hrubiesz\u00f3w - spotkanie z Ew\u0105 Nowak 25. 10. 2012.\" src=\"http:\/\/wbp.lublin.pl\/wp-content\/uploads\/2012\/11\/dkk_relacje_2012-10-25-Hrubieszow-Nowak_2.jpg\" alt=\"\" width=\"166\" height=\"100\" \/> <img data-dominant-color=\"56382f\" data-has-transparency=\"false\" style=\"--dominant-color: #56382f;\" loading=\"lazy\" decoding=\"async\" class=\"size-full wp-image-8012 not-transparent\" title=\"Hrubiesz\u00f3w - spotkanie z Ew\u0105 Nowak 25. 10. 2012.\" src=\"http:\/\/wbp.lublin.pl\/wp-content\/uploads\/2012\/11\/dkk_relacje_2012-10-25-Hrubieszow-Nowak_3.jpg\" alt=\"\" width=\"166\" height=\"100\" \/> <img data-dominant-color=\"503d3c\" data-has-transparency=\"false\" style=\"--dominant-color: #503d3c;\" loading=\"lazy\" decoding=\"async\" class=\"size-full wp-image-8013 not-transparent\" title=\"Hrubiesz\u00f3w - spotkanie z Ew\u0105 Nowak 25. 10. 2012.\" src=\"http:\/\/wbp.lublin.pl\/wp-content\/uploads\/2012\/11\/dkk_relacje_2012-10-25-Hrubieszow-Nowak_4.jpg\" alt=\"\" width=\"166\" height=\"100\" \/> <img data-dominant-color=\"3d2f31\" data-has-transparency=\"false\" style=\"--dominant-color: #3d2f31;\" loading=\"lazy\" decoding=\"async\" class=\"size-full wp-image-8014 not-transparent\" title=\"Hrubiesz\u00f3w - spotkanie z Ew\u0105 Nowak 25. 10. 2012.\" src=\"http:\/\/wbp.lublin.pl\/wp-content\/uploads\/2012\/11\/dkk_relacje_2012-10-25-Hrubieszow-Nowak_5.jpg\" alt=\"\" width=\"166\" height=\"100\" \/> <img data-dominant-color=\"4d3e43\" data-has-transparency=\"false\" style=\"--dominant-color: #4d3e43;\" loading=\"lazy\" decoding=\"async\" class=\"size-full wp-image-8015 not-transparent\" title=\"Hrubiesz\u00f3w - spotkanie z Ew\u0105 Nowak 25. 10. 2012.\" src=\"http:\/\/wbp.lublin.pl\/wp-content\/uploads\/2012\/11\/dkk_relacje_2012-10-25-Hrubieszow-Nowak_6.jpg\" alt=\"\" width=\"166\" height=\"100\" \/> <img data-dominant-color=\"604f53\" data-has-transparency=\"false\" style=\"--dominant-color: #604f53;\" loading=\"lazy\" decoding=\"async\" class=\"size-full wp-image-8016 not-transparent\" title=\"Hrubiesz\u00f3w - spotkanie z Ew\u0105 Nowak 25. 10. 2012.\" src=\"http:\/\/wbp.lublin.pl\/wp-content\/uploads\/2012\/11\/dkk_relacje_2012-10-25-Hrubieszow-Nowak_7.jpg\" alt=\"\" width=\"166\" height=\"100\" \/> <img data-dominant-color=\"4f3c38\" data-has-transparency=\"false\" style=\"--dominant-color: #4f3c38;\" loading=\"lazy\" decoding=\"async\" class=\"size-full wp-image-8017 not-transparent\" title=\"Hrubiesz\u00f3w - spotkanie z Ew\u0105 Nowak 25. 10. 2012.\" src=\"http:\/\/wbp.lublin.pl\/wp-content\/uploads\/2012\/11\/dkk_relacje_2012-10-25-Hrubieszow-Nowak_8.jpg\" alt=\"\" width=\"166\" height=\"100\" \/> <img data-dominant-color=\"4b3733\" data-has-transparency=\"false\" style=\"--dominant-color: #4b3733;\" loading=\"lazy\" decoding=\"async\" class=\"size-full wp-image-8018 not-transparent\" title=\"Hrubiesz\u00f3w - spotkanie z Ew\u0105 Nowak 25. 10. 2012.\" src=\"http:\/\/wbp.lublin.pl\/wp-content\/uploads\/2012\/11\/dkk_relacje_2012-10-25-Hrubieszow-Nowak_9.jpg\" alt=\"\" width=\"166\" height=\"100\" \/> <img data-dominant-color=\"613a2a\" data-has-transparency=\"false\" style=\"--dominant-color: #613a2a;\" loading=\"lazy\" decoding=\"async\" class=\"size-full wp-image-8019 not-transparent\" title=\"Hrubiesz\u00f3w - spotkanie z Ew\u0105 Nowak 25. 10. 2012.\" src=\"http:\/\/wbp.lublin.pl\/wp-content\/uploads\/2012\/11\/dkk_relacje_2012-10-25-Hrubieszow-Nowak_10.jpg\" alt=\"\" width=\"166\" height=\"100\" \/> <img data-dominant-color=\"50292a\" data-has-transparency=\"false\" style=\"--dominant-color: #50292a;\" loading=\"lazy\" decoding=\"async\" class=\"size-full wp-image-8020 not-transparent\" title=\"Hrubiesz\u00f3w - spotkanie z Ew\u0105 Nowak 25. 10. 2012.\" src=\"http:\/\/wbp.lublin.pl\/wp-content\/uploads\/2012\/11\/dkk_relacje_2012-10-25-Hrubieszow-Nowak_11.jpg\" alt=\"\" width=\"166\" height=\"100\" \/><\/p>\n","protected":false},"excerpt":{"rendered":"<p>Czym jest \u015bwiadomo\u015b\u0107 pedagogiczna? Jakie prze\u017cycia determinuj\u0105 ukszta\u0142towanie charakterologiczne cz\u0142owieka? Czego mo\u017cemy nauczy\u0107 si\u0119 od postaci literackiej? Co s\u0142ycha\u0107 w prywatnym \u017cyciu i jak powstaj\u0105 ksi\u0105\u017cki Ewy Nowak? To tylko [&hellip;]<\/p>\n","protected":false},"author":18,"featured_media":8010,"comment_status":"open","ping_status":"open","sticky":false,"template":"","format":"standard","meta":{"_tec_requires_first_save":true,"_crdt_document":"","pgc_sgb_lightbox_settings":"","_EventAllDay":false,"_EventTimezone":"","_EventStartDate":"","_EventEndDate":"","_EventStartDateUTC":"","_EventEndDateUTC":"","_EventShowMap":false,"_EventShowMapLink":false,"_EventURL":"","_EventCost":"","_EventCostDescription":"","_EventCurrencySymbol":"","_EventCurrencyCode":"","_EventCurrencyPosition":"","_EventDateTimeSeparator":"","_EventTimeRangeSeparator":"","_EventOrganizerID":[],"_EventVenueID":[],"_OrganizerEmail":"","_OrganizerPhone":"","_OrganizerWebsite":"","_VenueAddress":"","_VenueCity":"","_VenueCountry":"","_VenueProvince":"","_VenueState":"","_VenueZip":"","_VenuePhone":"","_VenueURL":"","_VenueStateProvince":"","_VenueLat":"","_VenueLng":"","_VenueShowMap":false,"_VenueShowMapLink":false,"_tribe_blocks_recurrence_rules":"","_tribe_blocks_recurrence_description":"","_tribe_blocks_recurrence_exclusions":"","footnotes":""},"categories":[1],"tags":[],"class_list":["post-8021","post","type-post","status-publish","format-standard","has-post-thumbnail","hentry","category-bez-kategorii"],"publishpress_future_action":{"enabled":false,"date":"2026-05-06 15:53:21","action":"change-status","newStatus":"draft","terms":[],"taxonomy":"category","extraData":[]},"publishpress_future_workflow_manual_trigger":{"enabledWorkflows":[]},"_links":{"self":[{"href":"https:\/\/wbp.lublin.pl\/index.php\/wp-json\/wp\/v2\/posts\/8021","targetHints":{"allow":["GET"]}}],"collection":[{"href":"https:\/\/wbp.lublin.pl\/index.php\/wp-json\/wp\/v2\/posts"}],"about":[{"href":"https:\/\/wbp.lublin.pl\/index.php\/wp-json\/wp\/v2\/types\/post"}],"author":[{"embeddable":true,"href":"https:\/\/wbp.lublin.pl\/index.php\/wp-json\/wp\/v2\/users\/18"}],"replies":[{"embeddable":true,"href":"https:\/\/wbp.lublin.pl\/index.php\/wp-json\/wp\/v2\/comments?post=8021"}],"version-history":[{"count":2,"href":"https:\/\/wbp.lublin.pl\/index.php\/wp-json\/wp\/v2\/posts\/8021\/revisions"}],"predecessor-version":[{"id":13218,"href":"https:\/\/wbp.lublin.pl\/index.php\/wp-json\/wp\/v2\/posts\/8021\/revisions\/13218"}],"wp:featuredmedia":[{"embeddable":true,"href":"https:\/\/wbp.lublin.pl\/index.php\/wp-json\/wp\/v2\/media\/8010"}],"wp:attachment":[{"href":"https:\/\/wbp.lublin.pl\/index.php\/wp-json\/wp\/v2\/media?parent=8021"}],"wp:term":[{"taxonomy":"category","embeddable":true,"href":"https:\/\/wbp.lublin.pl\/index.php\/wp-json\/wp\/v2\/categories?post=8021"},{"taxonomy":"post_tag","embeddable":true,"href":"https:\/\/wbp.lublin.pl\/index.php\/wp-json\/wp\/v2\/tags?post=8021"}],"curies":[{"name":"wp","href":"https:\/\/api.w.org\/{rel}","templated":true}]}}