{"id":8048,"date":"2013-01-08T13:14:50","date_gmt":"2013-01-08T12:14:50","guid":{"rendered":"https:\/\/wbp.lublin.pl8\/index.php\/2013\/01\/08\/nabytki-do-ksiegozbioru-naukowego-w-listopadzie-2012-r-2\/"},"modified":"2018-10-31T11:46:36","modified_gmt":"2018-10-31T10:46:36","slug":"nabytki-do-ksiegozbioru-naukowego-w-listopadzie-2012-r-2","status":"publish","type":"post","link":"https:\/\/wbp.lublin.pl\/index.php\/2013\/01\/08\/nabytki-do-ksiegozbioru-naukowego-w-listopadzie-2012-r-2\/","title":{"rendered":"Nabytki do Ksi\u0119gozbioru Naukowego w grudniu 2012 r."},"content":{"rendered":"<h3><\/h3>\n<p><!--more--><\/p>\n<div style=\"text-align: center;\">(wyb\u00f3r)<\/div>\n<div style=\"text-align: center;\"><\/div>\n<p><!-- [if gte mso 9]><xml>     Normal   0   21         false   false   false                             MicrosoftInternetExplorer4   <\/xml><![endif]--><\/p>\n<p><!-- [if gte mso 9]><xml>     Normal   0   21         false   false   false                             MicrosoftInternetExplorer4   <\/xml><![endif]--><\/p>\n<ol style=\"margin-top: 0cm;\" start=\"1\" type=\"1\"><!-- [if gte mso 9]><xml>     Normal   0   21         false   false   false                             MicrosoftInternetExplorer4   <\/xml><![endif]--><\/ol>\n<p><!-- [if gte mso 9]><xml>     Normal   0   21         false   false   false                             MicrosoftInternetExplorer4   <\/xml><![endif]--><\/p>\n<p align=\"left\">1.\u00a0\u00a0\u00a0\u00a0\u00a0 <i>65 lat polskiej animacji dla dzieci = 65 years of Polish animatiof for children<\/i>. \u0141\u00f3d\u017a, 2012.<\/p>\n<p align=\"left\">2.\u00a0\u00a0\u00a0\u00a0\u00a0 Badeni J., <i>St\u0105d do nieba : ostatnie przes\u0142anie<\/i>. Krak\u00f3w, 2012.<\/p>\n<p align=\"left\">3.\u00a0\u00a0\u00a0\u00a0\u00a0 Bartnik R., <i>Brzegi Wis\u0142y : wielka historia wsi i miasteczek Powi\u015bla od Sandomierza do St\u0119\u017cycy : katalog wystawy w Muzeum Lubelskim, lipiec-sierpie\u0144 2012<\/i>. Lublin, 2012.<\/p>\n<p align=\"left\">4.\u00a0\u00a0\u00a0\u00a0\u00a0 Bierwiaczonek K., Lewicka B., Nawrocki T., <i>Rynki, malle i cmentarze : przestrze\u0144 publiczna miast \u015bl\u0105skich w uj\u0119ciu socjologicznym<\/i>. Krak\u00f3w, 2012.<\/p>\n<p align=\"left\">5.\u00a0\u00a0\u00a0\u00a0\u00a0 <i>B\u00f3g Wschodu i Zachodu<\/i>. Wroc\u0142aw; \u0141\u00f3d\u017a, 2012.<\/p>\n<p align=\"left\">6.\u00a0\u00a0\u00a0\u00a0\u00a0 Budzik M., <i>Rezydencja : Willa Kwiatkowskiego<\/i>. Tarn\u00f3w, 2012.<\/p>\n<p align=\"left\">7.\u00a0\u00a0\u00a0\u00a0\u00a0 Burno F., <i>\u015awi\u0105tynie nowego pa\u0144stwa : ko\u015bcio\u0142y rzymskokatolickie II Rzeczypospolitej<\/i>. Warszawa, 2012.<\/p>\n<p align=\"left\">8.\u00a0\u00a0\u00a0\u00a0\u00a0 <i>Cerkwie drewniane dawnej Galicji<\/i> <i>Wschodniej<\/i>. Krak\u00f3w, 2012.<\/p>\n<p align=\"left\">9.\u00a0\u00a0\u00a0\u00a0\u00a0 Dobrowolska M., <i>Seniorzy w bibliotekach publicznych : poradnik<\/i>. Warszawa, 2012.<\/p>\n<p align=\"left\">10.\u00a0Dudzik S., <i>Jerzy Grabowski : artist and the universe = artysta i uniwersum<\/i>. Z\u0105bki, 2012.<\/p>\n<p align=\"left\">11.\u00a0Filip P., <i>Eugeniusz Kwiatkowski \u2013 chemik, polityk, mened\u017cer<\/i>. Tarn\u00f3w; Krak\u00f3w, 2012.<\/p>\n<p align=\"left\">12.\u00a0Goldberg J., <i>\u017bydzi w spo\u0142ecze\u0144stwie, gospodarce i kulturze Rzeczypospolitej szlacheckiej. <\/i>Krak\u00f3w, 2012.<\/p>\n<p align=\"left\">13.\u00a0I\u0142owiecki M., <i>Pilnowanie stra\u017cnik\u00f3w : etyka dziennikarska w praktyce<\/i>. Warszawa, 2012.<\/p>\n<p align=\"left\">14.\u00a0<i>Jak m\u00f3wi\u0107 o wi\u0119kszo\u015bci \u015bwiata : rzetelna edukacja o krajach globalnego Po\u0142udnia<\/i>. Warszawa, 2012.<\/p>\n<p align=\"left\">15.\u00a0<i>Kobieta w gospodarstwie domowym : ziemie polskie na tle por\u00f3wnawczym<\/i>. Zielona G\u00f3ra, 2012.<\/p>\n<p align=\"left\">16.\u00a0Kos J.B., <i>Pogranicza : medycyna, historia, literatura<\/i>. Wroc\u0142aw, 2012.<\/p>\n<p align=\"left\">17.\u00a0Kotowicz W., <i>\u017bycie polityczne Obwodu Kaliningradzkiego Federacji Rosyjskiej : stymulatory endogeniczne i egzogeniczne<\/i>. Toru\u0144, 2012.<\/p>\n<p align=\"left\">18.\u00a0Kubacki A.D., <i>T\u0142umaczenie po\u015bwiadczone : status, kszta\u0142cenie, warsztat i odpowiedzialno\u015b\u0107 t\u0142umacza przysi\u0119g\u0142ego<\/i>. Warszawa, 2012.<\/p>\n<p align=\"left\">19.\u00a0Kunert A.K., Siwek A., Walkowski Z., <i>Polski cmentarz wojenny w Kijowie-Bykowni : (czwarty cmentarz katy\u0144ski)<\/i>. Warszawa, 2012.<\/p>\n<p align=\"left\">20.\u00a0Lyubashenko I., <i>Europejska Polityka S\u0105siedztwa Unii Europejskiej wobec pa\u0144stw Europy Wschodniej.<\/i> \u0141ysomice; Toru\u0144, 2012.<\/p>\n<p align=\"left\">21.\u00a0\u0141apott J., <i>Dogonowie z Mali : spo\u0142eczno\u015b\u0107 tradycyjna w procesie zmian<\/i>. Szczecin, 2012.<\/p>\n<p align=\"left\">22.\u00a0\u0141\u0119tocha B., G\u0142owicka Z., Jab\u0142o\u0144ska I., <i>Afisze \u017byd\u00f3w lubelskich wydane w latach dwudziestych XX wieku : dokumenty ze zbior\u00f3w Biblioteki Narodowej.<\/i> Warszawa, 2012.<\/p>\n<p align=\"left\">23.\u00a0Markwart Z., <i>Polityka realna : zarys dzia\u0142alno\u015bci programu stronnictwa petersburskich realist\u00f3w (1859-1906).<\/i> Krak\u00f3w, 2012.<\/p>\n<p align=\"left\">24.\u00a0Miniszewski M., <i>Architektura z\u0142a : wyjatkowo\u015b\u0107 Holokaustu jako prblem filozoficzny<\/i>. K\u0119ty, 2012.<\/p>\n<p align=\"left\">25.\u00a0<i>Nowe spojrzenie na kryteria poprawno\u015bci j\u0119zykowej<\/i>. Warszawa, 2012.<\/p>\n<p align=\"left\">26.\u00a0<i>O zabawach, zabawkach i nie tylko : spotkanie z tradycj\u0105<\/i>. Pu\u0142awy, 2012.<\/p>\n<p align=\"left\">27.\u00a0<i>Opozycja parlamentarna w Polsce w latach 1997-2010<\/i>. Krak\u00f3w, 2012.<\/p>\n<p align=\"left\">28.\u00a0Pil\u017cys J., <i>Departament Piechoty Ministerstwa Spraw Wojskowych w latach 1921-1939<\/i>. Szczecin, 2012.<\/p>\n<p align=\"left\">29.\u00a0Pisowicz A., Sedojan Sz., Ter-Grigorian N., <i>Ma\u0142y s\u0142ownik ormia\u0144sko-polski, polsko-ormia\u0144ski. <\/i>Krak\u00f3w, 2012.<\/p>\n<p align=\"left\">30.\u00a0Pociej B., <i>Polsko\u015b\u0107 Chopina.<\/i> Warszawa, 2012.<\/p>\n<p align=\"left\">31.\u00a0<i>Porta Fidei : przekaz wiary w prawie Ko\u015bcio\u0142a<\/i>. Lublin, 2012.<\/p>\n<p align=\"left\">32.\u00a0<i>Po\u017cegnanie z Matk\u0105 Polk\u0105? : dyskurs, praktyki i reprezentacje macierzy\u0144stwa we wsp\u00f3\u0142czesnej Polsce.<\/i> Warszawa, 2012.<\/p>\n<p align=\"left\">33.\u00a0Rogo\u017ca J., Wierzbowska-Miazga A., Wi\u015bniewska I., <i>Wyspa na uwi\u0119zi : Kaliningrad mi\u0119dzy Moskw\u0105 a UE<\/i>. Warszawa, 2012.<\/p>\n<p align=\"left\">34.\u00a0Sellier P., <i>Biblia w kulturze Zachodu<\/i>. Warszawa, 2012.<\/p>\n<p align=\"left\">35.\u00a0<i>S\u0142ownik tematyczny interwencji Policji : polski, angielski, francuski, niemiecki, rosyjski.<\/i> Szczytno, 2012.<\/p>\n<p align=\"left\">36.\u00a0Souter N., <i>Plakat i reklama : przewodnik<\/i>. Warszawa, 2012.<\/p>\n<p align=\"left\">37.\u00a0<i>Sp\u00f3r o Rymkiewicza : wyb\u00f3r publicystyki<\/i>. Warszawa, 2012.<\/p>\n<p align=\"left\">38.\u00a0<i>Statystyka to ludzie : 50 lat Urz\u0119du Statystycznego w Lublinie (1962-2012).<\/i> Lublin, 2012.<\/p>\n<p align=\"left\">39.\u00a0Stycze\u0144 T., <i>Etyka niezale<\/i>\u017cna. Lublin, 2012.<\/p>\n<p align=\"left\">40.\u00a0Sztyber R<i>., \u201eSk\u0105d\u017ce to zb\u0142a\u017anienie \u015bwiata?\u201d : Wojciecha Dembo\u0142\u0119ckiego Wyw\u00f3d jedynow\u0142asnego pa\u0144stwa \u015bwiata (studium monograficzne i edycja krytyczna).<\/i> Zielona G\u00f3ra, 2012.<\/p>\n<p align=\"left\">41.\u00a0Szyma\u0144ska M., <i>Metafory w tw\u00f3rczych wypowiedziach pisemnych uczni\u00f3w<\/i>. Krak\u00f3w, 2012.<\/p>\n<p align=\"left\">42.\u00a0Timoszyk-Tomczak C., Bugajska B., <i>Przysz\u0142o\u015bciowa perspektywa czasowa w staro\u015bci<\/i>. Szczecin, 2012.<\/p>\n<p align=\"left\">43.\u00a0<i>W ho\u0142dzie patronom z my\u015bl\u0105 o przysz\u0142o\u015bci<\/i>. Lublin, 2012.<\/p>\n<p align=\"left\">44.\u00a0Walewander E., <i>Proboszczowie krasnobrodzcy od po\u0142owy XIX wieku<\/i>. Lublin, 2012.<\/p>\n<p align=\"left\">45.\u00a0Waluda B., <i>Sp\u00f3\u0142dzielnia \u201eSnop\u201d w Zamo\u015bciu : w latach okupacji \u2013 odrodzona po ucieczce Niemc\u00f3w.<\/i> Warszawa, 2012.<\/p>\n<p align=\"left\">46.\u00a0Wiklik C., <i>Rynek w Lw\u00f3wku \u015al\u0105skim na dawnej widok\u00f3wce i wsp\u00f3\u0142czesnej fotografii.<\/i> Lw\u00f3wek \u015al\u0105ski; Jelenia G\u00f3ra, 2012.<\/p>\n<p align=\"left\">47.\u00a0Wola\u0144ski R., <i>Eugeniusz Bodo : \u201eJu\u017c taki jestem zimny dra\u0144\u201d.<\/i> Pozna\u0144, 2012.<\/p>\n<p align=\"left\">48.\u00a0Zi\u00f3\u0142ek E.M., <i>Mi\u0119dzy tronem i o\u0142tarzem : Ko\u015bci\u00f3\u0142 i pa\u0144stwo w Ksi\u0119stwie Warszawskim<\/i>. Lublin, 2012.<\/p>\n<p align=\"left\">49.\u00a0\u017bukowski B., <i>Esse est percipi? : metafizyka idei George\u2019a Berkeleya<\/i>. K\u0119ty, 2012.<\/p>\n<p align=\"left\">50.\u00a0\u017bukowski P.M., <i>Na prze\u0142omie pokoju i wojny : Francja w oczach polskiej opinii publicznej od wiosny 1938 do lata 1940<\/i>. Krak\u00f3w, 2012.<\/p>\n<p><!-- [if gte mso 9]><![endif]--><!-- [if gte mso 10]>\n\n\n\n<style>  \/* Style Definitions *\/  table.MsoNormalTable \t{ \tmso-style-parent:\"\"; \tfont-size:10.0pt;\"Times New Roman\";} <\/style>\n\n <![endif]--><\/p>\n<ol style=\"margin-top: 0cm;\" start=\"1\" type=\"1\"><!-- [if gte mso 9]><![endif]--><!-- [if gte mso 10]>\n\n\n\n<style>  \/* Style Definitions *\/  table.MsoNormalTable \t{ \tmso-style-parent:\"\"; \tfont-size:10.0pt;\"Times New Roman\";} <\/style>\n\n <![endif]--><\/ol>\n<p><!-- [if gte mso 9]><![endif]--><!-- [if gte mso 10]>\n\n\n\n<style>  \/* Style Definitions *\/  table.MsoNormalTable \t{ \tmso-style-parent:\"\"; \tfont-size:10.0pt;\"Times New Roman\";} <\/style>\n\n <![endif]--><\/p>\n<p><!-- [if gte mso 9]><![endif]--><!-- [if !mso]>\n\n\n\n<style> st1\\:*{behavior:url(#ieooui) } <\/style>\n\n <![endif]--><!-- [if gte mso 10]>\n\n\n\n<style>  \/* Style Definitions *\/  table.MsoNormalTable \t{ \tmso-style-parent:\"\"; \tfont-size:10.0pt;\"Times New Roman\";} <\/style>\n\n <![endif]--><\/p>\n<p><!-- [if gte mso 9]><![endif]--><!-- [if !mso]>\n\n\n\n<style> st1\\:*{behavior:url(#ieooui) } <\/style>\n\n <![endif]--><!-- [if gte mso 10]>\n\n\n\n<style>  \/* Style Definitions *\/  table.MsoNormalTable \t{ \tmso-style-parent:\"\"; \tfont-size:10.0pt;\"Times New Roman\";} <\/style>\n\n <![endif]--><\/p>\n<p><!-- [if gte mso 9]><xml>     Normal   0   21         false   false   false                             MicrosoftInternetExplorer4   <\/xml><![endif]--><!-- [if gte mso 9]><![endif]--><!-- [if !mso]>\n\n\n\n<style> st1\\:*{behavior:url(#ieooui) } <\/style>\n\n <![endif]--><!-- [if gte mso 10]>\n\n\n\n<style>  \/* Style Definitions *\/  table.MsoNormalTable \t{ \tmso-style-parent:\"\"; \tfont-size:10.0pt;\"Times New Roman\";} <\/style>\n\n <![endif]--><\/p>\n<p><!-- [if gte mso 9]><xml>     Normal   0   21         false   false   false                             MicrosoftInternetExplorer4   <\/xml><![endif]--><!-- [if gte mso 9]><![endif]--><!-- [if !mso]>\n\n\n\n<style> st1\\:*{behavior:url(#ieooui) } <\/style>\n\n <![endif]--><!-- [if gte mso 10]>\n\n\n\n<style>  \/* Style Definitions *\/  table.MsoNormalTable \t{ \tmso-style-parent:\"\"; \tfont-size:10.0pt;\"Times New Roman\";} <\/style>\n\n <![endif]--><\/p>\n","protected":false},"excerpt":{"rendered":"","protected":false},"author":11,"featured_media":0,"comment_status":"closed","ping_status":"open","sticky":false,"template":"","format":"standard","meta":{"_tec_requires_first_save":true,"_crdt_document":"","pgc_sgb_lightbox_settings":"","_EventAllDay":false,"_EventTimezone":"","_EventStartDate":"","_EventEndDate":"","_EventStartDateUTC":"","_EventEndDateUTC":"","_EventShowMap":false,"_EventShowMapLink":false,"_EventURL":"","_EventCost":"","_EventCostDescription":"","_EventCurrencySymbol":"","_EventCurrencyCode":"","_EventCurrencyPosition":"","_EventDateTimeSeparator":"","_EventTimeRangeSeparator":"","_EventOrganizerID":[],"_EventVenueID":[],"_OrganizerEmail":"","_OrganizerPhone":"","_OrganizerWebsite":"","_VenueAddress":"","_VenueCity":"","_VenueCountry":"","_VenueProvince":"","_VenueState":"","_VenueZip":"","_VenuePhone":"","_VenueURL":"","_VenueStateProvince":"","_VenueLat":"","_VenueLng":"","_VenueShowMap":false,"_VenueShowMapLink":false,"_tribe_blocks_recurrence_rules":"","_tribe_blocks_recurrence_description":"","_tribe_blocks_recurrence_exclusions":"","footnotes":""},"categories":[509,57],"tags":[],"class_list":["post-8048","post","type-post","status-publish","format-standard","hentry","category-nowe-nabytki","category-nowe-nabytki-do-ksigozbioru-naukowego"],"publishpress_future_action":{"enabled":false,"date":"2026-05-06 15:53:21","action":"change-status","newStatus":"draft","terms":[],"taxonomy":"category","extraData":[]},"publishpress_future_workflow_manual_trigger":{"enabledWorkflows":[]},"_links":{"self":[{"href":"https:\/\/wbp.lublin.pl\/index.php\/wp-json\/wp\/v2\/posts\/8048","targetHints":{"allow":["GET"]}}],"collection":[{"href":"https:\/\/wbp.lublin.pl\/index.php\/wp-json\/wp\/v2\/posts"}],"about":[{"href":"https:\/\/wbp.lublin.pl\/index.php\/wp-json\/wp\/v2\/types\/post"}],"author":[{"embeddable":true,"href":"https:\/\/wbp.lublin.pl\/index.php\/wp-json\/wp\/v2\/users\/11"}],"replies":[{"embeddable":true,"href":"https:\/\/wbp.lublin.pl\/index.php\/wp-json\/wp\/v2\/comments?post=8048"}],"version-history":[{"count":4,"href":"https:\/\/wbp.lublin.pl\/index.php\/wp-json\/wp\/v2\/posts\/8048\/revisions"}],"predecessor-version":[{"id":13640,"href":"https:\/\/wbp.lublin.pl\/index.php\/wp-json\/wp\/v2\/posts\/8048\/revisions\/13640"}],"wp:attachment":[{"href":"https:\/\/wbp.lublin.pl\/index.php\/wp-json\/wp\/v2\/media?parent=8048"}],"wp:term":[{"taxonomy":"category","embeddable":true,"href":"https:\/\/wbp.lublin.pl\/index.php\/wp-json\/wp\/v2\/categories?post=8048"},{"taxonomy":"post_tag","embeddable":true,"href":"https:\/\/wbp.lublin.pl\/index.php\/wp-json\/wp\/v2\/tags?post=8048"}],"curies":[{"name":"wp","href":"https:\/\/api.w.org\/{rel}","templated":true}]}}