{"id":81109,"date":"2026-03-30T14:47:56","date_gmt":"2026-03-30T12:47:56","guid":{"rendered":"https:\/\/wbp.lublin.pl\/?p=81109"},"modified":"2026-04-07T08:32:00","modified_gmt":"2026-04-07T06:32:00","slug":"zyczenia-swiateczne-7","status":"publish","type":"post","link":"https:\/\/wbp.lublin.pl\/index.php\/2026\/03\/30\/zyczenia-swiateczne-7\/","title":{"rendered":"\u017byczenia \u015bwi\u0105teczne"},"content":{"rendered":"\n<!--more-->\n\n\n\n<p class=\"has-text-align-center wp-block-paragraph\"><strong>Szanowni Czytelnicy i Sympatycy Biblioteki<\/strong>!<\/p>\n\n\n\n<p class=\"has-text-align-center wp-block-paragraph\"><em>Niech Zwyci\u0119stwo Jezusa<br>nape\u0142ni serca rado\u015bci\u0105<br>oraz doda odwagi i si\u0142y<br>w Naszej codziennej w\u0119dr\u00f3wce.<br>B\u0142ogos\u0142awie\u0144stwa i spokoju<br>od Zmartwychwsta\u0142ego Chrystusa<\/em><br>\u017cycz\u0105<br>Dyrekcja i Pracownicy<br>Wojew\u00f3dzkiej Biblioteki Publicznej<br>im. Hieronima \u0141opaci\u0144skiego<br>w Lublinie<\/p>\n\n\n\n<p class=\"has-text-align-center wp-block-paragraph\"><br>Wielkanoc 2026<\/p>\n\n\n<div class=\"wp-block-image\">\n<figure class=\"aligncenter size-large is-resized\"><img data-dominant-color=\"afaba2\" data-has-transparency=\"true\" loading=\"lazy\" decoding=\"async\" width=\"996\" height=\"1080\" sizes=\"auto, (max-width: 996px) 100vw, 996px\" src=\"https:\/\/wbp.lublin.pl\/wp-content\/uploads\/2026\/03\/Wielkanoc-2026-2-996x1080-1.png\" alt=\"Automatycznie zapisany szkic\" class=\"wp-image-81111 has-transparency\" style=\"--dominant-color: #afaba2; aspect-ratio:0.9222376614687869;width:579px;height:auto\" srcset=\"https:\/\/wbp.lublin.pl\/wp-content\/uploads\/2026\/03\/Wielkanoc-2026-2-996x1080-1.png 996w, https:\/\/wbp.lublin.pl\/wp-content\/uploads\/2026\/03\/Wielkanoc-2026-2-369x400-1.png 369w, https:\/\/wbp.lublin.pl\/wp-content\/uploads\/2026\/03\/Wielkanoc-2026-2-553x600-1.png 553w, https:\/\/wbp.lublin.pl\/wp-content\/uploads\/2026\/03\/Wielkanoc-2026-2-767x832-1.png 767w, https:\/\/wbp.lublin.pl\/wp-content\/uploads\/2026\/03\/Wielkanoc-2026-2-947x1027-1.png 947w, https:\/\/wbp.lublin.pl\/wp-content\/uploads\/2026\/03\/Wielkanoc-2026-2-623x676-1.png 623w, https:\/\/wbp.lublin.pl\/wp-content\/uploads\/2026\/03\/Wielkanoc-2026-2-png.webp 1396w\" \/><figcaption class=\"wp-element-caption\">AGNUS DEI Baranek Bo\u017cy<br>Apokalipsa \u015bw. Jana ksi\u0105\u017cka drzeworytowa, ok. 1469 r.<br>a.d. 2019 odtworzy\u0142 Tadeusz Grajpel<\/figcaption><\/figure>\n<\/div>","protected":false},"excerpt":{"rendered":"","protected":false},"author":21,"featured_media":81237,"comment_status":"closed","ping_status":"closed","sticky":false,"template":"","format":"standard","meta":{"_tec_requires_first_save":true,"_crdt_document":"","pgc_sgb_lightbox_settings":"","_EventAllDay":false,"_EventTimezone":"","_EventStartDate":"","_EventEndDate":"","_EventStartDateUTC":"","_EventEndDateUTC":"","_EventShowMap":false,"_EventShowMapLink":false,"_EventURL":"","_EventCost":"","_EventCostDescription":"","_EventCurrencySymbol":"","_EventCurrencyCode":"","_EventCurrencyPosition":"","_EventDateTimeSeparator":"","_EventTimeRangeSeparator":"","_EventOrganizerID":[],"_EventVenueID":[],"_OrganizerEmail":"","_OrganizerPhone":"","_OrganizerWebsite":"","_VenueAddress":"","_VenueCity":"","_VenueCountry":"","_VenueProvince":"","_VenueState":"","_VenueZip":"","_VenuePhone":"","_VenueURL":"","_VenueStateProvince":"","_VenueLat":"","_VenueLng":"","_VenueShowMap":false,"_VenueShowMapLink":false,"_tribe_blocks_recurrence_rules":"","_tribe_blocks_recurrence_description":"","_tribe_blocks_recurrence_exclusions":"","footnotes":""},"categories":[10,53],"tags":[],"class_list":["post-81109","post","type-post","status-publish","format-standard","has-post-thumbnail","hentry","category-aktualnosci","category-komunikaty"],"publishpress_future_action":{"enabled":false,"date":"2026-05-06 15:54:50","action":"change-status","newStatus":"draft","terms":[],"taxonomy":"category","extraData":[]},"publishpress_future_workflow_manual_trigger":{"enabledWorkflows":[]},"_links":{"self":[{"href":"https:\/\/wbp.lublin.pl\/index.php\/wp-json\/wp\/v2\/posts\/81109","targetHints":{"allow":["GET"]}}],"collection":[{"href":"https:\/\/wbp.lublin.pl\/index.php\/wp-json\/wp\/v2\/posts"}],"about":[{"href":"https:\/\/wbp.lublin.pl\/index.php\/wp-json\/wp\/v2\/types\/post"}],"author":[{"embeddable":true,"href":"https:\/\/wbp.lublin.pl\/index.php\/wp-json\/wp\/v2\/users\/21"}],"replies":[{"embeddable":true,"href":"https:\/\/wbp.lublin.pl\/index.php\/wp-json\/wp\/v2\/comments?post=81109"}],"version-history":[{"count":1,"href":"https:\/\/wbp.lublin.pl\/index.php\/wp-json\/wp\/v2\/posts\/81109\/revisions"}],"predecessor-version":[{"id":81112,"href":"https:\/\/wbp.lublin.pl\/index.php\/wp-json\/wp\/v2\/posts\/81109\/revisions\/81112"}],"wp:featuredmedia":[{"embeddable":true,"href":"https:\/\/wbp.lublin.pl\/index.php\/wp-json\/wp\/v2\/media\/81237"}],"wp:attachment":[{"href":"https:\/\/wbp.lublin.pl\/index.php\/wp-json\/wp\/v2\/media?parent=81109"}],"wp:term":[{"taxonomy":"category","embeddable":true,"href":"https:\/\/wbp.lublin.pl\/index.php\/wp-json\/wp\/v2\/categories?post=81109"},{"taxonomy":"post_tag","embeddable":true,"href":"https:\/\/wbp.lublin.pl\/index.php\/wp-json\/wp\/v2\/tags?post=81109"}],"curies":[{"name":"wp","href":"https:\/\/api.w.org\/{rel}","templated":true}]}}