{"id":81407,"date":"2026-04-10T10:46:26","date_gmt":"2026-04-10T08:46:26","guid":{"rendered":"https:\/\/wbp.lublin.pl\/?p=81407"},"modified":"2026-04-14T13:45:41","modified_gmt":"2026-04-14T11:45:41","slug":"wernisaz-wystawy-i-wieczor-poezji-danuty-kurczewicz-w-obiektywie","status":"publish","type":"post","link":"https:\/\/wbp.lublin.pl\/index.php\/2026\/04\/10\/wernisaz-wystawy-i-wieczor-poezji-danuty-kurczewicz-w-obiektywie\/","title":{"rendered":"Wernisa\u017c wystawy i wiecz\u00f3r poezji Danuty Kurczewicz &#8211; w obiektywie"},"content":{"rendered":"\n<!--more-->\n\n\n\n<p class=\"wp-block-paragraph\">9 kwietnia 2026 r. w Galerii Biblioteki odby\u0142 si\u0119 wernisa\u017c wystawy i wiecz\u00f3r poezji <strong>&#8222;G\u0142\u0119bia koloru i s\u0142owa Danuty Kurczewicz&#8221;<\/strong>.<\/p>\n\n\n\n<p class=\"wp-block-paragraph\">Podczas wernisa\u017cu odby\u0142 si\u0119 tak\u017ce koncert piosenki poetyckiej w wykonaniu <strong>Anny Mitury <\/strong>i <strong>Micha\u0142a Pastuszaka<\/strong>.<\/p>\n\n\n\n<figure data-wp-context=\"{&quot;galleryId&quot;:&quot;69f5c8f5268ad&quot;}\" data-wp-interactive=\"core\/gallery\" class=\"wp-block-gallery has-nested-images columns-default is-cropped wp-block-gallery-1 is-layout-flex wp-block-gallery-is-layout-flex\">\n<figure data-wp-context=\"{&quot;imageId&quot;:&quot;69f5c8f527d11&quot;}\" data-wp-interactive=\"core\/image\" data-wp-key=\"69f5c8f527d11\" class=\"wp-block-image size-full wp-lightbox-container\"><img data-dominant-color=\"5e5d61\" data-has-transparency=\"false\" style=\"--dominant-color: #5e5d61;\" loading=\"lazy\" decoding=\"async\" width=\"2560\" height=\"1707\" data-wp-class--hide=\"state.isContentHidden\" data-wp-class--show=\"state.isContentVisible\" data-wp-init=\"callbacks.setButtonStyles\" data-wp-on--click=\"actions.showLightbox\" data-wp-on--load=\"callbacks.setButtonStyles\" data-wp-on--pointerdown=\"actions.preloadImage\" data-wp-on--pointerenter=\"actions.preloadImageWithDelay\" data-wp-on--pointerleave=\"actions.cancelPreload\" data-wp-on-window--resize=\"callbacks.setButtonStyles\" sizes=\"auto, (max-width: 2560px) 100vw, 2560px\" data-id=\"81408\" src=\"https:\/\/wbp.lublin.pl\/wp-content\/uploads\/2026\/04\/DSC_9742-jpg.webp\" alt=\"Wernisa\u017c wystawy i wiecz\u00f3r poezji Danuty Kurczewicz &#8211; w obiektywie\" class=\"wp-image-81408 not-transparent\" srcset=\"https:\/\/wbp.lublin.pl\/wp-content\/uploads\/2026\/04\/DSC_9742-jpg.webp 2560w, https:\/\/wbp.lublin.pl\/wp-content\/uploads\/2026\/04\/DSC_9742-400x267-1.jpg 400w, https:\/\/wbp.lublin.pl\/wp-content\/uploads\/2026\/04\/DSC_9742-600x400-1.jpg 600w, https:\/\/wbp.lublin.pl\/wp-content\/uploads\/2026\/04\/DSC_9742-768x512-1.jpg 768w, https:\/\/wbp.lublin.pl\/wp-content\/uploads\/2026\/04\/DSC_9742-1620x1080-1.jpg 1620w, https:\/\/wbp.lublin.pl\/wp-content\/uploads\/2026\/04\/DSC_9742-1536x1024-1.jpg 1536w, https:\/\/wbp.lublin.pl\/wp-content\/uploads\/2026\/04\/DSC_9742-2048x1365-1.jpg 2048w, https:\/\/wbp.lublin.pl\/wp-content\/uploads\/2026\/04\/DSC_9742-946x631-1.jpg 946w, https:\/\/wbp.lublin.pl\/wp-content\/uploads\/2026\/04\/DSC_9742-624x416-1.jpg 624w, https:\/\/wbp.lublin.pl\/wp-content\/uploads\/2026\/04\/DSC_9742-84x56-1.jpg 84w\" \/><button\n\t\t\tclass=\"lightbox-trigger\"\n\t\t\ttype=\"button\"\n\t\t\taria-haspopup=\"dialog\"\n\t\t\tdata-wp-bind--aria-label=\"state.thisImage.triggerButtonAriaLabel\"\n\t\t\tdata-wp-init=\"callbacks.initTriggerButton\"\n\t\t\tdata-wp-on--click=\"actions.showLightbox\"\n\t\t\tdata-wp-style--right=\"state.thisImage.buttonRight\"\n\t\t\tdata-wp-style--top=\"state.thisImage.buttonTop\"\n\t\t>\n\t\t\t<svg xmlns=\"http:\/\/www.w3.org\/2000\/svg\" width=\"12\" height=\"12\" fill=\"none\" viewBox=\"0 0 12 12\">\n\t\t\t\t<path fill=\"#fff\" d=\"M2 0a2 2 0 0 0-2 2v2h1.5V2a.5.5 0 0 1 .5-.5h2V0H2Zm2 10.5H2a.5.5 0 0 1-.5-.5V8H0v2a2 2 0 0 0 2 2h2v-1.5ZM8 12v-1.5h2a.5.5 0 0 0 .5-.5V8H12v2a2 2 0 0 1-2 2H8Zm2-12a2 2 0 0 1 2 2v2h-1.5V2a.5.5 0 0 0-.5-.5H8V0h2Z\" \/>\n\t\t\t<\/svg>\n\t\t<\/button><\/figure>\n\n\n\n<figure data-wp-context=\"{&quot;imageId&quot;:&quot;69f5c8f5280a2&quot;}\" data-wp-interactive=\"core\/image\" data-wp-key=\"69f5c8f5280a2\" class=\"wp-block-image size-full wp-lightbox-container\"><img data-dominant-color=\"83735c\" data-has-transparency=\"false\" style=\"--dominant-color: #83735c;\" loading=\"lazy\" decoding=\"async\" width=\"2560\" height=\"1707\" data-wp-class--hide=\"state.isContentHidden\" data-wp-class--show=\"state.isContentVisible\" data-wp-init=\"callbacks.setButtonStyles\" data-wp-on--click=\"actions.showLightbox\" data-wp-on--load=\"callbacks.setButtonStyles\" data-wp-on--pointerdown=\"actions.preloadImage\" data-wp-on--pointerenter=\"actions.preloadImageWithDelay\" data-wp-on--pointerleave=\"actions.cancelPreload\" data-wp-on-window--resize=\"callbacks.setButtonStyles\" sizes=\"auto, (max-width: 2560px) 100vw, 2560px\" data-id=\"81410\" src=\"https:\/\/wbp.lublin.pl\/wp-content\/uploads\/2026\/04\/DSC_9753-jpg.webp\" alt=\"Wernisa\u017c wystawy i wiecz\u00f3r poezji Danuty Kurczewicz &#8211; w obiektywie\" class=\"wp-image-81410 not-transparent\" srcset=\"https:\/\/wbp.lublin.pl\/wp-content\/uploads\/2026\/04\/DSC_9753-jpg.webp 2560w, https:\/\/wbp.lublin.pl\/wp-content\/uploads\/2026\/04\/DSC_9753-400x267-1.jpg 400w, https:\/\/wbp.lublin.pl\/wp-content\/uploads\/2026\/04\/DSC_9753-600x400-1.jpg 600w, https:\/\/wbp.lublin.pl\/wp-content\/uploads\/2026\/04\/DSC_9753-768x512-1.jpg 768w, https:\/\/wbp.lublin.pl\/wp-content\/uploads\/2026\/04\/DSC_9753-1620x1080-1.jpg 1620w, https:\/\/wbp.lublin.pl\/wp-content\/uploads\/2026\/04\/DSC_9753-1536x1024-1.jpg 1536w, https:\/\/wbp.lublin.pl\/wp-content\/uploads\/2026\/04\/DSC_9753-2048x1365-1.jpg 2048w, https:\/\/wbp.lublin.pl\/wp-content\/uploads\/2026\/04\/DSC_9753-946x631-1.jpg 946w, https:\/\/wbp.lublin.pl\/wp-content\/uploads\/2026\/04\/DSC_9753-624x416-1.jpg 624w, https:\/\/wbp.lublin.pl\/wp-content\/uploads\/2026\/04\/DSC_9753-84x56-1.jpg 84w\" \/><button\n\t\t\tclass=\"lightbox-trigger\"\n\t\t\ttype=\"button\"\n\t\t\taria-haspopup=\"dialog\"\n\t\t\tdata-wp-bind--aria-label=\"state.thisImage.triggerButtonAriaLabel\"\n\t\t\tdata-wp-init=\"callbacks.initTriggerButton\"\n\t\t\tdata-wp-on--click=\"actions.showLightbox\"\n\t\t\tdata-wp-style--right=\"state.thisImage.buttonRight\"\n\t\t\tdata-wp-style--top=\"state.thisImage.buttonTop\"\n\t\t>\n\t\t\t<svg xmlns=\"http:\/\/www.w3.org\/2000\/svg\" width=\"12\" height=\"12\" fill=\"none\" viewBox=\"0 0 12 12\">\n\t\t\t\t<path fill=\"#fff\" d=\"M2 0a2 2 0 0 0-2 2v2h1.5V2a.5.5 0 0 1 .5-.5h2V0H2Zm2 10.5H2a.5.5 0 0 1-.5-.5V8H0v2a2 2 0 0 0 2 2h2v-1.5ZM8 12v-1.5h2a.5.5 0 0 0 .5-.5V8H12v2a2 2 0 0 1-2 2H8Zm2-12a2 2 0 0 1 2 2v2h-1.5V2a.5.5 0 0 0-.5-.5H8V0h2Z\" \/>\n\t\t\t<\/svg>\n\t\t<\/button><\/figure>\n\n\n\n<figure data-wp-context=\"{&quot;imageId&quot;:&quot;69f5c8f5283ca&quot;}\" data-wp-interactive=\"core\/image\" data-wp-key=\"69f5c8f5283ca\" class=\"wp-block-image size-full wp-lightbox-container\"><img data-dominant-color=\"a0927e\" data-has-transparency=\"false\" style=\"--dominant-color: #a0927e;\" loading=\"lazy\" decoding=\"async\" width=\"1707\" height=\"2560\" data-wp-class--hide=\"state.isContentHidden\" data-wp-class--show=\"state.isContentVisible\" data-wp-init=\"callbacks.setButtonStyles\" data-wp-on--click=\"actions.showLightbox\" data-wp-on--load=\"callbacks.setButtonStyles\" data-wp-on--pointerdown=\"actions.preloadImage\" data-wp-on--pointerenter=\"actions.preloadImageWithDelay\" data-wp-on--pointerleave=\"actions.cancelPreload\" data-wp-on-window--resize=\"callbacks.setButtonStyles\" sizes=\"auto, (max-width: 1707px) 100vw, 1707px\" data-id=\"81419\" src=\"https:\/\/wbp.lublin.pl\/wp-content\/uploads\/2026\/04\/DSC_9793-jpg.webp\" alt=\"Wernisa\u017c wystawy i wiecz\u00f3r poezji Danuty Kurczewicz &#8211; w obiektywie\" class=\"wp-image-81419 not-transparent\" srcset=\"https:\/\/wbp.lublin.pl\/wp-content\/uploads\/2026\/04\/DSC_9793-jpg.webp 1707w, https:\/\/wbp.lublin.pl\/wp-content\/uploads\/2026\/04\/DSC_9793-267x400-1.jpg 267w, https:\/\/wbp.lublin.pl\/wp-content\/uploads\/2026\/04\/DSC_9793-400x600-1.jpg 400w, https:\/\/wbp.lublin.pl\/wp-content\/uploads\/2026\/04\/DSC_9793-768x1152-1.jpg 768w, https:\/\/wbp.lublin.pl\/wp-content\/uploads\/2026\/04\/DSC_9793-720x1080-1.jpg 720w, https:\/\/wbp.lublin.pl\/wp-content\/uploads\/2026\/04\/DSC_9793-1024x1536-1.jpg 1024w, https:\/\/wbp.lublin.pl\/wp-content\/uploads\/2026\/04\/DSC_9793-1365x2048-1.jpg 1365w, https:\/\/wbp.lublin.pl\/wp-content\/uploads\/2026\/04\/DSC_9793-947x1420-1.jpg 947w, https:\/\/wbp.lublin.pl\/wp-content\/uploads\/2026\/04\/DSC_9793-624x936-1.jpg 624w\" \/><button\n\t\t\tclass=\"lightbox-trigger\"\n\t\t\ttype=\"button\"\n\t\t\taria-haspopup=\"dialog\"\n\t\t\tdata-wp-bind--aria-label=\"state.thisImage.triggerButtonAriaLabel\"\n\t\t\tdata-wp-init=\"callbacks.initTriggerButton\"\n\t\t\tdata-wp-on--click=\"actions.showLightbox\"\n\t\t\tdata-wp-style--right=\"state.thisImage.buttonRight\"\n\t\t\tdata-wp-style--top=\"state.thisImage.buttonTop\"\n\t\t>\n\t\t\t<svg xmlns=\"http:\/\/www.w3.org\/2000\/svg\" width=\"12\" height=\"12\" fill=\"none\" viewBox=\"0 0 12 12\">\n\t\t\t\t<path fill=\"#fff\" d=\"M2 0a2 2 0 0 0-2 2v2h1.5V2a.5.5 0 0 1 .5-.5h2V0H2Zm2 10.5H2a.5.5 0 0 1-.5-.5V8H0v2a2 2 0 0 0 2 2h2v-1.5ZM8 12v-1.5h2a.5.5 0 0 0 .5-.5V8H12v2a2 2 0 0 1-2 2H8Zm2-12a2 2 0 0 1 2 2v2h-1.5V2a.5.5 0 0 0-.5-.5H8V0h2Z\" \/>\n\t\t\t<\/svg>\n\t\t<\/button><\/figure>\n\n\n\n<figure data-wp-context=\"{&quot;imageId&quot;:&quot;69f5c8f528752&quot;}\" data-wp-interactive=\"core\/image\" data-wp-key=\"69f5c8f528752\" class=\"wp-block-image size-full wp-lightbox-container\"><img data-dominant-color=\"8c8577\" data-has-transparency=\"false\" style=\"--dominant-color: #8c8577;\" loading=\"lazy\" decoding=\"async\" width=\"2560\" height=\"1707\" data-wp-class--hide=\"state.isContentHidden\" data-wp-class--show=\"state.isContentVisible\" data-wp-init=\"callbacks.setButtonStyles\" data-wp-on--click=\"actions.showLightbox\" data-wp-on--load=\"callbacks.setButtonStyles\" data-wp-on--pointerdown=\"actions.preloadImage\" data-wp-on--pointerenter=\"actions.preloadImageWithDelay\" data-wp-on--pointerleave=\"actions.cancelPreload\" data-wp-on-window--resize=\"callbacks.setButtonStyles\" sizes=\"auto, (max-width: 2560px) 100vw, 2560px\" data-id=\"81413\" src=\"https:\/\/wbp.lublin.pl\/wp-content\/uploads\/2026\/04\/DSC_9767-jpg.webp\" alt=\"Wernisa\u017c wystawy i wiecz\u00f3r poezji Danuty Kurczewicz &#8211; w obiektywie\" class=\"wp-image-81413 not-transparent\" srcset=\"https:\/\/wbp.lublin.pl\/wp-content\/uploads\/2026\/04\/DSC_9767-jpg.webp 2560w, https:\/\/wbp.lublin.pl\/wp-content\/uploads\/2026\/04\/DSC_9767-400x267-1.jpg 400w, https:\/\/wbp.lublin.pl\/wp-content\/uploads\/2026\/04\/DSC_9767-600x400-1.jpg 600w, https:\/\/wbp.lublin.pl\/wp-content\/uploads\/2026\/04\/DSC_9767-768x512-1.jpg 768w, https:\/\/wbp.lublin.pl\/wp-content\/uploads\/2026\/04\/DSC_9767-1620x1080-1.jpg 1620w, https:\/\/wbp.lublin.pl\/wp-content\/uploads\/2026\/04\/DSC_9767-1536x1024-1.jpg 1536w, https:\/\/wbp.lublin.pl\/wp-content\/uploads\/2026\/04\/DSC_9767-2048x1365-1.jpg 2048w, https:\/\/wbp.lublin.pl\/wp-content\/uploads\/2026\/04\/DSC_9767-946x631-1.jpg 946w, https:\/\/wbp.lublin.pl\/wp-content\/uploads\/2026\/04\/DSC_9767-624x416-1.jpg 624w, https:\/\/wbp.lublin.pl\/wp-content\/uploads\/2026\/04\/DSC_9767-84x56-1.jpg 84w\" \/><button\n\t\t\tclass=\"lightbox-trigger\"\n\t\t\ttype=\"button\"\n\t\t\taria-haspopup=\"dialog\"\n\t\t\tdata-wp-bind--aria-label=\"state.thisImage.triggerButtonAriaLabel\"\n\t\t\tdata-wp-init=\"callbacks.initTriggerButton\"\n\t\t\tdata-wp-on--click=\"actions.showLightbox\"\n\t\t\tdata-wp-style--right=\"state.thisImage.buttonRight\"\n\t\t\tdata-wp-style--top=\"state.thisImage.buttonTop\"\n\t\t>\n\t\t\t<svg xmlns=\"http:\/\/www.w3.org\/2000\/svg\" width=\"12\" height=\"12\" fill=\"none\" viewBox=\"0 0 12 12\">\n\t\t\t\t<path fill=\"#fff\" d=\"M2 0a2 2 0 0 0-2 2v2h1.5V2a.5.5 0 0 1 .5-.5h2V0H2Zm2 10.5H2a.5.5 0 0 1-.5-.5V8H0v2a2 2 0 0 0 2 2h2v-1.5ZM8 12v-1.5h2a.5.5 0 0 0 .5-.5V8H12v2a2 2 0 0 1-2 2H8Zm2-12a2 2 0 0 1 2 2v2h-1.5V2a.5.5 0 0 0-.5-.5H8V0h2Z\" \/>\n\t\t\t<\/svg>\n\t\t<\/button><\/figure>\n\n\n\n<figure data-wp-context=\"{&quot;imageId&quot;:&quot;69f5c8f528a68&quot;}\" data-wp-interactive=\"core\/image\" data-wp-key=\"69f5c8f528a68\" class=\"wp-block-image size-full wp-lightbox-container\"><img data-dominant-color=\"948a79\" data-has-transparency=\"false\" style=\"--dominant-color: #948a79;\" loading=\"lazy\" decoding=\"async\" width=\"2560\" height=\"1707\" data-wp-class--hide=\"state.isContentHidden\" data-wp-class--show=\"state.isContentVisible\" data-wp-init=\"callbacks.setButtonStyles\" data-wp-on--click=\"actions.showLightbox\" data-wp-on--load=\"callbacks.setButtonStyles\" data-wp-on--pointerdown=\"actions.preloadImage\" data-wp-on--pointerenter=\"actions.preloadImageWithDelay\" data-wp-on--pointerleave=\"actions.cancelPreload\" data-wp-on-window--resize=\"callbacks.setButtonStyles\" sizes=\"auto, (max-width: 2560px) 100vw, 2560px\" data-id=\"81414\" src=\"https:\/\/wbp.lublin.pl\/wp-content\/uploads\/2026\/04\/DSC_9771-jpg.webp\" alt=\"Wernisa\u017c wystawy i wiecz\u00f3r poezji Danuty Kurczewicz &#8211; w obiektywie\" class=\"wp-image-81414 not-transparent\" srcset=\"https:\/\/wbp.lublin.pl\/wp-content\/uploads\/2026\/04\/DSC_9771-jpg.webp 2560w, https:\/\/wbp.lublin.pl\/wp-content\/uploads\/2026\/04\/DSC_9771-400x267-1.jpg 400w, https:\/\/wbp.lublin.pl\/wp-content\/uploads\/2026\/04\/DSC_9771-600x400-1.jpg 600w, https:\/\/wbp.lublin.pl\/wp-content\/uploads\/2026\/04\/DSC_9771-768x512-1.jpg 768w, https:\/\/wbp.lublin.pl\/wp-content\/uploads\/2026\/04\/DSC_9771-1620x1080-1.jpg 1620w, https:\/\/wbp.lublin.pl\/wp-content\/uploads\/2026\/04\/DSC_9771-1536x1024-1.jpg 1536w, https:\/\/wbp.lublin.pl\/wp-content\/uploads\/2026\/04\/DSC_9771-2048x1365-1.jpg 2048w, https:\/\/wbp.lublin.pl\/wp-content\/uploads\/2026\/04\/DSC_9771-946x631-1.jpg 946w, https:\/\/wbp.lublin.pl\/wp-content\/uploads\/2026\/04\/DSC_9771-624x416-1.jpg 624w, https:\/\/wbp.lublin.pl\/wp-content\/uploads\/2026\/04\/DSC_9771-84x56-1.jpg 84w\" \/><button\n\t\t\tclass=\"lightbox-trigger\"\n\t\t\ttype=\"button\"\n\t\t\taria-haspopup=\"dialog\"\n\t\t\tdata-wp-bind--aria-label=\"state.thisImage.triggerButtonAriaLabel\"\n\t\t\tdata-wp-init=\"callbacks.initTriggerButton\"\n\t\t\tdata-wp-on--click=\"actions.showLightbox\"\n\t\t\tdata-wp-style--right=\"state.thisImage.buttonRight\"\n\t\t\tdata-wp-style--top=\"state.thisImage.buttonTop\"\n\t\t>\n\t\t\t<svg xmlns=\"http:\/\/www.w3.org\/2000\/svg\" width=\"12\" height=\"12\" fill=\"none\" viewBox=\"0 0 12 12\">\n\t\t\t\t<path fill=\"#fff\" d=\"M2 0a2 2 0 0 0-2 2v2h1.5V2a.5.5 0 0 1 .5-.5h2V0H2Zm2 10.5H2a.5.5 0 0 1-.5-.5V8H0v2a2 2 0 0 0 2 2h2v-1.5ZM8 12v-1.5h2a.5.5 0 0 0 .5-.5V8H12v2a2 2 0 0 1-2 2H8Zm2-12a2 2 0 0 1 2 2v2h-1.5V2a.5.5 0 0 0-.5-.5H8V0h2Z\" \/>\n\t\t\t<\/svg>\n\t\t<\/button><\/figure>\n\n\n\n<figure data-wp-context=\"{&quot;imageId&quot;:&quot;69f5c8f528d15&quot;}\" data-wp-interactive=\"core\/image\" data-wp-key=\"69f5c8f528d15\" class=\"wp-block-image size-full wp-lightbox-container\"><img data-dominant-color=\"7f736a\" data-has-transparency=\"false\" style=\"--dominant-color: #7f736a;\" loading=\"lazy\" decoding=\"async\" width=\"2560\" height=\"1707\" data-wp-class--hide=\"state.isContentHidden\" data-wp-class--show=\"state.isContentVisible\" data-wp-init=\"callbacks.setButtonStyles\" data-wp-on--click=\"actions.showLightbox\" data-wp-on--load=\"callbacks.setButtonStyles\" data-wp-on--pointerdown=\"actions.preloadImage\" data-wp-on--pointerenter=\"actions.preloadImageWithDelay\" data-wp-on--pointerleave=\"actions.cancelPreload\" data-wp-on-window--resize=\"callbacks.setButtonStyles\" sizes=\"auto, (max-width: 2560px) 100vw, 2560px\" data-id=\"81415\" src=\"https:\/\/wbp.lublin.pl\/wp-content\/uploads\/2026\/04\/DSC_9774-jpg.webp\" alt=\"Wernisa\u017c wystawy i wiecz\u00f3r poezji Danuty Kurczewicz &#8211; w obiektywie\" class=\"wp-image-81415 not-transparent\" srcset=\"https:\/\/wbp.lublin.pl\/wp-content\/uploads\/2026\/04\/DSC_9774-jpg.webp 2560w, https:\/\/wbp.lublin.pl\/wp-content\/uploads\/2026\/04\/DSC_9774-400x267-1.jpg 400w, https:\/\/wbp.lublin.pl\/wp-content\/uploads\/2026\/04\/DSC_9774-600x400-1.jpg 600w, https:\/\/wbp.lublin.pl\/wp-content\/uploads\/2026\/04\/DSC_9774-768x512-1.jpg 768w, https:\/\/wbp.lublin.pl\/wp-content\/uploads\/2026\/04\/DSC_9774-1620x1080-1.jpg 1620w, https:\/\/wbp.lublin.pl\/wp-content\/uploads\/2026\/04\/DSC_9774-1536x1024-1.jpg 1536w, https:\/\/wbp.lublin.pl\/wp-content\/uploads\/2026\/04\/DSC_9774-2048x1365-1.jpg 2048w, https:\/\/wbp.lublin.pl\/wp-content\/uploads\/2026\/04\/DSC_9774-946x631-1.jpg 946w, https:\/\/wbp.lublin.pl\/wp-content\/uploads\/2026\/04\/DSC_9774-624x416-1.jpg 624w, https:\/\/wbp.lublin.pl\/wp-content\/uploads\/2026\/04\/DSC_9774-84x56-1.jpg 84w\" \/><button\n\t\t\tclass=\"lightbox-trigger\"\n\t\t\ttype=\"button\"\n\t\t\taria-haspopup=\"dialog\"\n\t\t\tdata-wp-bind--aria-label=\"state.thisImage.triggerButtonAriaLabel\"\n\t\t\tdata-wp-init=\"callbacks.initTriggerButton\"\n\t\t\tdata-wp-on--click=\"actions.showLightbox\"\n\t\t\tdata-wp-style--right=\"state.thisImage.buttonRight\"\n\t\t\tdata-wp-style--top=\"state.thisImage.buttonTop\"\n\t\t>\n\t\t\t<svg xmlns=\"http:\/\/www.w3.org\/2000\/svg\" width=\"12\" height=\"12\" fill=\"none\" viewBox=\"0 0 12 12\">\n\t\t\t\t<path fill=\"#fff\" d=\"M2 0a2 2 0 0 0-2 2v2h1.5V2a.5.5 0 0 1 .5-.5h2V0H2Zm2 10.5H2a.5.5 0 0 1-.5-.5V8H0v2a2 2 0 0 0 2 2h2v-1.5ZM8 12v-1.5h2a.5.5 0 0 0 .5-.5V8H12v2a2 2 0 0 1-2 2H8Zm2-12a2 2 0 0 1 2 2v2h-1.5V2a.5.5 0 0 0-.5-.5H8V0h2Z\" \/>\n\t\t\t<\/svg>\n\t\t<\/button><\/figure>\n\n\n\n<figure data-wp-context=\"{&quot;imageId&quot;:&quot;69f5c8f528fbb&quot;}\" data-wp-interactive=\"core\/image\" data-wp-key=\"69f5c8f528fbb\" class=\"wp-block-image size-full wp-lightbox-container\"><img data-dominant-color=\"9e9480\" data-has-transparency=\"false\" style=\"--dominant-color: #9e9480;\" loading=\"lazy\" decoding=\"async\" width=\"1707\" height=\"2560\" data-wp-class--hide=\"state.isContentHidden\" data-wp-class--show=\"state.isContentVisible\" data-wp-init=\"callbacks.setButtonStyles\" data-wp-on--click=\"actions.showLightbox\" data-wp-on--load=\"callbacks.setButtonStyles\" data-wp-on--pointerdown=\"actions.preloadImage\" data-wp-on--pointerenter=\"actions.preloadImageWithDelay\" data-wp-on--pointerleave=\"actions.cancelPreload\" data-wp-on-window--resize=\"callbacks.setButtonStyles\" sizes=\"auto, (max-width: 1707px) 100vw, 1707px\" data-id=\"81418\" src=\"https:\/\/wbp.lublin.pl\/wp-content\/uploads\/2026\/04\/DSC_9787-jpg.webp\" alt=\"Wernisa\u017c wystawy i wiecz\u00f3r poezji Danuty Kurczewicz &#8211; w obiektywie\" class=\"wp-image-81418 not-transparent\" srcset=\"https:\/\/wbp.lublin.pl\/wp-content\/uploads\/2026\/04\/DSC_9787-jpg.webp 1707w, https:\/\/wbp.lublin.pl\/wp-content\/uploads\/2026\/04\/DSC_9787-267x400-1.jpg 267w, https:\/\/wbp.lublin.pl\/wp-content\/uploads\/2026\/04\/DSC_9787-400x600-1.jpg 400w, https:\/\/wbp.lublin.pl\/wp-content\/uploads\/2026\/04\/DSC_9787-768x1152-1.jpg 768w, https:\/\/wbp.lublin.pl\/wp-content\/uploads\/2026\/04\/DSC_9787-720x1080-1.jpg 720w, https:\/\/wbp.lublin.pl\/wp-content\/uploads\/2026\/04\/DSC_9787-1024x1536-1.jpg 1024w, https:\/\/wbp.lublin.pl\/wp-content\/uploads\/2026\/04\/DSC_9787-1365x2048-1.jpg 1365w, https:\/\/wbp.lublin.pl\/wp-content\/uploads\/2026\/04\/DSC_9787-947x1420-1.jpg 947w, https:\/\/wbp.lublin.pl\/wp-content\/uploads\/2026\/04\/DSC_9787-624x936-1.jpg 624w\" \/><button\n\t\t\tclass=\"lightbox-trigger\"\n\t\t\ttype=\"button\"\n\t\t\taria-haspopup=\"dialog\"\n\t\t\tdata-wp-bind--aria-label=\"state.thisImage.triggerButtonAriaLabel\"\n\t\t\tdata-wp-init=\"callbacks.initTriggerButton\"\n\t\t\tdata-wp-on--click=\"actions.showLightbox\"\n\t\t\tdata-wp-style--right=\"state.thisImage.buttonRight\"\n\t\t\tdata-wp-style--top=\"state.thisImage.buttonTop\"\n\t\t>\n\t\t\t<svg xmlns=\"http:\/\/www.w3.org\/2000\/svg\" width=\"12\" height=\"12\" fill=\"none\" viewBox=\"0 0 12 12\">\n\t\t\t\t<path fill=\"#fff\" d=\"M2 0a2 2 0 0 0-2 2v2h1.5V2a.5.5 0 0 1 .5-.5h2V0H2Zm2 10.5H2a.5.5 0 0 1-.5-.5V8H0v2a2 2 0 0 0 2 2h2v-1.5ZM8 12v-1.5h2a.5.5 0 0 0 .5-.5V8H12v2a2 2 0 0 1-2 2H8Zm2-12a2 2 0 0 1 2 2v2h-1.5V2a.5.5 0 0 0-.5-.5H8V0h2Z\" \/>\n\t\t\t<\/svg>\n\t\t<\/button><\/figure>\n\n\n\n<figure data-wp-context=\"{&quot;imageId&quot;:&quot;69f5c8f52926a&quot;}\" data-wp-interactive=\"core\/image\" data-wp-key=\"69f5c8f52926a\" class=\"wp-block-image size-full wp-lightbox-container\"><img data-dominant-color=\"978a7a\" data-has-transparency=\"false\" style=\"--dominant-color: #978a7a;\" loading=\"lazy\" decoding=\"async\" width=\"1707\" height=\"2560\" data-wp-class--hide=\"state.isContentHidden\" data-wp-class--show=\"state.isContentVisible\" data-wp-init=\"callbacks.setButtonStyles\" data-wp-on--click=\"actions.showLightbox\" data-wp-on--load=\"callbacks.setButtonStyles\" data-wp-on--pointerdown=\"actions.preloadImage\" data-wp-on--pointerenter=\"actions.preloadImageWithDelay\" data-wp-on--pointerleave=\"actions.cancelPreload\" data-wp-on-window--resize=\"callbacks.setButtonStyles\" sizes=\"auto, (max-width: 1707px) 100vw, 1707px\" data-id=\"81421\" src=\"https:\/\/wbp.lublin.pl\/wp-content\/uploads\/2026\/04\/DSC_9804-jpg.webp\" alt=\"Wernisa\u017c wystawy i wiecz\u00f3r poezji Danuty Kurczewicz &#8211; w obiektywie\" class=\"wp-image-81421 not-transparent\" srcset=\"https:\/\/wbp.lublin.pl\/wp-content\/uploads\/2026\/04\/DSC_9804-jpg.webp 1707w, https:\/\/wbp.lublin.pl\/wp-content\/uploads\/2026\/04\/DSC_9804-267x400-1.jpg 267w, https:\/\/wbp.lublin.pl\/wp-content\/uploads\/2026\/04\/DSC_9804-400x600-1.jpg 400w, https:\/\/wbp.lublin.pl\/wp-content\/uploads\/2026\/04\/DSC_9804-768x1152-1.jpg 768w, https:\/\/wbp.lublin.pl\/wp-content\/uploads\/2026\/04\/DSC_9804-720x1080-1.jpg 720w, https:\/\/wbp.lublin.pl\/wp-content\/uploads\/2026\/04\/DSC_9804-1024x1536-1.jpg 1024w, https:\/\/wbp.lublin.pl\/wp-content\/uploads\/2026\/04\/DSC_9804-1365x2048-1.jpg 1365w, https:\/\/wbp.lublin.pl\/wp-content\/uploads\/2026\/04\/DSC_9804-947x1420-1.jpg 947w, https:\/\/wbp.lublin.pl\/wp-content\/uploads\/2026\/04\/DSC_9804-624x936-1.jpg 624w\" \/><button\n\t\t\tclass=\"lightbox-trigger\"\n\t\t\ttype=\"button\"\n\t\t\taria-haspopup=\"dialog\"\n\t\t\tdata-wp-bind--aria-label=\"state.thisImage.triggerButtonAriaLabel\"\n\t\t\tdata-wp-init=\"callbacks.initTriggerButton\"\n\t\t\tdata-wp-on--click=\"actions.showLightbox\"\n\t\t\tdata-wp-style--right=\"state.thisImage.buttonRight\"\n\t\t\tdata-wp-style--top=\"state.thisImage.buttonTop\"\n\t\t>\n\t\t\t<svg xmlns=\"http:\/\/www.w3.org\/2000\/svg\" width=\"12\" height=\"12\" fill=\"none\" viewBox=\"0 0 12 12\">\n\t\t\t\t<path fill=\"#fff\" d=\"M2 0a2 2 0 0 0-2 2v2h1.5V2a.5.5 0 0 1 .5-.5h2V0H2Zm2 10.5H2a.5.5 0 0 1-.5-.5V8H0v2a2 2 0 0 0 2 2h2v-1.5ZM8 12v-1.5h2a.5.5 0 0 0 .5-.5V8H12v2a2 2 0 0 1-2 2H8Zm2-12a2 2 0 0 1 2 2v2h-1.5V2a.5.5 0 0 0-.5-.5H8V0h2Z\" \/>\n\t\t\t<\/svg>\n\t\t<\/button><\/figure>\n\n\n\n<figure data-wp-context=\"{&quot;imageId&quot;:&quot;69f5c8f52952a&quot;}\" data-wp-interactive=\"core\/image\" data-wp-key=\"69f5c8f52952a\" class=\"wp-block-image size-full wp-lightbox-container\"><img data-dominant-color=\"8e8670\" data-has-transparency=\"false\" style=\"--dominant-color: #8e8670;\" loading=\"lazy\" decoding=\"async\" width=\"2560\" height=\"1707\" data-wp-class--hide=\"state.isContentHidden\" data-wp-class--show=\"state.isContentVisible\" data-wp-init=\"callbacks.setButtonStyles\" data-wp-on--click=\"actions.showLightbox\" data-wp-on--load=\"callbacks.setButtonStyles\" data-wp-on--pointerdown=\"actions.preloadImage\" data-wp-on--pointerenter=\"actions.preloadImageWithDelay\" data-wp-on--pointerleave=\"actions.cancelPreload\" data-wp-on-window--resize=\"callbacks.setButtonStyles\" sizes=\"auto, (max-width: 2560px) 100vw, 2560px\" data-id=\"81420\" src=\"https:\/\/wbp.lublin.pl\/wp-content\/uploads\/2026\/04\/DSC_9797-jpg.webp\" alt=\"Wernisa\u017c wystawy i wiecz\u00f3r poezji Danuty Kurczewicz &#8211; w obiektywie\" class=\"wp-image-81420 not-transparent\" srcset=\"https:\/\/wbp.lublin.pl\/wp-content\/uploads\/2026\/04\/DSC_9797-jpg.webp 2560w, https:\/\/wbp.lublin.pl\/wp-content\/uploads\/2026\/04\/DSC_9797-400x267-1.jpg 400w, https:\/\/wbp.lublin.pl\/wp-content\/uploads\/2026\/04\/DSC_9797-600x400-1.jpg 600w, https:\/\/wbp.lublin.pl\/wp-content\/uploads\/2026\/04\/DSC_9797-768x512-1.jpg 768w, https:\/\/wbp.lublin.pl\/wp-content\/uploads\/2026\/04\/DSC_9797-1620x1080-1.jpg 1620w, https:\/\/wbp.lublin.pl\/wp-content\/uploads\/2026\/04\/DSC_9797-1536x1024-1.jpg 1536w, https:\/\/wbp.lublin.pl\/wp-content\/uploads\/2026\/04\/DSC_9797-2048x1365-1.jpg 2048w, https:\/\/wbp.lublin.pl\/wp-content\/uploads\/2026\/04\/DSC_9797-946x631-1.jpg 946w, https:\/\/wbp.lublin.pl\/wp-content\/uploads\/2026\/04\/DSC_9797-624x416-1.jpg 624w, https:\/\/wbp.lublin.pl\/wp-content\/uploads\/2026\/04\/DSC_9797-84x56-1.jpg 84w\" \/><button\n\t\t\tclass=\"lightbox-trigger\"\n\t\t\ttype=\"button\"\n\t\t\taria-haspopup=\"dialog\"\n\t\t\tdata-wp-bind--aria-label=\"state.thisImage.triggerButtonAriaLabel\"\n\t\t\tdata-wp-init=\"callbacks.initTriggerButton\"\n\t\t\tdata-wp-on--click=\"actions.showLightbox\"\n\t\t\tdata-wp-style--right=\"state.thisImage.buttonRight\"\n\t\t\tdata-wp-style--top=\"state.thisImage.buttonTop\"\n\t\t>\n\t\t\t<svg xmlns=\"http:\/\/www.w3.org\/2000\/svg\" width=\"12\" height=\"12\" fill=\"none\" viewBox=\"0 0 12 12\">\n\t\t\t\t<path fill=\"#fff\" d=\"M2 0a2 2 0 0 0-2 2v2h1.5V2a.5.5 0 0 1 .5-.5h2V0H2Zm2 10.5H2a.5.5 0 0 1-.5-.5V8H0v2a2 2 0 0 0 2 2h2v-1.5ZM8 12v-1.5h2a.5.5 0 0 0 .5-.5V8H12v2a2 2 0 0 1-2 2H8Zm2-12a2 2 0 0 1 2 2v2h-1.5V2a.5.5 0 0 0-.5-.5H8V0h2Z\" \/>\n\t\t\t<\/svg>\n\t\t<\/button><\/figure>\n\n\n\n<figure data-wp-context=\"{&quot;imageId&quot;:&quot;69f5c8f5297ca&quot;}\" data-wp-interactive=\"core\/image\" data-wp-key=\"69f5c8f5297ca\" class=\"wp-block-image size-full wp-lightbox-container\"><img data-dominant-color=\"87837a\" data-has-transparency=\"false\" style=\"--dominant-color: #87837a;\" loading=\"lazy\" decoding=\"async\" width=\"2560\" height=\"1707\" data-wp-class--hide=\"state.isContentHidden\" data-wp-class--show=\"state.isContentVisible\" data-wp-init=\"callbacks.setButtonStyles\" data-wp-on--click=\"actions.showLightbox\" data-wp-on--load=\"callbacks.setButtonStyles\" data-wp-on--pointerdown=\"actions.preloadImage\" data-wp-on--pointerenter=\"actions.preloadImageWithDelay\" data-wp-on--pointerleave=\"actions.cancelPreload\" data-wp-on-window--resize=\"callbacks.setButtonStyles\" sizes=\"auto, (max-width: 2560px) 100vw, 2560px\" data-id=\"81422\" src=\"https:\/\/wbp.lublin.pl\/wp-content\/uploads\/2026\/04\/DSC_9807-jpg.webp\" alt=\"Wernisa\u017c wystawy i wiecz\u00f3r poezji Danuty Kurczewicz &#8211; w obiektywie\" class=\"wp-image-81422 not-transparent\" srcset=\"https:\/\/wbp.lublin.pl\/wp-content\/uploads\/2026\/04\/DSC_9807-jpg.webp 2560w, https:\/\/wbp.lublin.pl\/wp-content\/uploads\/2026\/04\/DSC_9807-400x267-1.jpg 400w, https:\/\/wbp.lublin.pl\/wp-content\/uploads\/2026\/04\/DSC_9807-600x400-1.jpg 600w, https:\/\/wbp.lublin.pl\/wp-content\/uploads\/2026\/04\/DSC_9807-768x512-1.jpg 768w, https:\/\/wbp.lublin.pl\/wp-content\/uploads\/2026\/04\/DSC_9807-1620x1080-1.jpg 1620w, https:\/\/wbp.lublin.pl\/wp-content\/uploads\/2026\/04\/DSC_9807-1536x1024-1.jpg 1536w, https:\/\/wbp.lublin.pl\/wp-content\/uploads\/2026\/04\/DSC_9807-2048x1365-1.jpg 2048w, https:\/\/wbp.lublin.pl\/wp-content\/uploads\/2026\/04\/DSC_9807-946x631-1.jpg 946w, https:\/\/wbp.lublin.pl\/wp-content\/uploads\/2026\/04\/DSC_9807-624x416-1.jpg 624w, https:\/\/wbp.lublin.pl\/wp-content\/uploads\/2026\/04\/DSC_9807-84x56-1.jpg 84w\" \/><button\n\t\t\tclass=\"lightbox-trigger\"\n\t\t\ttype=\"button\"\n\t\t\taria-haspopup=\"dialog\"\n\t\t\tdata-wp-bind--aria-label=\"state.thisImage.triggerButtonAriaLabel\"\n\t\t\tdata-wp-init=\"callbacks.initTriggerButton\"\n\t\t\tdata-wp-on--click=\"actions.showLightbox\"\n\t\t\tdata-wp-style--right=\"state.thisImage.buttonRight\"\n\t\t\tdata-wp-style--top=\"state.thisImage.buttonTop\"\n\t\t>\n\t\t\t<svg xmlns=\"http:\/\/www.w3.org\/2000\/svg\" width=\"12\" height=\"12\" fill=\"none\" viewBox=\"0 0 12 12\">\n\t\t\t\t<path fill=\"#fff\" d=\"M2 0a2 2 0 0 0-2 2v2h1.5V2a.5.5 0 0 1 .5-.5h2V0H2Zm2 10.5H2a.5.5 0 0 1-.5-.5V8H0v2a2 2 0 0 0 2 2h2v-1.5ZM8 12v-1.5h2a.5.5 0 0 0 .5-.5V8H12v2a2 2 0 0 1-2 2H8Zm2-12a2 2 0 0 1 2 2v2h-1.5V2a.5.5 0 0 0-.5-.5H8V0h2Z\" \/>\n\t\t\t<\/svg>\n\t\t<\/button><\/figure>\n\n\n\n<figure data-wp-context=\"{&quot;imageId&quot;:&quot;69f5c8f529a67&quot;}\" data-wp-interactive=\"core\/image\" data-wp-key=\"69f5c8f529a67\" class=\"wp-block-image size-full wp-lightbox-container\"><img data-dominant-color=\"59564f\" data-has-transparency=\"false\" style=\"--dominant-color: #59564f;\" loading=\"lazy\" decoding=\"async\" width=\"2560\" height=\"1707\" data-wp-class--hide=\"state.isContentHidden\" data-wp-class--show=\"state.isContentVisible\" data-wp-init=\"callbacks.setButtonStyles\" data-wp-on--click=\"actions.showLightbox\" data-wp-on--load=\"callbacks.setButtonStyles\" data-wp-on--pointerdown=\"actions.preloadImage\" data-wp-on--pointerenter=\"actions.preloadImageWithDelay\" data-wp-on--pointerleave=\"actions.cancelPreload\" data-wp-on-window--resize=\"callbacks.setButtonStyles\" sizes=\"auto, (max-width: 2560px) 100vw, 2560px\" data-id=\"81423\" src=\"https:\/\/wbp.lublin.pl\/wp-content\/uploads\/2026\/04\/DSC_9808-jpg.webp\" alt=\"Wernisa\u017c wystawy i wiecz\u00f3r poezji Danuty Kurczewicz &#8211; w obiektywie\" class=\"wp-image-81423 not-transparent\" srcset=\"https:\/\/wbp.lublin.pl\/wp-content\/uploads\/2026\/04\/DSC_9808-jpg.webp 2560w, https:\/\/wbp.lublin.pl\/wp-content\/uploads\/2026\/04\/DSC_9808-600x400-1.jpg 600w, https:\/\/wbp.lublin.pl\/wp-content\/uploads\/2026\/04\/DSC_9808-400x267-1.jpg 400w, https:\/\/wbp.lublin.pl\/wp-content\/uploads\/2026\/04\/DSC_9808-768x512-1.jpg 768w, https:\/\/wbp.lublin.pl\/wp-content\/uploads\/2026\/04\/DSC_9808-1620x1080-1.jpg 1620w, https:\/\/wbp.lublin.pl\/wp-content\/uploads\/2026\/04\/DSC_9808-1536x1024-1.jpg 1536w, https:\/\/wbp.lublin.pl\/wp-content\/uploads\/2026\/04\/DSC_9808-2048x1365-1.jpg 2048w, https:\/\/wbp.lublin.pl\/wp-content\/uploads\/2026\/04\/DSC_9808-946x631-1.jpg 946w, https:\/\/wbp.lublin.pl\/wp-content\/uploads\/2026\/04\/DSC_9808-624x416-1.jpg 624w, https:\/\/wbp.lublin.pl\/wp-content\/uploads\/2026\/04\/DSC_9808-84x56-1.jpg 84w\" \/><button\n\t\t\tclass=\"lightbox-trigger\"\n\t\t\ttype=\"button\"\n\t\t\taria-haspopup=\"dialog\"\n\t\t\tdata-wp-bind--aria-label=\"state.thisImage.triggerButtonAriaLabel\"\n\t\t\tdata-wp-init=\"callbacks.initTriggerButton\"\n\t\t\tdata-wp-on--click=\"actions.showLightbox\"\n\t\t\tdata-wp-style--right=\"state.thisImage.buttonRight\"\n\t\t\tdata-wp-style--top=\"state.thisImage.buttonTop\"\n\t\t>\n\t\t\t<svg xmlns=\"http:\/\/www.w3.org\/2000\/svg\" width=\"12\" height=\"12\" fill=\"none\" viewBox=\"0 0 12 12\">\n\t\t\t\t<path fill=\"#fff\" d=\"M2 0a2 2 0 0 0-2 2v2h1.5V2a.5.5 0 0 1 .5-.5h2V0H2Zm2 10.5H2a.5.5 0 0 1-.5-.5V8H0v2a2 2 0 0 0 2 2h2v-1.5ZM8 12v-1.5h2a.5.5 0 0 0 .5-.5V8H12v2a2 2 0 0 1-2 2H8Zm2-12a2 2 0 0 1 2 2v2h-1.5V2a.5.5 0 0 0-.5-.5H8V0h2Z\" \/>\n\t\t\t<\/svg>\n\t\t<\/button><\/figure>\n\n\n\n<figure data-wp-context=\"{&quot;imageId&quot;:&quot;69f5c8f529d03&quot;}\" data-wp-interactive=\"core\/image\" data-wp-key=\"69f5c8f529d03\" class=\"wp-block-image size-full wp-lightbox-container\"><img data-dominant-color=\"78766b\" data-has-transparency=\"false\" style=\"--dominant-color: #78766b;\" loading=\"lazy\" decoding=\"async\" width=\"1707\" height=\"2560\" data-wp-class--hide=\"state.isContentHidden\" data-wp-class--show=\"state.isContentVisible\" data-wp-init=\"callbacks.setButtonStyles\" data-wp-on--click=\"actions.showLightbox\" data-wp-on--load=\"callbacks.setButtonStyles\" data-wp-on--pointerdown=\"actions.preloadImage\" data-wp-on--pointerenter=\"actions.preloadImageWithDelay\" data-wp-on--pointerleave=\"actions.cancelPreload\" data-wp-on-window--resize=\"callbacks.setButtonStyles\" sizes=\"auto, (max-width: 1707px) 100vw, 1707px\" data-id=\"81426\" src=\"https:\/\/wbp.lublin.pl\/wp-content\/uploads\/2026\/04\/DSC_9816-jpg.webp\" alt=\"Wernisa\u017c wystawy i wiecz\u00f3r poezji Danuty Kurczewicz &#8211; w obiektywie\" class=\"wp-image-81426 not-transparent\" srcset=\"https:\/\/wbp.lublin.pl\/wp-content\/uploads\/2026\/04\/DSC_9816-jpg.webp 1707w, https:\/\/wbp.lublin.pl\/wp-content\/uploads\/2026\/04\/DSC_9816-267x400-1.jpg 267w, https:\/\/wbp.lublin.pl\/wp-content\/uploads\/2026\/04\/DSC_9816-400x600-1.jpg 400w, https:\/\/wbp.lublin.pl\/wp-content\/uploads\/2026\/04\/DSC_9816-768x1152-1.jpg 768w, https:\/\/wbp.lublin.pl\/wp-content\/uploads\/2026\/04\/DSC_9816-720x1080-1.jpg 720w, https:\/\/wbp.lublin.pl\/wp-content\/uploads\/2026\/04\/DSC_9816-1024x1536-1.jpg 1024w, https:\/\/wbp.lublin.pl\/wp-content\/uploads\/2026\/04\/DSC_9816-1365x2048-1.jpg 1365w, https:\/\/wbp.lublin.pl\/wp-content\/uploads\/2026\/04\/DSC_9816-947x1420-1.jpg 947w, https:\/\/wbp.lublin.pl\/wp-content\/uploads\/2026\/04\/DSC_9816-624x936-1.jpg 624w\" \/><button\n\t\t\tclass=\"lightbox-trigger\"\n\t\t\ttype=\"button\"\n\t\t\taria-haspopup=\"dialog\"\n\t\t\tdata-wp-bind--aria-label=\"state.thisImage.triggerButtonAriaLabel\"\n\t\t\tdata-wp-init=\"callbacks.initTriggerButton\"\n\t\t\tdata-wp-on--click=\"actions.showLightbox\"\n\t\t\tdata-wp-style--right=\"state.thisImage.buttonRight\"\n\t\t\tdata-wp-style--top=\"state.thisImage.buttonTop\"\n\t\t>\n\t\t\t<svg xmlns=\"http:\/\/www.w3.org\/2000\/svg\" width=\"12\" height=\"12\" fill=\"none\" viewBox=\"0 0 12 12\">\n\t\t\t\t<path fill=\"#fff\" d=\"M2 0a2 2 0 0 0-2 2v2h1.5V2a.5.5 0 0 1 .5-.5h2V0H2Zm2 10.5H2a.5.5 0 0 1-.5-.5V8H0v2a2 2 0 0 0 2 2h2v-1.5ZM8 12v-1.5h2a.5.5 0 0 0 .5-.5V8H12v2a2 2 0 0 1-2 2H8Zm2-12a2 2 0 0 1 2 2v2h-1.5V2a.5.5 0 0 0-.5-.5H8V0h2Z\" \/>\n\t\t\t<\/svg>\n\t\t<\/button><\/figure>\n\n\n\n<figure data-wp-context=\"{&quot;imageId&quot;:&quot;69f5c8f529f9e&quot;}\" data-wp-interactive=\"core\/image\" data-wp-key=\"69f5c8f529f9e\" class=\"wp-block-image size-full wp-lightbox-container\"><img data-dominant-color=\"878271\" data-has-transparency=\"false\" style=\"--dominant-color: #878271;\" loading=\"lazy\" decoding=\"async\" width=\"2560\" height=\"1707\" data-wp-class--hide=\"state.isContentHidden\" data-wp-class--show=\"state.isContentVisible\" data-wp-init=\"callbacks.setButtonStyles\" data-wp-on--click=\"actions.showLightbox\" data-wp-on--load=\"callbacks.setButtonStyles\" data-wp-on--pointerdown=\"actions.preloadImage\" data-wp-on--pointerenter=\"actions.preloadImageWithDelay\" data-wp-on--pointerleave=\"actions.cancelPreload\" data-wp-on-window--resize=\"callbacks.setButtonStyles\" sizes=\"auto, (max-width: 2560px) 100vw, 2560px\" data-id=\"81425\" src=\"https:\/\/wbp.lublin.pl\/wp-content\/uploads\/2026\/04\/DSC_9815-jpg.webp\" alt=\"Wernisa\u017c wystawy i wiecz\u00f3r poezji Danuty Kurczewicz &#8211; w obiektywie\" class=\"wp-image-81425 not-transparent\" srcset=\"https:\/\/wbp.lublin.pl\/wp-content\/uploads\/2026\/04\/DSC_9815-jpg.webp 2560w, https:\/\/wbp.lublin.pl\/wp-content\/uploads\/2026\/04\/DSC_9815-400x267-1.jpg 400w, https:\/\/wbp.lublin.pl\/wp-content\/uploads\/2026\/04\/DSC_9815-600x400-1.jpg 600w, https:\/\/wbp.lublin.pl\/wp-content\/uploads\/2026\/04\/DSC_9815-768x512-1.jpg 768w, https:\/\/wbp.lublin.pl\/wp-content\/uploads\/2026\/04\/DSC_9815-1620x1080-1.jpg 1620w, https:\/\/wbp.lublin.pl\/wp-content\/uploads\/2026\/04\/DSC_9815-1536x1024-1.jpg 1536w, https:\/\/wbp.lublin.pl\/wp-content\/uploads\/2026\/04\/DSC_9815-2048x1365-1.jpg 2048w, https:\/\/wbp.lublin.pl\/wp-content\/uploads\/2026\/04\/DSC_9815-946x631-1.jpg 946w, https:\/\/wbp.lublin.pl\/wp-content\/uploads\/2026\/04\/DSC_9815-624x416-1.jpg 624w, https:\/\/wbp.lublin.pl\/wp-content\/uploads\/2026\/04\/DSC_9815-84x56-1.jpg 84w\" \/><button\n\t\t\tclass=\"lightbox-trigger\"\n\t\t\ttype=\"button\"\n\t\t\taria-haspopup=\"dialog\"\n\t\t\tdata-wp-bind--aria-label=\"state.thisImage.triggerButtonAriaLabel\"\n\t\t\tdata-wp-init=\"callbacks.initTriggerButton\"\n\t\t\tdata-wp-on--click=\"actions.showLightbox\"\n\t\t\tdata-wp-style--right=\"state.thisImage.buttonRight\"\n\t\t\tdata-wp-style--top=\"state.thisImage.buttonTop\"\n\t\t>\n\t\t\t<svg xmlns=\"http:\/\/www.w3.org\/2000\/svg\" width=\"12\" height=\"12\" fill=\"none\" viewBox=\"0 0 12 12\">\n\t\t\t\t<path fill=\"#fff\" d=\"M2 0a2 2 0 0 0-2 2v2h1.5V2a.5.5 0 0 1 .5-.5h2V0H2Zm2 10.5H2a.5.5 0 0 1-.5-.5V8H0v2a2 2 0 0 0 2 2h2v-1.5ZM8 12v-1.5h2a.5.5 0 0 0 .5-.5V8H12v2a2 2 0 0 1-2 2H8Zm2-12a2 2 0 0 1 2 2v2h-1.5V2a.5.5 0 0 0-.5-.5H8V0h2Z\" \/>\n\t\t\t<\/svg>\n\t\t<\/button><\/figure>\n\n\n\n<figure data-wp-context=\"{&quot;imageId&quot;:&quot;69f5c8f52a252&quot;}\" data-wp-interactive=\"core\/image\" data-wp-key=\"69f5c8f52a252\" class=\"wp-block-image size-full wp-lightbox-container\"><img data-dominant-color=\"978d7a\" data-has-transparency=\"false\" style=\"--dominant-color: #978d7a;\" loading=\"lazy\" decoding=\"async\" width=\"1707\" height=\"2560\" data-wp-class--hide=\"state.isContentHidden\" data-wp-class--show=\"state.isContentVisible\" data-wp-init=\"callbacks.setButtonStyles\" data-wp-on--click=\"actions.showLightbox\" data-wp-on--load=\"callbacks.setButtonStyles\" data-wp-on--pointerdown=\"actions.preloadImage\" data-wp-on--pointerenter=\"actions.preloadImageWithDelay\" data-wp-on--pointerleave=\"actions.cancelPreload\" data-wp-on-window--resize=\"callbacks.setButtonStyles\" sizes=\"auto, (max-width: 1707px) 100vw, 1707px\" data-id=\"81427\" src=\"https:\/\/wbp.lublin.pl\/wp-content\/uploads\/2026\/04\/DSC_9820-jpg.webp\" alt=\"Wernisa\u017c wystawy i wiecz\u00f3r poezji Danuty Kurczewicz &#8211; w obiektywie\" class=\"wp-image-81427 not-transparent\" srcset=\"https:\/\/wbp.lublin.pl\/wp-content\/uploads\/2026\/04\/DSC_9820-jpg.webp 1707w, https:\/\/wbp.lublin.pl\/wp-content\/uploads\/2026\/04\/DSC_9820-267x400-1.jpg 267w, https:\/\/wbp.lublin.pl\/wp-content\/uploads\/2026\/04\/DSC_9820-400x600-1.jpg 400w, https:\/\/wbp.lublin.pl\/wp-content\/uploads\/2026\/04\/DSC_9820-768x1152-1.jpg 768w, https:\/\/wbp.lublin.pl\/wp-content\/uploads\/2026\/04\/DSC_9820-720x1080-1.jpg 720w, https:\/\/wbp.lublin.pl\/wp-content\/uploads\/2026\/04\/DSC_9820-1024x1536-1.jpg 1024w, https:\/\/wbp.lublin.pl\/wp-content\/uploads\/2026\/04\/DSC_9820-1365x2048-1.jpg 1365w, https:\/\/wbp.lublin.pl\/wp-content\/uploads\/2026\/04\/DSC_9820-947x1420-1.jpg 947w, https:\/\/wbp.lublin.pl\/wp-content\/uploads\/2026\/04\/DSC_9820-624x936-1.jpg 624w\" \/><button\n\t\t\tclass=\"lightbox-trigger\"\n\t\t\ttype=\"button\"\n\t\t\taria-haspopup=\"dialog\"\n\t\t\tdata-wp-bind--aria-label=\"state.thisImage.triggerButtonAriaLabel\"\n\t\t\tdata-wp-init=\"callbacks.initTriggerButton\"\n\t\t\tdata-wp-on--click=\"actions.showLightbox\"\n\t\t\tdata-wp-style--right=\"state.thisImage.buttonRight\"\n\t\t\tdata-wp-style--top=\"state.thisImage.buttonTop\"\n\t\t>\n\t\t\t<svg xmlns=\"http:\/\/www.w3.org\/2000\/svg\" width=\"12\" height=\"12\" fill=\"none\" viewBox=\"0 0 12 12\">\n\t\t\t\t<path fill=\"#fff\" d=\"M2 0a2 2 0 0 0-2 2v2h1.5V2a.5.5 0 0 1 .5-.5h2V0H2Zm2 10.5H2a.5.5 0 0 1-.5-.5V8H0v2a2 2 0 0 0 2 2h2v-1.5ZM8 12v-1.5h2a.5.5 0 0 0 .5-.5V8H12v2a2 2 0 0 1-2 2H8Zm2-12a2 2 0 0 1 2 2v2h-1.5V2a.5.5 0 0 0-.5-.5H8V0h2Z\" \/>\n\t\t\t<\/svg>\n\t\t<\/button><\/figure>\n\n\n\n<figure data-wp-context=\"{&quot;imageId&quot;:&quot;69f5c8f52a565&quot;}\" data-wp-interactive=\"core\/image\" data-wp-key=\"69f5c8f52a565\" class=\"wp-block-image size-full wp-lightbox-container\"><img data-dominant-color=\"a79c8b\" data-has-transparency=\"false\" style=\"--dominant-color: #a79c8b;\" loading=\"lazy\" decoding=\"async\" width=\"2560\" height=\"1707\" data-wp-class--hide=\"state.isContentHidden\" data-wp-class--show=\"state.isContentVisible\" data-wp-init=\"callbacks.setButtonStyles\" data-wp-on--click=\"actions.showLightbox\" data-wp-on--load=\"callbacks.setButtonStyles\" data-wp-on--pointerdown=\"actions.preloadImage\" data-wp-on--pointerenter=\"actions.preloadImageWithDelay\" data-wp-on--pointerleave=\"actions.cancelPreload\" data-wp-on-window--resize=\"callbacks.setButtonStyles\" sizes=\"auto, (max-width: 2560px) 100vw, 2560px\" data-id=\"81428\" src=\"https:\/\/wbp.lublin.pl\/wp-content\/uploads\/2026\/04\/DSC_9822-jpg.webp\" alt=\"Wernisa\u017c wystawy i wiecz\u00f3r poezji Danuty Kurczewicz &#8211; w obiektywie\" class=\"wp-image-81428 not-transparent\" srcset=\"https:\/\/wbp.lublin.pl\/wp-content\/uploads\/2026\/04\/DSC_9822-jpg.webp 2560w, https:\/\/wbp.lublin.pl\/wp-content\/uploads\/2026\/04\/DSC_9822-400x267-1.jpg 400w, https:\/\/wbp.lublin.pl\/wp-content\/uploads\/2026\/04\/DSC_9822-600x400-1.jpg 600w, https:\/\/wbp.lublin.pl\/wp-content\/uploads\/2026\/04\/DSC_9822-768x512-1.jpg 768w, https:\/\/wbp.lublin.pl\/wp-content\/uploads\/2026\/04\/DSC_9822-1620x1080-1.jpg 1620w, https:\/\/wbp.lublin.pl\/wp-content\/uploads\/2026\/04\/DSC_9822-1536x1024-1.jpg 1536w, https:\/\/wbp.lublin.pl\/wp-content\/uploads\/2026\/04\/DSC_9822-2048x1365-1.jpg 2048w, https:\/\/wbp.lublin.pl\/wp-content\/uploads\/2026\/04\/DSC_9822-946x631-1.jpg 946w, https:\/\/wbp.lublin.pl\/wp-content\/uploads\/2026\/04\/DSC_9822-624x416-1.jpg 624w, https:\/\/wbp.lublin.pl\/wp-content\/uploads\/2026\/04\/DSC_9822-84x56-1.jpg 84w\" \/><button\n\t\t\tclass=\"lightbox-trigger\"\n\t\t\ttype=\"button\"\n\t\t\taria-haspopup=\"dialog\"\n\t\t\tdata-wp-bind--aria-label=\"state.thisImage.triggerButtonAriaLabel\"\n\t\t\tdata-wp-init=\"callbacks.initTriggerButton\"\n\t\t\tdata-wp-on--click=\"actions.showLightbox\"\n\t\t\tdata-wp-style--right=\"state.thisImage.buttonRight\"\n\t\t\tdata-wp-style--top=\"state.thisImage.buttonTop\"\n\t\t>\n\t\t\t<svg xmlns=\"http:\/\/www.w3.org\/2000\/svg\" width=\"12\" height=\"12\" fill=\"none\" viewBox=\"0 0 12 12\">\n\t\t\t\t<path fill=\"#fff\" d=\"M2 0a2 2 0 0 0-2 2v2h1.5V2a.5.5 0 0 1 .5-.5h2V0H2Zm2 10.5H2a.5.5 0 0 1-.5-.5V8H0v2a2 2 0 0 0 2 2h2v-1.5ZM8 12v-1.5h2a.5.5 0 0 0 .5-.5V8H12v2a2 2 0 0 1-2 2H8Zm2-12a2 2 0 0 1 2 2v2h-1.5V2a.5.5 0 0 0-.5-.5H8V0h2Z\" \/>\n\t\t\t<\/svg>\n\t\t<\/button><\/figure>\n\n\n\n<figure data-wp-context=\"{&quot;imageId&quot;:&quot;69f5c8f52a8c2&quot;}\" data-wp-interactive=\"core\/image\" data-wp-key=\"69f5c8f52a8c2\" class=\"wp-block-image size-full wp-lightbox-container\"><img data-dominant-color=\"7b7262\" data-has-transparency=\"false\" style=\"--dominant-color: #7b7262;\" loading=\"lazy\" decoding=\"async\" width=\"2560\" height=\"1707\" data-wp-class--hide=\"state.isContentHidden\" data-wp-class--show=\"state.isContentVisible\" data-wp-init=\"callbacks.setButtonStyles\" data-wp-on--click=\"actions.showLightbox\" data-wp-on--load=\"callbacks.setButtonStyles\" data-wp-on--pointerdown=\"actions.preloadImage\" data-wp-on--pointerenter=\"actions.preloadImageWithDelay\" data-wp-on--pointerleave=\"actions.cancelPreload\" data-wp-on-window--resize=\"callbacks.setButtonStyles\" sizes=\"auto, (max-width: 2560px) 100vw, 2560px\" data-id=\"81429\" src=\"https:\/\/wbp.lublin.pl\/wp-content\/uploads\/2026\/04\/DSC_9825-jpg.webp\" alt=\"Wernisa\u017c wystawy i wiecz\u00f3r poezji Danuty Kurczewicz &#8211; w obiektywie\" class=\"wp-image-81429 not-transparent\" srcset=\"https:\/\/wbp.lublin.pl\/wp-content\/uploads\/2026\/04\/DSC_9825-jpg.webp 2560w, https:\/\/wbp.lublin.pl\/wp-content\/uploads\/2026\/04\/DSC_9825-400x267-1.jpg 400w, https:\/\/wbp.lublin.pl\/wp-content\/uploads\/2026\/04\/DSC_9825-600x400-1.jpg 600w, https:\/\/wbp.lublin.pl\/wp-content\/uploads\/2026\/04\/DSC_9825-768x512-1.jpg 768w, https:\/\/wbp.lublin.pl\/wp-content\/uploads\/2026\/04\/DSC_9825-1620x1080-1.jpg 1620w, https:\/\/wbp.lublin.pl\/wp-content\/uploads\/2026\/04\/DSC_9825-1536x1024-1.jpg 1536w, https:\/\/wbp.lublin.pl\/wp-content\/uploads\/2026\/04\/DSC_9825-2048x1365-1.jpg 2048w, https:\/\/wbp.lublin.pl\/wp-content\/uploads\/2026\/04\/DSC_9825-946x631-1.jpg 946w, https:\/\/wbp.lublin.pl\/wp-content\/uploads\/2026\/04\/DSC_9825-624x416-1.jpg 624w, https:\/\/wbp.lublin.pl\/wp-content\/uploads\/2026\/04\/DSC_9825-84x56-1.jpg 84w\" \/><button\n\t\t\tclass=\"lightbox-trigger\"\n\t\t\ttype=\"button\"\n\t\t\taria-haspopup=\"dialog\"\n\t\t\tdata-wp-bind--aria-label=\"state.thisImage.triggerButtonAriaLabel\"\n\t\t\tdata-wp-init=\"callbacks.initTriggerButton\"\n\t\t\tdata-wp-on--click=\"actions.showLightbox\"\n\t\t\tdata-wp-style--right=\"state.thisImage.buttonRight\"\n\t\t\tdata-wp-style--top=\"state.thisImage.buttonTop\"\n\t\t>\n\t\t\t<svg xmlns=\"http:\/\/www.w3.org\/2000\/svg\" width=\"12\" height=\"12\" fill=\"none\" viewBox=\"0 0 12 12\">\n\t\t\t\t<path fill=\"#fff\" d=\"M2 0a2 2 0 0 0-2 2v2h1.5V2a.5.5 0 0 1 .5-.5h2V0H2Zm2 10.5H2a.5.5 0 0 1-.5-.5V8H0v2a2 2 0 0 0 2 2h2v-1.5ZM8 12v-1.5h2a.5.5 0 0 0 .5-.5V8H12v2a2 2 0 0 1-2 2H8Zm2-12a2 2 0 0 1 2 2v2h-1.5V2a.5.5 0 0 0-.5-.5H8V0h2Z\" \/>\n\t\t\t<\/svg>\n\t\t<\/button><\/figure>\n\n\n\n<figure data-wp-context=\"{&quot;imageId&quot;:&quot;69f5c8f52ab7a&quot;}\" data-wp-interactive=\"core\/image\" data-wp-key=\"69f5c8f52ab7a\" class=\"wp-block-image size-full wp-lightbox-container\"><img data-dominant-color=\"938b79\" data-has-transparency=\"false\" style=\"--dominant-color: #938b79;\" loading=\"lazy\" decoding=\"async\" width=\"2560\" height=\"1707\" data-wp-class--hide=\"state.isContentHidden\" data-wp-class--show=\"state.isContentVisible\" data-wp-init=\"callbacks.setButtonStyles\" data-wp-on--click=\"actions.showLightbox\" data-wp-on--load=\"callbacks.setButtonStyles\" data-wp-on--pointerdown=\"actions.preloadImage\" data-wp-on--pointerenter=\"actions.preloadImageWithDelay\" data-wp-on--pointerleave=\"actions.cancelPreload\" data-wp-on-window--resize=\"callbacks.setButtonStyles\" sizes=\"auto, (max-width: 2560px) 100vw, 2560px\" data-id=\"81431\" src=\"https:\/\/wbp.lublin.pl\/wp-content\/uploads\/2026\/04\/DSC_9826-jpg.webp\" alt=\"Wernisa\u017c wystawy i wiecz\u00f3r poezji Danuty Kurczewicz &#8211; w obiektywie\" class=\"wp-image-81431 not-transparent\" srcset=\"https:\/\/wbp.lublin.pl\/wp-content\/uploads\/2026\/04\/DSC_9826-jpg.webp 2560w, https:\/\/wbp.lublin.pl\/wp-content\/uploads\/2026\/04\/DSC_9826-400x267-1.jpg 400w, https:\/\/wbp.lublin.pl\/wp-content\/uploads\/2026\/04\/DSC_9826-600x400-1.jpg 600w, https:\/\/wbp.lublin.pl\/wp-content\/uploads\/2026\/04\/DSC_9826-768x512-1.jpg 768w, https:\/\/wbp.lublin.pl\/wp-content\/uploads\/2026\/04\/DSC_9826-1620x1080-1.jpg 1620w, https:\/\/wbp.lublin.pl\/wp-content\/uploads\/2026\/04\/DSC_9826-1536x1024-1.jpg 1536w, https:\/\/wbp.lublin.pl\/wp-content\/uploads\/2026\/04\/DSC_9826-2048x1365-1.jpg 2048w, https:\/\/wbp.lublin.pl\/wp-content\/uploads\/2026\/04\/DSC_9826-946x631-1.jpg 946w, https:\/\/wbp.lublin.pl\/wp-content\/uploads\/2026\/04\/DSC_9826-624x416-1.jpg 624w, https:\/\/wbp.lublin.pl\/wp-content\/uploads\/2026\/04\/DSC_9826-84x56-1.jpg 84w\" \/><button\n\t\t\tclass=\"lightbox-trigger\"\n\t\t\ttype=\"button\"\n\t\t\taria-haspopup=\"dialog\"\n\t\t\tdata-wp-bind--aria-label=\"state.thisImage.triggerButtonAriaLabel\"\n\t\t\tdata-wp-init=\"callbacks.initTriggerButton\"\n\t\t\tdata-wp-on--click=\"actions.showLightbox\"\n\t\t\tdata-wp-style--right=\"state.thisImage.buttonRight\"\n\t\t\tdata-wp-style--top=\"state.thisImage.buttonTop\"\n\t\t>\n\t\t\t<svg xmlns=\"http:\/\/www.w3.org\/2000\/svg\" width=\"12\" height=\"12\" fill=\"none\" viewBox=\"0 0 12 12\">\n\t\t\t\t<path fill=\"#fff\" d=\"M2 0a2 2 0 0 0-2 2v2h1.5V2a.5.5 0 0 1 .5-.5h2V0H2Zm2 10.5H2a.5.5 0 0 1-.5-.5V8H0v2a2 2 0 0 0 2 2h2v-1.5ZM8 12v-1.5h2a.5.5 0 0 0 .5-.5V8H12v2a2 2 0 0 1-2 2H8Zm2-12a2 2 0 0 1 2 2v2h-1.5V2a.5.5 0 0 0-.5-.5H8V0h2Z\" \/>\n\t\t\t<\/svg>\n\t\t<\/button><\/figure>\n\n\n\n<figure data-wp-context=\"{&quot;imageId&quot;:&quot;69f5c8f52ae25&quot;}\" data-wp-interactive=\"core\/image\" data-wp-key=\"69f5c8f52ae25\" class=\"wp-block-image size-full wp-lightbox-container\"><img data-dominant-color=\"736a5c\" data-has-transparency=\"false\" style=\"--dominant-color: #736a5c;\" loading=\"lazy\" decoding=\"async\" width=\"1707\" height=\"2560\" data-wp-class--hide=\"state.isContentHidden\" data-wp-class--show=\"state.isContentVisible\" data-wp-init=\"callbacks.setButtonStyles\" data-wp-on--click=\"actions.showLightbox\" data-wp-on--load=\"callbacks.setButtonStyles\" data-wp-on--pointerdown=\"actions.preloadImage\" data-wp-on--pointerenter=\"actions.preloadImageWithDelay\" data-wp-on--pointerleave=\"actions.cancelPreload\" data-wp-on-window--resize=\"callbacks.setButtonStyles\" sizes=\"auto, (max-width: 1707px) 100vw, 1707px\" data-id=\"81430\" src=\"https:\/\/wbp.lublin.pl\/wp-content\/uploads\/2026\/04\/DSC_9827-jpg.webp\" alt=\"Wernisa\u017c wystawy i wiecz\u00f3r poezji Danuty Kurczewicz &#8211; w obiektywie\" class=\"wp-image-81430 not-transparent\" srcset=\"https:\/\/wbp.lublin.pl\/wp-content\/uploads\/2026\/04\/DSC_9827-jpg.webp 1707w, https:\/\/wbp.lublin.pl\/wp-content\/uploads\/2026\/04\/DSC_9827-267x400-1.jpg 267w, https:\/\/wbp.lublin.pl\/wp-content\/uploads\/2026\/04\/DSC_9827-400x600-1.jpg 400w, https:\/\/wbp.lublin.pl\/wp-content\/uploads\/2026\/04\/DSC_9827-768x1152-1.jpg 768w, https:\/\/wbp.lublin.pl\/wp-content\/uploads\/2026\/04\/DSC_9827-720x1080-1.jpg 720w, https:\/\/wbp.lublin.pl\/wp-content\/uploads\/2026\/04\/DSC_9827-1024x1536-1.jpg 1024w, https:\/\/wbp.lublin.pl\/wp-content\/uploads\/2026\/04\/DSC_9827-1365x2048-1.jpg 1365w, https:\/\/wbp.lublin.pl\/wp-content\/uploads\/2026\/04\/DSC_9827-947x1420-1.jpg 947w, https:\/\/wbp.lublin.pl\/wp-content\/uploads\/2026\/04\/DSC_9827-624x936-1.jpg 624w\" \/><button\n\t\t\tclass=\"lightbox-trigger\"\n\t\t\ttype=\"button\"\n\t\t\taria-haspopup=\"dialog\"\n\t\t\tdata-wp-bind--aria-label=\"state.thisImage.triggerButtonAriaLabel\"\n\t\t\tdata-wp-init=\"callbacks.initTriggerButton\"\n\t\t\tdata-wp-on--click=\"actions.showLightbox\"\n\t\t\tdata-wp-style--right=\"state.thisImage.buttonRight\"\n\t\t\tdata-wp-style--top=\"state.thisImage.buttonTop\"\n\t\t>\n\t\t\t<svg xmlns=\"http:\/\/www.w3.org\/2000\/svg\" width=\"12\" height=\"12\" fill=\"none\" viewBox=\"0 0 12 12\">\n\t\t\t\t<path fill=\"#fff\" d=\"M2 0a2 2 0 0 0-2 2v2h1.5V2a.5.5 0 0 1 .5-.5h2V0H2Zm2 10.5H2a.5.5 0 0 1-.5-.5V8H0v2a2 2 0 0 0 2 2h2v-1.5ZM8 12v-1.5h2a.5.5 0 0 0 .5-.5V8H12v2a2 2 0 0 1-2 2H8Zm2-12a2 2 0 0 1 2 2v2h-1.5V2a.5.5 0 0 0-.5-.5H8V0h2Z\" \/>\n\t\t\t<\/svg>\n\t\t<\/button><figcaption class=\"wp-element-caption\">Dr Grzegorz Figiel &#8211; Zast\u0119pca Dyrektora WBP ds. merytorycznych podzi\u0119kowa\u0142 za spotkanie<\/figcaption><\/figure>\n\n\n\n<figure data-wp-context=\"{&quot;imageId&quot;:&quot;69f5c8f52b0ec&quot;}\" data-wp-interactive=\"core\/image\" data-wp-key=\"69f5c8f52b0ec\" class=\"wp-block-image size-full wp-lightbox-container\"><img data-dominant-color=\"a29b94\" data-has-transparency=\"false\" style=\"--dominant-color: #a29b94;\" loading=\"lazy\" decoding=\"async\" width=\"2560\" height=\"1707\" data-wp-class--hide=\"state.isContentHidden\" data-wp-class--show=\"state.isContentVisible\" data-wp-init=\"callbacks.setButtonStyles\" data-wp-on--click=\"actions.showLightbox\" data-wp-on--load=\"callbacks.setButtonStyles\" data-wp-on--pointerdown=\"actions.preloadImage\" data-wp-on--pointerenter=\"actions.preloadImageWithDelay\" data-wp-on--pointerleave=\"actions.cancelPreload\" data-wp-on-window--resize=\"callbacks.setButtonStyles\" sizes=\"auto, (max-width: 2560px) 100vw, 2560px\" data-id=\"81433\" src=\"https:\/\/wbp.lublin.pl\/wp-content\/uploads\/2026\/04\/DSC_9843-jpg.webp\" alt=\"Wernisa\u017c wystawy i wiecz\u00f3r poezji Danuty Kurczewicz &#8211; w obiektywie\" class=\"wp-image-81433 not-transparent\" srcset=\"https:\/\/wbp.lublin.pl\/wp-content\/uploads\/2026\/04\/DSC_9843-jpg.webp 2560w, https:\/\/wbp.lublin.pl\/wp-content\/uploads\/2026\/04\/DSC_9843-400x267-1.jpg 400w, https:\/\/wbp.lublin.pl\/wp-content\/uploads\/2026\/04\/DSC_9843-600x400-1.jpg 600w, https:\/\/wbp.lublin.pl\/wp-content\/uploads\/2026\/04\/DSC_9843-768x512-1.jpg 768w, https:\/\/wbp.lublin.pl\/wp-content\/uploads\/2026\/04\/DSC_9843-1620x1080-1.jpg 1620w, https:\/\/wbp.lublin.pl\/wp-content\/uploads\/2026\/04\/DSC_9843-1536x1024-1.jpg 1536w, https:\/\/wbp.lublin.pl\/wp-content\/uploads\/2026\/04\/DSC_9843-2048x1365-1.jpg 2048w, https:\/\/wbp.lublin.pl\/wp-content\/uploads\/2026\/04\/DSC_9843-946x631-1.jpg 946w, https:\/\/wbp.lublin.pl\/wp-content\/uploads\/2026\/04\/DSC_9843-624x416-1.jpg 624w, https:\/\/wbp.lublin.pl\/wp-content\/uploads\/2026\/04\/DSC_9843-84x56-1.jpg 84w\" \/><button\n\t\t\tclass=\"lightbox-trigger\"\n\t\t\ttype=\"button\"\n\t\t\taria-haspopup=\"dialog\"\n\t\t\tdata-wp-bind--aria-label=\"state.thisImage.triggerButtonAriaLabel\"\n\t\t\tdata-wp-init=\"callbacks.initTriggerButton\"\n\t\t\tdata-wp-on--click=\"actions.showLightbox\"\n\t\t\tdata-wp-style--right=\"state.thisImage.buttonRight\"\n\t\t\tdata-wp-style--top=\"state.thisImage.buttonTop\"\n\t\t>\n\t\t\t<svg xmlns=\"http:\/\/www.w3.org\/2000\/svg\" width=\"12\" height=\"12\" fill=\"none\" viewBox=\"0 0 12 12\">\n\t\t\t\t<path fill=\"#fff\" d=\"M2 0a2 2 0 0 0-2 2v2h1.5V2a.5.5 0 0 1 .5-.5h2V0H2Zm2 10.5H2a.5.5 0 0 1-.5-.5V8H0v2a2 2 0 0 0 2 2h2v-1.5ZM8 12v-1.5h2a.5.5 0 0 0 .5-.5V8H12v2a2 2 0 0 1-2 2H8Zm2-12a2 2 0 0 1 2 2v2h-1.5V2a.5.5 0 0 0-.5-.5H8V0h2Z\" \/>\n\t\t\t<\/svg>\n\t\t<\/button><\/figure>\n\n\n\n<figure data-wp-context=\"{&quot;imageId&quot;:&quot;69f5c8f52b3e4&quot;}\" data-wp-interactive=\"core\/image\" data-wp-key=\"69f5c8f52b3e4\" class=\"wp-block-image size-full wp-lightbox-container\"><img data-dominant-color=\"8d8882\" data-has-transparency=\"false\" style=\"--dominant-color: #8d8882;\" loading=\"lazy\" decoding=\"async\" width=\"2560\" height=\"1707\" data-wp-class--hide=\"state.isContentHidden\" data-wp-class--show=\"state.isContentVisible\" data-wp-init=\"callbacks.setButtonStyles\" data-wp-on--click=\"actions.showLightbox\" data-wp-on--load=\"callbacks.setButtonStyles\" data-wp-on--pointerdown=\"actions.preloadImage\" data-wp-on--pointerenter=\"actions.preloadImageWithDelay\" data-wp-on--pointerleave=\"actions.cancelPreload\" data-wp-on-window--resize=\"callbacks.setButtonStyles\" sizes=\"auto, (max-width: 2560px) 100vw, 2560px\" data-id=\"81434\" src=\"https:\/\/wbp.lublin.pl\/wp-content\/uploads\/2026\/04\/DSC_9846-jpg.webp\" alt=\"Wernisa\u017c wystawy i wiecz\u00f3r poezji Danuty Kurczewicz &#8211; w obiektywie\" class=\"wp-image-81434 not-transparent\" srcset=\"https:\/\/wbp.lublin.pl\/wp-content\/uploads\/2026\/04\/DSC_9846-jpg.webp 2560w, https:\/\/wbp.lublin.pl\/wp-content\/uploads\/2026\/04\/DSC_9846-400x267-1.jpg 400w, https:\/\/wbp.lublin.pl\/wp-content\/uploads\/2026\/04\/DSC_9846-600x400-1.jpg 600w, https:\/\/wbp.lublin.pl\/wp-content\/uploads\/2026\/04\/DSC_9846-768x512-1.jpg 768w, https:\/\/wbp.lublin.pl\/wp-content\/uploads\/2026\/04\/DSC_9846-1620x1080-1.jpg 1620w, https:\/\/wbp.lublin.pl\/wp-content\/uploads\/2026\/04\/DSC_9846-1536x1024-1.jpg 1536w, https:\/\/wbp.lublin.pl\/wp-content\/uploads\/2026\/04\/DSC_9846-2048x1365-1.jpg 2048w, https:\/\/wbp.lublin.pl\/wp-content\/uploads\/2026\/04\/DSC_9846-946x631-1.jpg 946w, https:\/\/wbp.lublin.pl\/wp-content\/uploads\/2026\/04\/DSC_9846-624x416-1.jpg 624w, https:\/\/wbp.lublin.pl\/wp-content\/uploads\/2026\/04\/DSC_9846-84x56-1.jpg 84w\" \/><button\n\t\t\tclass=\"lightbox-trigger\"\n\t\t\ttype=\"button\"\n\t\t\taria-haspopup=\"dialog\"\n\t\t\tdata-wp-bind--aria-label=\"state.thisImage.triggerButtonAriaLabel\"\n\t\t\tdata-wp-init=\"callbacks.initTriggerButton\"\n\t\t\tdata-wp-on--click=\"actions.showLightbox\"\n\t\t\tdata-wp-style--right=\"state.thisImage.buttonRight\"\n\t\t\tdata-wp-style--top=\"state.thisImage.buttonTop\"\n\t\t>\n\t\t\t<svg xmlns=\"http:\/\/www.w3.org\/2000\/svg\" width=\"12\" height=\"12\" fill=\"none\" viewBox=\"0 0 12 12\">\n\t\t\t\t<path fill=\"#fff\" d=\"M2 0a2 2 0 0 0-2 2v2h1.5V2a.5.5 0 0 1 .5-.5h2V0H2Zm2 10.5H2a.5.5 0 0 1-.5-.5V8H0v2a2 2 0 0 0 2 2h2v-1.5ZM8 12v-1.5h2a.5.5 0 0 0 .5-.5V8H12v2a2 2 0 0 1-2 2H8Zm2-12a2 2 0 0 1 2 2v2h-1.5V2a.5.5 0 0 0-.5-.5H8V0h2Z\" \/>\n\t\t\t<\/svg>\n\t\t<\/button><\/figure>\n\n\n\n<figure data-wp-context=\"{&quot;imageId&quot;:&quot;69f5c8f52b6d6&quot;}\" data-wp-interactive=\"core\/image\" data-wp-key=\"69f5c8f52b6d6\" class=\"wp-block-image size-full wp-lightbox-container\"><img data-dominant-color=\"8d8776\" data-has-transparency=\"false\" style=\"--dominant-color: #8d8776;\" loading=\"lazy\" decoding=\"async\" width=\"2560\" height=\"1707\" data-wp-class--hide=\"state.isContentHidden\" data-wp-class--show=\"state.isContentVisible\" data-wp-init=\"callbacks.setButtonStyles\" data-wp-on--click=\"actions.showLightbox\" data-wp-on--load=\"callbacks.setButtonStyles\" data-wp-on--pointerdown=\"actions.preloadImage\" data-wp-on--pointerenter=\"actions.preloadImageWithDelay\" data-wp-on--pointerleave=\"actions.cancelPreload\" data-wp-on-window--resize=\"callbacks.setButtonStyles\" sizes=\"auto, (max-width: 2560px) 100vw, 2560px\" data-id=\"81435\" src=\"https:\/\/wbp.lublin.pl\/wp-content\/uploads\/2026\/04\/DSC_9853-jpg.webp\" alt=\"Wernisa\u017c wystawy i wiecz\u00f3r poezji Danuty Kurczewicz &#8211; w obiektywie\" class=\"wp-image-81435 not-transparent\" srcset=\"https:\/\/wbp.lublin.pl\/wp-content\/uploads\/2026\/04\/DSC_9853-jpg.webp 2560w, https:\/\/wbp.lublin.pl\/wp-content\/uploads\/2026\/04\/DSC_9853-400x267-1.jpg 400w, https:\/\/wbp.lublin.pl\/wp-content\/uploads\/2026\/04\/DSC_9853-600x400-1.jpg 600w, https:\/\/wbp.lublin.pl\/wp-content\/uploads\/2026\/04\/DSC_9853-768x512-1.jpg 768w, https:\/\/wbp.lublin.pl\/wp-content\/uploads\/2026\/04\/DSC_9853-1620x1080-1.jpg 1620w, https:\/\/wbp.lublin.pl\/wp-content\/uploads\/2026\/04\/DSC_9853-1536x1024-1.jpg 1536w, https:\/\/wbp.lublin.pl\/wp-content\/uploads\/2026\/04\/DSC_9853-2048x1365-1.jpg 2048w, https:\/\/wbp.lublin.pl\/wp-content\/uploads\/2026\/04\/DSC_9853-946x631-1.jpg 946w, https:\/\/wbp.lublin.pl\/wp-content\/uploads\/2026\/04\/DSC_9853-624x416-1.jpg 624w, https:\/\/wbp.lublin.pl\/wp-content\/uploads\/2026\/04\/DSC_9853-84x56-1.jpg 84w\" \/><button\n\t\t\tclass=\"lightbox-trigger\"\n\t\t\ttype=\"button\"\n\t\t\taria-haspopup=\"dialog\"\n\t\t\tdata-wp-bind--aria-label=\"state.thisImage.triggerButtonAriaLabel\"\n\t\t\tdata-wp-init=\"callbacks.initTriggerButton\"\n\t\t\tdata-wp-on--click=\"actions.showLightbox\"\n\t\t\tdata-wp-style--right=\"state.thisImage.buttonRight\"\n\t\t\tdata-wp-style--top=\"state.thisImage.buttonTop\"\n\t\t>\n\t\t\t<svg xmlns=\"http:\/\/www.w3.org\/2000\/svg\" width=\"12\" height=\"12\" fill=\"none\" viewBox=\"0 0 12 12\">\n\t\t\t\t<path fill=\"#fff\" d=\"M2 0a2 2 0 0 0-2 2v2h1.5V2a.5.5 0 0 1 .5-.5h2V0H2Zm2 10.5H2a.5.5 0 0 1-.5-.5V8H0v2a2 2 0 0 0 2 2h2v-1.5ZM8 12v-1.5h2a.5.5 0 0 0 .5-.5V8H12v2a2 2 0 0 1-2 2H8Zm2-12a2 2 0 0 1 2 2v2h-1.5V2a.5.5 0 0 0-.5-.5H8V0h2Z\" \/>\n\t\t\t<\/svg>\n\t\t<\/button><\/figure>\n\n\n\n<figure data-wp-context=\"{&quot;imageId&quot;:&quot;69f5c8f52bad5&quot;}\" data-wp-interactive=\"core\/image\" data-wp-key=\"69f5c8f52bad5\" class=\"wp-block-image size-full wp-lightbox-container\"><img data-dominant-color=\"837b6a\" data-has-transparency=\"false\" style=\"--dominant-color: #837b6a;\" loading=\"lazy\" decoding=\"async\" width=\"2560\" height=\"1707\" data-wp-class--hide=\"state.isContentHidden\" data-wp-class--show=\"state.isContentVisible\" data-wp-init=\"callbacks.setButtonStyles\" data-wp-on--click=\"actions.showLightbox\" data-wp-on--load=\"callbacks.setButtonStyles\" data-wp-on--pointerdown=\"actions.preloadImage\" data-wp-on--pointerenter=\"actions.preloadImageWithDelay\" data-wp-on--pointerleave=\"actions.cancelPreload\" data-wp-on-window--resize=\"callbacks.setButtonStyles\" sizes=\"auto, (max-width: 2560px) 100vw, 2560px\" data-id=\"81436\" src=\"https:\/\/wbp.lublin.pl\/wp-content\/uploads\/2026\/04\/DSC_9859-jpg.webp\" alt=\"Wernisa\u017c wystawy i wiecz\u00f3r poezji Danuty Kurczewicz &#8211; w obiektywie\" class=\"wp-image-81436 not-transparent\" srcset=\"https:\/\/wbp.lublin.pl\/wp-content\/uploads\/2026\/04\/DSC_9859-jpg.webp 2560w, https:\/\/wbp.lublin.pl\/wp-content\/uploads\/2026\/04\/DSC_9859-400x267-1.jpg 400w, https:\/\/wbp.lublin.pl\/wp-content\/uploads\/2026\/04\/DSC_9859-600x400-1.jpg 600w, https:\/\/wbp.lublin.pl\/wp-content\/uploads\/2026\/04\/DSC_9859-768x512-1.jpg 768w, https:\/\/wbp.lublin.pl\/wp-content\/uploads\/2026\/04\/DSC_9859-1620x1080-1.jpg 1620w, https:\/\/wbp.lublin.pl\/wp-content\/uploads\/2026\/04\/DSC_9859-1536x1024-1.jpg 1536w, https:\/\/wbp.lublin.pl\/wp-content\/uploads\/2026\/04\/DSC_9859-2048x1365-1.jpg 2048w, https:\/\/wbp.lublin.pl\/wp-content\/uploads\/2026\/04\/DSC_9859-946x631-1.jpg 946w, https:\/\/wbp.lublin.pl\/wp-content\/uploads\/2026\/04\/DSC_9859-624x416-1.jpg 624w, https:\/\/wbp.lublin.pl\/wp-content\/uploads\/2026\/04\/DSC_9859-84x56-1.jpg 84w\" \/><button\n\t\t\tclass=\"lightbox-trigger\"\n\t\t\ttype=\"button\"\n\t\t\taria-haspopup=\"dialog\"\n\t\t\tdata-wp-bind--aria-label=\"state.thisImage.triggerButtonAriaLabel\"\n\t\t\tdata-wp-init=\"callbacks.initTriggerButton\"\n\t\t\tdata-wp-on--click=\"actions.showLightbox\"\n\t\t\tdata-wp-style--right=\"state.thisImage.buttonRight\"\n\t\t\tdata-wp-style--top=\"state.thisImage.buttonTop\"\n\t\t>\n\t\t\t<svg xmlns=\"http:\/\/www.w3.org\/2000\/svg\" width=\"12\" height=\"12\" fill=\"none\" viewBox=\"0 0 12 12\">\n\t\t\t\t<path fill=\"#fff\" d=\"M2 0a2 2 0 0 0-2 2v2h1.5V2a.5.5 0 0 1 .5-.5h2V0H2Zm2 10.5H2a.5.5 0 0 1-.5-.5V8H0v2a2 2 0 0 0 2 2h2v-1.5ZM8 12v-1.5h2a.5.5 0 0 0 .5-.5V8H12v2a2 2 0 0 1-2 2H8Zm2-12a2 2 0 0 1 2 2v2h-1.5V2a.5.5 0 0 0-.5-.5H8V0h2Z\" \/>\n\t\t\t<\/svg>\n\t\t<\/button><\/figure>\n\n\n\n<figure data-wp-context=\"{&quot;imageId&quot;:&quot;69f5c8f52be30&quot;}\" data-wp-interactive=\"core\/image\" data-wp-key=\"69f5c8f52be30\" class=\"wp-block-image size-full wp-lightbox-container\"><img data-dominant-color=\"8e8c86\" data-has-transparency=\"false\" style=\"--dominant-color: #8e8c86;\" loading=\"lazy\" decoding=\"async\" width=\"2560\" height=\"1707\" data-wp-class--hide=\"state.isContentHidden\" data-wp-class--show=\"state.isContentVisible\" data-wp-init=\"callbacks.setButtonStyles\" data-wp-on--click=\"actions.showLightbox\" data-wp-on--load=\"callbacks.setButtonStyles\" data-wp-on--pointerdown=\"actions.preloadImage\" data-wp-on--pointerenter=\"actions.preloadImageWithDelay\" data-wp-on--pointerleave=\"actions.cancelPreload\" data-wp-on-window--resize=\"callbacks.setButtonStyles\" sizes=\"auto, (max-width: 2560px) 100vw, 2560px\" data-id=\"81437\" src=\"https:\/\/wbp.lublin.pl\/wp-content\/uploads\/2026\/04\/DSC_9862-jpg.webp\" alt=\"Wernisa\u017c wystawy i wiecz\u00f3r poezji Danuty Kurczewicz &#8211; w obiektywie\" class=\"wp-image-81437 not-transparent\" srcset=\"https:\/\/wbp.lublin.pl\/wp-content\/uploads\/2026\/04\/DSC_9862-jpg.webp 2560w, https:\/\/wbp.lublin.pl\/wp-content\/uploads\/2026\/04\/DSC_9862-400x267-1.jpg 400w, https:\/\/wbp.lublin.pl\/wp-content\/uploads\/2026\/04\/DSC_9862-600x400-1.jpg 600w, https:\/\/wbp.lublin.pl\/wp-content\/uploads\/2026\/04\/DSC_9862-768x512-1.jpg 768w, https:\/\/wbp.lublin.pl\/wp-content\/uploads\/2026\/04\/DSC_9862-1620x1080-1.jpg 1620w, https:\/\/wbp.lublin.pl\/wp-content\/uploads\/2026\/04\/DSC_9862-1536x1024-1.jpg 1536w, https:\/\/wbp.lublin.pl\/wp-content\/uploads\/2026\/04\/DSC_9862-2048x1365-1.jpg 2048w, https:\/\/wbp.lublin.pl\/wp-content\/uploads\/2026\/04\/DSC_9862-946x631-1.jpg 946w, https:\/\/wbp.lublin.pl\/wp-content\/uploads\/2026\/04\/DSC_9862-624x416-1.jpg 624w, https:\/\/wbp.lublin.pl\/wp-content\/uploads\/2026\/04\/DSC_9862-84x56-1.jpg 84w\" \/><button\n\t\t\tclass=\"lightbox-trigger\"\n\t\t\ttype=\"button\"\n\t\t\taria-haspopup=\"dialog\"\n\t\t\tdata-wp-bind--aria-label=\"state.thisImage.triggerButtonAriaLabel\"\n\t\t\tdata-wp-init=\"callbacks.initTriggerButton\"\n\t\t\tdata-wp-on--click=\"actions.showLightbox\"\n\t\t\tdata-wp-style--right=\"state.thisImage.buttonRight\"\n\t\t\tdata-wp-style--top=\"state.thisImage.buttonTop\"\n\t\t>\n\t\t\t<svg xmlns=\"http:\/\/www.w3.org\/2000\/svg\" width=\"12\" height=\"12\" fill=\"none\" viewBox=\"0 0 12 12\">\n\t\t\t\t<path fill=\"#fff\" d=\"M2 0a2 2 0 0 0-2 2v2h1.5V2a.5.5 0 0 1 .5-.5h2V0H2Zm2 10.5H2a.5.5 0 0 1-.5-.5V8H0v2a2 2 0 0 0 2 2h2v-1.5ZM8 12v-1.5h2a.5.5 0 0 0 .5-.5V8H12v2a2 2 0 0 1-2 2H8Zm2-12a2 2 0 0 1 2 2v2h-1.5V2a.5.5 0 0 0-.5-.5H8V0h2Z\" \/>\n\t\t\t<\/svg>\n\t\t<\/button><\/figure>\n<\/figure>\n\n\n\n<p class=\"has-text-align-center wp-block-paragraph\"><strong>Fot. M. Koz\u0142owski <\/strong><\/p>\n\n\n\n<p class=\"has-text-align-right wp-block-paragraph\"><em>Dzia\u0142 Informacji i Promocji <\/em><\/p>\n\n\n\n<p class=\"wp-block-paragraph\"><\/p>\n","protected":false},"excerpt":{"rendered":"","protected":false},"author":20,"featured_media":81410,"comment_status":"closed","ping_status":"closed","sticky":false,"template":"","format":"standard","meta":{"_tec_requires_first_save":true,"_crdt_document":"{\"document\":\"AAAH07LgjAy7A4QCCIYCpKECASWWAQIBAgoASgASAQIKAkJKALAEAQIKAkJKAKwEAQIKAQlKJAIBAgoBBEoAHAECCgEESgAcAQIKAQRKABwBAgoBBEoAHAECCgEESgAcAQIKAQRKABwBAgoBBEoAHAECCgEESgAcAQIKAQRKABwBAgoBBEoAHAECCgEESgAcAQIKAQRKABwBAgoBBEoAHAECCgEESgAcAQIKAQRKABwBAgoBBEoAHAECCgEESgAcAQIKAQAGRgEBSgCKAwECCgEESgAcAQIKAQRKABwBAgoBBEoAHAECCgEESgAcAQIKAQRK\/AyYDQECCgJCAEoAmgEBAgoCQgBKAJ4BAQIKAEoAqwMoAycABAAnAAQAJwAoBicAKCknAAcAKAMnACgBJwCHACgDJwEEACgAJwCHACgDJwEEACgAJwCHACgDJwAoAycAKAYnAAcAKAMnACgBJwAoAycAhwAoAycAKAEnACgDJwCHACgDJwAoAScAKAMnAIcAKAMnACgBJwAoAycAhwAoAycAKAEnACgDJwCHACgDJwAoAScAKAMnAIcAKAMnACgBJwAoAycAhwAoAycAKAEnACgDJwCHACgDJwAoAScAKAMnAIcAKAMnACgBJwAoAycAhwAoAycAKAEnACgDJwCHACgDJwAoAScAKAMnAIcAKAMnACgBJwAoAycAhwAoAycAKAEnACgDJwCHACgDJwAoAScAKAMnAIcAKAMnACgBJwAoAycAhwAoAycAKAEnACgDJwCHACgDJwAoAScABAAoAycAhwAoAycAKAEnACgDJwCHACgDJwAoAScAKAMnAIcAKAMnACgBJwAoAycAhwAoAycAKAEnACgDJwCHACgDJwAoAScAKAMnAIcAKAMnAQQAKAEnAIcAKAMnAQQAKAEnAIcAKAMnASgAJwAo7G6ga3N0YXRldmVyc2lvbmRvY3VtZW50ZGF0ZWRvY3VtZW50c2x1Z2RvY3VtZW50c3RhdHVzZG9jdW1lbnR0aXRsZVdlcm5pc2HFvCB3eXN0YXd5IGkgd2llY3rDs3IgcG9lemppIERhbnV0eSBLdXJjemV3aWN6IC0gdyBvYmlla3R5d2llZG9jdW1lbnRjb250ZW50PCEtLSB3cDptb3JlIC0tPgo8IS0tbW9yZS0tPgo8IS0tIC93cDptb3JlIC0tPgoKPCEtLSB3cDpwYXJhZ3JhcGggLS0+CjxwPjkga3dpZXRuaWEgMjAyNiByLiB3IEdhbGVyaWkgQmlibGlvdGVraSBvZGJ5xYIgc2nEmSB3ZXJuaXNhxbwgd3lzdGF3eSBpIHdpZWN6w7NyIHBvZXpqaSA8c3Ryb25nPiJHxYLEmWJpYSBrb2xvcnUgaSBzxYJvd2EgRGFudXR5IEt1cmN6ZXdpY3oiPC9zdHJvbmc+LjwvcD4KPCEtLSAvd3A6cGFyYWdyYXBoIC0tPgoKPCEtLSB3cDpwYXJhZ3JhcGggLS0+CjxwPlBvZGN6YXMgd2VybmlzYcW8dSBvZGJ5xYIgc2nEmSB0YWvFvGUga29uY2VydCBwaW9zZW5raSBwb2V0eWNraWVqIHcgd3lrb25hbml1IDxzdHJvbmc+QW5ueSBNaXR1cnkgPC9zdHJvbmc+aSA8c3Ryb25nPk1pY2hhxYJhIFBhc3R1c3pha2E8L3N0cm9uZz4uPC9wPgo8IS0tIC93cDpwYXJhZ3JhcGggLS0+Cgo8IS0tIHdwOmdhbGxlcnkgeyJsaW5rVG8iOiJsaWdodGJveCJ9IC0tPgo8ZmlndXJlIGNsYXNzPSJ3cC1ibG9jay1nYWxsZXJ5IGhhcy1uZXN0ZWQtaW1hZ2VzIGNvbHVtbnMtZGVmYXVsdCBpcy1jcm9wcGVkIj48IS0tIHdwOmltYWdlIHsibGlnaHRib3giOnsiZW5hYmxlZCI6dHJ1ZX0sImlkIjo4MTQwOCwic2l6ZVNsdWciOiJmdWxsIiwibGlua0Rlc3RpbmF0aW9uIjoibm9uZSJ9IC0tPgo8ZmlndXJlIGNsYXNzPSJ3cC1ibG9jay1pbWFnZSBzaXplLWZ1bGwiPjxpbWcgc3JjPSJodHRwczovL3dicC5sdWJsaW4ucGwvd3AtY29udGVudC91cGxvYWRzLzIwMjYvMDQvRFNDXzk3NDItanBnLndlYnAiIGFsdD0iV2VybmlzYcW8IHd5c3Rhd3kgaSB3aWVjesOzciBwb2V6amkgRGFudXR5IEt1cmN6ZXdpY3ogJiM4MjExOyB3IG9iaWVrdHl3aWUiIGNsYXNzPSJ3cC1pbWFnZS04MTQwOCIvPjwvZmlndXJlPgo8IS0tIC93cDppbWFnZSAtLT4KCjwhLS0gd3A6aW1hZ2UgeyJsaWdodGJveCI6eyJlbmFibGVkIjp0cnVlfSwiaWQiOjgxNDEwLCJzaXplU2x1ZyI6ImZ1bGwiLCJsaW5rRGVzdGluYXRpb24iOiJub25lIn0gLS0+CjxmaWd1cmUgY2xhc3M9IndwLWJsb2NrLWltYWdlIHNpemUtZnVsbCI+PGltZyBzcmM9Imh0dHBzOi8vd2JwLmx1Ymxpbi5wbC93cC1jb250ZW50L3VwbG9hZHMvMjAyNi8wNC9EU0NfOTc1My1qcGcud2VicCIgYWx0PSJXZXJuaXNhxbwgd3lzdGF3eSBpIHdpZWN6w7NyIHBvZXpqaSBEYW51dHkgS3VyY3pld2ljeiAmIzgyMTE7IHcgb2JpZWt0eXdpZSIgY2xhc3M9IndwLWltYWdlLTgxNDEwIi8+PC9maWd1cmU+CjwhLS0gL3dwOmltYWdlIC0tPgoKPCEtLSB3cDppbWFnZSB7ImxpZ2h0Ym94Ijp7ImVuYWJsZWQiOnRydWV9LCJpZCI6ODE0MTksInNpemVTbHVnIjoiZnVsbCIsImxpbmtEZXN0aW5hdGlvbiI6Im5vbmUifSAtLT4KPGZpZ3VyZSBjbGFzcz0id3AtYmxvY2staW1hZ2Ugc2l6ZS1mdWxsIj48aW1nIHNyYz0iaHR0cHM6Ly93YnAubHVibGluLnBsL3dwLWNvbnRlbnQvdXBsb2Fkcy8yMDI2LzA0L0RTQ185NzkzLWpwZy53ZWJwIiBhbHQ9Ildlcm5pc2HFvCB3eXN0YXd5IGkgd2llY3rDs3IgcG9lemppIERhbnV0eSBLdXJjemV3aWN6ICYjODIxMTsgdyBvYmlla3R5d2llIiBjbGFzcz0id3AtaW1hZ2UtODE0MTkiLz48L2ZpZ3VyZT4KPCEtLSAvd3A6aW1hZ2UgLS0+Cgo8IS0tIHdwOmltYWdlIHsibGlnaHRib3giOnsiZW5hYmxlZCI6dHJ1ZX0sImlkIjo4MTQxMywic2l6ZVNsdWciOiJmdWxsIiwibGlua0Rlc3RpbmF0aW9uIjoibm9uZSJ9IC0tPgo8ZmlndXJlIGNsYXNzPSJ3cC1ibG9jay1pbWFnZSBzaXplLWZ1bGwiPjxpbWcgc3JjPSJodHRwczovL3dicC5sdWJsaW4ucGwvd3AtY29udGVudC91cGxvYWRzLzIwMjYvMDQvRFNDXzk3NjctanBnLndlYnAiIGFsdD0iV2VybmlzYcW8IHd5c3Rhd3kgaSB3aWVjesOzciBwb2V6amkgRGFudXR5IEt1cmN6ZXdpY3ogJiM4MjExOyB3IG9iaWVrdHl3aWUiIGNsYXNzPSJ3cC1pbWFnZS04MTQxMyIvPjwvZmlndXJlPgo8IS0tIC93cDppbWFnZSAtLT4KCjwhLS0gd3A6aW1hZ2UgeyJsaWdodGJveCI6eyJlbmFibGVkIjp0cnVlfSwiaWQiOjgxNDE0LCJzaXplU2x1ZyI6ImZ1bGwiLCJsaW5rRGVzdGluYXRpb24iOiJub25lIn0gLS0+CjxmaWd1cmUgY2xhc3M9IndwLWJsb2NrLWltYWdlIHNpemUtZnVsbCI+PGltZyBzcmM9Imh0dHBzOi8vd2JwLmx1Ymxpbi5wbC93cC1jb250ZW50L3VwbG9hZHMvMjAyNi8wNC9EU0NfOTc3MS1qcGcud2VicCIgYWx0PSJXZXJuaXNhxbwgd3lzdGF3eSBpIHdpZWN6w7NyIHBvZXpqaSBEYW51dHkgS3VyY3pld2ljeiAmIzgyMTE7IHcgb2JpZWt0eXdpZSIgY2xhc3M9IndwLWltYWdlLTgxNDE0Ii8+PC9maWd1cmU+CjwhLS0gL3dwOmltYWdlIC0tPgoKPCEtLSB3cDppbWFnZSB7ImxpZ2h0Ym94Ijp7ImVuYWJsZWQiOnRydWV9LCJpZCI6ODE0MTUsInNpemVTbHVnIjoiZnVsbCIsImxpbmtEZXN0aW5hdGlvbiI6Im5vbmUifSAtLT4KPGZpZ3VyZSBjbGFzcz0id3AtYmxvY2staW1hZ2Ugc2l6ZS1mdWxsIj48aW1nIHNyYz0iaHR0cHM6Ly93YnAubHVibGluLnBsL3dwLWNvbnRlbnQvdXBsb2Fkcy8yMDI2LzA0L0RTQ185Nzc0LWpwZy53ZWJwIiBhbHQ9Ildlcm5pc2HFvCB3eXN0YXd5IGkgd2llY3rDs3IgcG9lemppIERhbnV0eSBLdXJjemV3aWN6ICYjODIxMTsgdyBvYmlla3R5d2llIiBjbGFzcz0id3AtaW1hZ2UtODE0MTUiLz48L2ZpZ3VyZT4KPCEtLSAvd3A6aW1hZ2UgLS0+Cgo8IS0tIHdwOmltYWdlIHsibGlnaHRib3giOnsiZW5hYmxlZCI6dHJ1ZX0sImlkIjo4MTQxOCwic2l6ZVNsdWciOiJmdWxsIiwibGlua0Rlc3RpbmF0aW9uIjoibm9uZSJ9IC0tPgo8ZmlndXJlIGNsYXNzPSJ3cC1ibG9jay1pbWFnZSBzaXplLWZ1bGwiPjxpbWcgc3JjPSJodHRwczovL3dicC5sdWJsaW4ucGwvd3AtY29udGVudC91cGxvYWRzLzIwMjYvMDQvRFNDXzk3ODctanBnLndlYnAiIGFsdD0iV2VybmlzYcW8IHd5c3Rhd3kgaSB3aWVjesOzciBwb2V6amkgRGFudXR5IEt1cmN6ZXdpY3ogJiM4MjExOyB3IG9iaWVrdHl3aWUiIGNsYXNzPSJ3cC1pbWFnZS04MTQxOCIvPjwvZmlndXJlPgo8IS0tIC93cDppbWFnZSAtLT4KCjwhLS0gd3A6aW1hZ2UgeyJsaWdodGJveCI6eyJlbmFibGVkIjp0cnVlfSwiaWQiOjgxNDIxLCJzaXplU2x1ZyI6ImZ1bGwiLCJsaW5rRGVzdGluYXRpb24iOiJub25lIn0gLS0+CjxmaWd1cmUgY2xhc3M9IndwLWJsb2NrLWltYWdlIHNpemUtZnVsbCI+PGltZyBzcmM9Imh0dHBzOi8vd2JwLmx1Ymxpbi5wbC93cC1jb250ZW50L3VwbG9hZHMvMjAyNi8wNC9EU0NfOTgwNC1qcGcud2VicCIgYWx0PSJXZXJuaXNhxbwgd3lzdGF3eSBpIHdpZWN6w7NyIHBvZXpqaSBEYW51dHkgS3VyY3pld2ljeiAmIzgyMTE7IHcgb2JpZWt0eXdpZSIgY2xhc3M9IndwLWltYWdlLTgxNDIxIi8+PC9maWd1cmU+CjwhLS0gL3dwOmltYWdlIC0tPgoKPCEtLSB3cDppbWFnZSB7ImxpZ2h0Ym94Ijp7ImVuYWJsZWQiOnRydWV9LCJpZCI6ODE0MjAsInNpemVTbHVnIjoiZnVsbCIsImxpbmtEZXN0aW5hdGlvbiI6Im5vbmUifSAtLT4KPGZpZ3VyZSBjbGFzcz0id3AtYmxvY2staW1hZ2Ugc2l6ZS1mdWxsIj48aW1nIHNyYz0iaHR0cHM6Ly93YnAubHVibGluLnBsL3dwLWNvbnRlbnQvdXBsb2Fkcy8yMDI2LzA0L0RTQ185Nzk3LWpwZy53ZWJwIiBhbHQ9Ildlcm5pc2HFvCB3eXN0YXd5IGkgd2llY3rDs3IgcG9lemppIERhbnV0eSBLdXJjemV3aWN6ICYjODIxMTsgdyBvYmlla3R5d2llIiBjbGFzcz0id3AtaW1hZ2UtODE0MjAiLz48L2ZpZ3VyZT4KPCEtLSAvd3A6aW1hZ2UgLS0+Cgo8IS0tIHdwOmltYWdlIHsibGlnaHRib3giOnsiZW5hYmxlZCI6dHJ1ZX0sImlkIjo4MTQyMiwic2l6ZVNsdWciOiJmdWxsIiwibGlua0Rlc3RpbmF0aW9uIjoibm9uZSJ9IC0tPgo8ZmlndXJlIGNsYXNzPSJ3cC1ibG9jay1pbWFnZSBzaXplLWZ1bGwiPjxpbWcgc3JjPSJodHRwczovL3dicC5sdWJsaW4ucGwvd3AtY29udGVudC91cGxvYWRzLzIwMjYvMDQvRFNDXzk4MDctanBnLndlYnAiIGFsdD0iV2VybmlzYcW8IHd5c3Rhd3kgaSB3aWVjesOzciBwb2V6amkgRGFudXR5IEt1cmN6ZXdpY3ogJiM4MjExOyB3IG9iaWVrdHl3aWUiIGNsYXNzPSJ3cC1pbWFnZS04MTQyMiIvPjwvZmlndXJlPgo8IS0tIC93cDppbWFnZSAtLT4KCjwhLS0gd3A6aW1hZ2UgeyJsaWdodGJveCI6eyJlbmFibGVkIjp0cnVlfSwiaWQiOjgxNDIzLCJzaXplU2x1ZyI6ImZ1bGwiLCJsaW5rRGVzdGluYXRpb24iOiJub25lIn0gLS0+CjxmaWd1cmUgY2xhc3M9IndwLWJsb2NrLWltYWdlIHNpemUtZnVsbCI+PGltZyBzcmM9Imh0dHBzOi8vd2JwLmx1Ymxpbi5wbC93cC1jb250ZW50L3VwbG9hZHMvMjAyNi8wNC9EU0NfOTgwOC1qcGcud2VicCIgYWx0PSJXZXJuaXNhxbwgd3lzdGF3eSBpIHdpZWN6w7NyIHBvZXpqaSBEYW51dHkgS3VyY3pld2ljeiAmIzgyMTE7IHcgb2JpZWt0eXdpZSIgY2xhc3M9IndwLWltYWdlLTgxNDIzIi8+PC9maWd1cmU+CjwhLS0gL3dwOmltYWdlIC0tPgoKPCEtLSB3cDppbWFnZSB7ImxpZ2h0Ym94Ijp7ImVuYWJsZWQiOnRydWV9LCJpZCI6ODE0MjYsInNpemVTbHVnIjoiZnVsbCIsImxpbmtEZXN0aW5hdGlvbiI6Im5vbmUifSAtLT4KPGZpZ3VyZSBjbGFzcz0id3AtYmxvY2staW1hZ2Ugc2l6ZS1mdWxsIj48aW1nIHNyYz0iaHR0cHM6Ly93YnAubHVibGluLnBsL3dwLWNvbnRlbnQvdXBsb2Fkcy8yMDI2LzA0L0RTQ185ODE2LWpwZy53ZWJwIiBhbHQ9Ildlcm5pc2HFvCB3eXN0YXd5IGkgd2llY3rDs3IgcG9lemppIERhbnV0eSBLdXJjemV3aWN6ICYjODIxMTsgdyBvYmlla3R5d2llIiBjbGFzcz0id3AtaW1hZ2UtODE0MjYiLz48L2ZpZ3VyZT4KPCEtLSAvd3A6aW1hZ2UgLS0+Cgo8IS0tIHdwOmltYWdlIHsibGlnaHRib3giOnsiZW5hYmxlZCI6dHJ1ZX0sImlkIjo4MTQyNSwic2l6ZVNsdWciOiJmdWxsIiwibGlua0Rlc3RpbmF0aW9uIjoibm9uZSJ9IC0tPgo8ZmlndXJlIGNsYXNzPSJ3cC1ibG9jay1pbWFnZSBzaXplLWZ1bGwiPjxpbWcgc3JjPSJodHRwczovL3dicC5sdWJsaW4ucGwvd3AtY29udGVudC91cGxvYWRzLzIwMjYvMDQvRFNDXzk4MTUtanBnLndlYnAiIGFsdD0iV2VybmlzYcW8IHd5c3Rhd3kgaSB3aWVjesOzciBwb2V6amkgRGFudXR5IEt1cmN6ZXdpY3ogJiM4MjExOyB3IG9iaWVrdHl3aWUiIGNsYXNzPSJ3cC1pbWFnZS04MTQyNSIvPjwvZmlndXJlPgo8IS0tIC93cDppbWFnZSAtLT4KCjwhLS0gd3A6aW1hZ2UgeyJsaWdodGJveCI6eyJlbmFibGVkIjp0cnVlfSwiaWQiOjgxNDI3LCJzaXplU2x1ZyI6ImZ1bGwiLCJsaW5rRGVzdGluYXRpb24iOiJub25lIn0gLS0+CjxmaWd1cmUgY2xhc3M9IndwLWJsb2NrLWltYWdlIHNpemUtZnVsbCI+PGltZyBzcmM9Imh0dHBzOi8vd2JwLmx1Ymxpbi5wbC93cC1jb250ZW50L3VwbG9hZHMvMjAyNi8wNC9EU0NfOTgyMC1qcGcud2VicCIgYWx0PSJXZXJuaXNhxbwgd3lzdGF3eSBpIHdpZWN6w7NyIHBvZXpqaSBEYW51dHkgS3VyY3pld2ljeiAmIzgyMTE7IHcgb2JpZWt0eXdpZSIgY2xhc3M9IndwLWltYWdlLTgxNDI3Ii8+PC9maWd1cmU+CjwhLS0gL3dwOmltYWdlIC0tPgoKPCEtLSB3cDppbWFnZSB7ImxpZ2h0Ym94Ijp7ImVuYWJsZWQiOnRydWV9LCJpZCI6ODE0MjgsInNpemVTbHVnIjoiZnVsbCIsImxpbmtEZXN0aW5hdGlvbiI6Im5vbmUifSAtLT4KPGZpZ3VyZSBjbGFzcz0id3AtYmxvY2staW1hZ2Ugc2l6ZS1mdWxsIj48aW1nIHNyYz0iaHR0cHM6Ly93YnAubHVibGluLnBsL3dwLWNvbnRlbnQvdXBsb2Fkcy8yMDI2LzA0L0RTQ185ODIyLWpwZy53ZWJwIiBhbHQ9Ildlcm5pc2HFvCB3eXN0YXd5IGkgd2llY3rDs3IgcG9lemppIERhbnV0eSBLdXJjemV3aWN6ICYjODIxMTsgdyBvYmlla3R5d2llIiBjbGFzcz0id3AtaW1hZ2UtODE0MjgiLz48L2ZpZ3VyZT4KPCEtLSAvd3A6aW1hZ2UgLS0+Cgo8IS0tIHdwOmltYWdlIHsibGlnaHRib3giOnsiZW5hYmxlZCI6dHJ1ZX0sImlkIjo4MTQyOSwic2l6ZVNsdWciOiJmdWxsIiwibGlua0Rlc3RpbmF0aW9uIjoibm9uZSJ9IC0tPgo8ZmlndXJlIGNsYXNzPSJ3cC1ibG9jay1pbWFnZSBzaXplLWZ1bGwiPjxpbWcgc3JjPSJodHRwczovL3dicC5sdWJsaW4ucGwvd3AtY29udGVudC91cGxvYWRzLzIwMjYvMDQvRFNDXzk4MjUtanBnLndlYnAiIGFsdD0iV2VybmlzYcW8IHd5c3Rhd3kgaSB3aWVjesOzciBwb2V6amkgRGFudXR5IEt1cmN6ZXdpY3ogJiM4MjExOyB3IG9iaWVrdHl3aWUiIGNsYXNzPSJ3cC1pbWFnZS04MTQyOSIvPjwvZmlndXJlPgo8IS0tIC93cDppbWFnZSAtLT4KCjwhLS0gd3A6aW1hZ2UgeyJsaWdodGJveCI6eyJlbmFibGVkIjp0cnVlfSwiaWQiOjgxNDMxLCJzaXplU2x1ZyI6ImZ1bGwiLCJsaW5rRGVzdGluYXRpb24iOiJub25lIn0gLS0+CjxmaWd1cmUgY2xhc3M9IndwLWJsb2NrLWltYWdlIHNpemUtZnVsbCI+PGltZyBzcmM9Imh0dHBzOi8vd2JwLmx1Ymxpbi5wbC93cC1jb250ZW50L3VwbG9hZHMvMjAyNi8wNC9EU0NfOTgyNi1qcGcud2VicCIgYWx0PSJXZXJuaXNhxbwgd3lzdGF3eSBpIHdpZWN6w7NyIHBvZXpqaSBEYW51dHkgS3VyY3pld2ljeiAmIzgyMTE7IHcgb2JpZWt0eXdpZSIgY2xhc3M9IndwLWltYWdlLTgxNDMxIi8+PC9maWd1cmU+CjwhLS0gL3dwOmltYWdlIC0tPgoKPCEtLSB3cDppbWFnZSB7ImxpZ2h0Ym94Ijp7ImVuYWJsZWQiOnRydWV9LCJpZCI6ODE0MzAsInNpemVTbHVnIjoiZnVsbCIsImxpbmtEZXN0aW5hdGlvbiI6Im5vbmUifSAtLT4KPGZpZ3VyZSBjbGFzcz0id3AtYmxvY2staW1hZ2Ugc2l6ZS1mdWxsIj48aW1nIHNyYz0iaHR0cHM6Ly93YnAubHVibGluLnBsL3dwLWNvbnRlbnQvdXBsb2Fkcy8yMDI2LzA0L0RTQ185ODI3LWpwZy53ZWJwIiBhbHQ9Ildlcm5pc2HFvCB3eXN0YXd5IGkgd2llY3rDs3IgcG9lemppIERhbnV0eSBLdXJjemV3aWN6ICYjODIxMTsgdyBvYmlla3R5d2llIiBjbGFzcz0id3AtaW1hZ2UtODE0MzAiLz48ZmlnY2FwdGlvbiBjbGFzcz0id3AtZWxlbWVudC1jYXB0aW9uIj5EciBHcnplZ29yeiBGaWdpZWwgLSBaYXN0xJlwY2EgRHlyZWt0b3JhIFdCUCBkcy4gbWVyeXRvcnljem55Y2ggcG9kemnEmWtvd2HFgiB6YSBzcG90a2FuaWU8L2ZpZ2NhcHRpb24+PC9maWd1cmU+CjwhLS0gL3dwOmltYWdlIC0tPgoKPCEtLSB3cDppbWFnZSB7ImxpZ2h0Ym94Ijp7ImVuYWJsZWQiOnRydWV9LCJpZCI6ODE0MzMsInNpemVTbHVnIjoiZnVsbCIsImxpbmtEZXN0aW5hdGlvbiI6Im5vbmUifSAtLT4KPGZpZ3VyZSBjbGFzcz0id3AtYmxvY2staW1hZ2Ugc2l6ZS1mdWxsIj48aW1nIHNyYz0iaHR0cHM6Ly93YnAubHVibGluLnBsL3dwLWNvbnRlbnQvdXBsb2Fkcy8yMDI2LzA0L0RTQ185ODQzLWpwZy53ZWJwIiBhbHQ9Ildlcm5pc2HFvCB3eXN0YXd5IGkgd2llY3rDs3IgcG9lemppIERhbnV0eSBLdXJjemV3aWN6ICYjODIxMTsgdyBvYmlla3R5d2llIiBjbGFzcz0id3AtaW1hZ2UtODE0MzMiLz48L2ZpZ3VyZT4KPCEtLSAvd3A6aW1hZ2UgLS0+Cgo8IS0tIHdwOmltYWdlIHsibGlnaHRib3giOnsiZW5hYmxlZCI6dHJ1ZX0sImlkIjo4MTQzNCwic2l6ZVNsdWciOiJmdWxsIiwibGlua0Rlc3RpbmF0aW9uIjoibm9uZSJ9IC0tPgo8ZmlndXJlIGNsYXNzPSJ3cC1ibG9jay1pbWFnZSBzaXplLWZ1bGwiPjxpbWcgc3JjPSJodHRwczovL3dicC5sdWJsaW4ucGwvd3AtY29udGVudC91cGxvYWRzLzIwMjYvMDQvRFNDXzk4NDYtanBnLndlYnAiIGFsdD0iV2VybmlzYcW8IHd5c3Rhd3kgaSB3aWVjesOzciBwb2V6amkgRGFudXR5IEt1cmN6ZXdpY3ogJiM4MjExOyB3IG9iaWVrdHl3aWUiIGNsYXNzPSJ3cC1pbWFnZS04MTQzNCIvPjwvZmlndXJlPgo8IS0tIC93cDppbWFnZSAtLT4KCjwhLS0gd3A6aW1hZ2UgeyJsaWdodGJveCI6eyJlbmFibGVkIjp0cnVlfSwiaWQiOjgxNDM1LCJzaXplU2x1ZyI6ImZ1bGwiLCJsaW5rRGVzdGluYXRpb24iOiJub25lIn0gLS0+CjxmaWd1cmUgY2xhc3M9IndwLWJsb2NrLWltYWdlIHNpemUtZnVsbCI+PGltZyBzcmM9Imh0dHBzOi8vd2JwLmx1Ymxpbi5wbC93cC1jb250ZW50L3VwbG9hZHMvMjAyNi8wNC9EU0NfOTg1My1qcGcud2VicCIgYWx0PSJXZXJuaXNhxbwgd3lzdGF3eSBpIHdpZWN6w7NyIHBvZXpqaSBEYW51dHkgS3VyY3pld2ljeiAmIzgyMTE7IHcgb2JpZWt0eXdpZSIgY2xhc3M9IndwLWltYWdlLTgxNDM1Ii8+PC9maWd1cmU+CjwhLS0gL3dwOmltYWdlIC0tPgoKPCEtLSB3cDppbWFnZSB7ImxpZ2h0Ym94Ijp7ImVuYWJsZWQiOnRydWV9LCJpZCI6ODE0MzYsInNpemVTbHVnIjoiZnVsbCIsImxpbmtEZXN0aW5hdGlvbiI6Im5vbmUifSAtLT4KPGZpZ3VyZSBjbGFzcz0id3AtYmxvY2staW1hZ2Ugc2l6ZS1mdWxsIj48aW1nIHNyYz0iaHR0cHM6Ly93YnAubHVibGluLnBsL3dwLWNvbnRlbnQvdXBsb2Fkcy8yMDI2LzA0L0RTQ185ODU5LWpwZy53ZWJwIiBhbHQ9Ildlcm5pc2HFvCB3eXN0YXd5IGkgd2llY3rDs3IgcG9lemppIERhbnV0eSBLdXJjemV3aWN6ICYjODIxMTsgdyBvYmlla3R5d2llIiBjbGFzcz0id3AtaW1hZ2UtODE0MzYiLz48L2ZpZ3VyZT4KPCEtLSAvd3A6aW1hZ2UgLS0+Cgo8IS0tIHdwOmltYWdlIHsibGlnaHRib3giOnsiZW5hYmxlZCI6dHJ1ZX0sImlkIjo4MTQzNywic2l6ZVNsdWciOiJmdWxsIiwibGlua0Rlc3RpbmF0aW9uIjoibm9uZSJ9IC0tPgo8ZmlndXJlIGNsYXNzPSJ3cC1ibG9jay1pbWFnZSBzaXplLWZ1bGwiPjxpbWcgc3JjPSJodHRwczovL3dicC5sdWJsaW4ucGwvd3AtY29udGVudC91cGxvYWRzLzIwMjYvMDQvRFNDXzk4NjItanBnLndlYnAiIGFsdD0iV2VybmlzYcW8IHd5c3Rhd3kgaSB3aWVjesOzciBwb2V6amkgRGFudXR5IEt1cmN6ZXdpY3ogJiM4MjExOyB3IG9iaWVrdHl3aWUiIGNsYXNzPSJ3cC1pbWFnZS04MTQzNyIvPjwvZmlndXJlPgo8IS0tIC93cDppbWFnZSAtLT48L2ZpZ3VyZT4KPCEtLSAvd3A6Z2FsbGVyeSAtLT4KCjwhLS0gd3A6cGFyYWdyYXBoIHsic3R5bGUiOnsidHlwb2dyYXBoeSI6eyJ0ZXh0QWxpZ24iOiJjZW50ZXIifX19IC0tPgo8cCBjbGFzcz0iaGFzLXRleHQtYWxpZ24tY2VudGVyIj48c3Ryb25nPkZvdC4gTS4gS296xYJvd3NraSA8L3N0cm9uZz48L3A+CjwhLS0gL3dwOnBhcmFncmFwaCAtLT4KCjwhLS0gd3A6cGFyYWdyYXBoIHsic3R5bGUiOnsidHlwb2dyYXBoeSI6eyJ0ZXh0QWxpZ24iOiJyaWdodCJ9fX0gLS0+CjxwIGNsYXNzPSJoYXMtdGV4dC1hbGlnbi1yaWdodCI+PGVtPkR6aWHFgiBJbmZvcm1hY2ppIGkgUHJvbW9jamkgPC9lbT48L3A+CjwhLS0gL3dwOnBhcmFncmFwaCAtLT4KCjwhLS0gd3A6cGFyYWdyYXBoIC0tPgo8cD48L3A+CjwhLS0gL3dwOnBhcmFncmFwaCAtLT5kb2N1bWVudGV4Y2VycHRkb2N1bWVudGF1dGhvcmRvY3VtZW50ZmVhdHVyZWRfbWVkaWFkb2N1bWVudGNvbW1lbnRfc3RhdHVzZG9jdW1lbnRwaW5nX3N0YXR1c2RvY3VtZW50c3RpY2t5ZG9jdW1lbnR0ZW1wbGF0ZWRvY3VtZW50Zm9ybWF0ZG9jdW1lbnRtZXRhX3RlY19yZXF1aXJlc19maXJzdF9zYXZlcGdjX3NnYl9saWdodGJveF9zZXR0aW5nc19FdmVudEFsbERheV9FdmVudFRpbWV6b25lX0V2ZW50U3RhcnREYXRlX0V2ZW50RW5kRGF0ZV9FdmVudFN0YXJ0RGF0ZVVUQ19FdmVudEVuZERhdGVVVENfRXZlbnRTaG93TWFwX0V2ZW50U2hvd01hcExpbmtfRXZlbnRVUkxfRXZlbnRDb3N0X0V2ZW50Q29zdERlc2NyaXB0aW9uX0V2ZW50Q3VycmVuY3lTeW1ib2xfRXZlbnRDdXJyZW5jeUNvZGVfRXZlbnRDdXJyZW5jeVBvc2l0aW9uX0V2ZW50RGF0ZVRpbWVTZXBhcmF0b3JfRXZlbnRUaW1lUmFuZ2VTZXBhcmF0b3JfRXZlbnRPcmdhbml6ZXJJRF9FdmVudFZlbnVlSURfT3JnYW5pemVyRW1haWxfT3JnYW5pemVyUGhvbmVfT3JnYW5pemVyV2Vic2l0ZV9WZW51ZUFkZHJlc3NfVmVudWVDaXR5X1ZlbnVlQ291bnRyeV9WZW51ZVByb3ZpbmNlX1ZlbnVlU3RhdGVfVmVudWVaaXBfVmVudWVQaG9uZV9WZW51ZVVSTF9WZW51ZVN0YXRlUHJvdmluY2VfVmVudWVMYXRfVmVudWVMbmdfVmVudWVTaG93TWFwX1ZlbnVlU2hvd01hcExpbmtfdHJpYmVfYmxvY2tzX3JlY3VycmVuY2VfcnVsZXNfdHJpYmVfYmxvY2tzX3JlY3VycmVuY2VfZGVzY3JpcHRpb25fdHJpYmVfYmxvY2tzX3JlY3VycmVuY2VfZXhjbHVzaW9uc2Zvb3Rub3Rlc2RvY3VtZW50Y2F0ZWdvcmllc2RvY3VtZW50dGFnc2RvY3VtZW50YmxvY2tzY2xpZW50SWRpc1ZhbGlkb3JpZ2luYWxDb250ZW50bmFtZWF0dHJpYnV0ZXNjdXN0b21UZXh0bm9UZWFzZXJpbm5lckJsb2Nrc2NsaWVudElkaXNWYWxpZG9yaWdpbmFsQ29udGVudG5hbWVhdHRyaWJ1dGVzY29udGVudDkga3dpZXRuaWEgMjAyNiByLiB3IEdhbGVyaWkgQmlibGlvdGVraSBvZGJ5xYIgc2nEmSB3ZXJuaXNhxbwgd3lzdGF3eSBpIHdpZWN6w7NyIHBvZXpqaSA8c3Ryb25nPiJHxYLEmWJpYSBrb2xvcnUgaSBzxYJvd2EgRGFudXR5IEt1cmN6ZXdpY3oiPC9zdHJvbmc+LmRyb3BDYXBpbm5lckJsb2Nrc2NsaWVudElkaXNWYWxpZG9yaWdpbmFsQ29udGVudG5hbWVhdHRyaWJ1dGVzY29udGVudFBvZGN6YXMgd2VybmlzYcW8dSBvZGJ5xYIgc2nEmSB0YWvFvGUga29uY2VydCBwaW9zZW5raSBwb2V0eWNraWVqIHcgd3lrb25hbml1IDxzdHJvbmc+QW5ueSBNaXR1cnkgPC9zdHJvbmc+aSA8c3Ryb25nPk1pY2hhxYJhIFBhc3R1c3pha2E8L3N0cm9uZz4uZHJvcENhcGlubmVyQmxvY2tzY2xpZW50SWRpc1ZhbGlkb3JpZ2luYWxDb250ZW50bmFtZWF0dHJpYnV0ZXNpbWFnZXNpZHNuYXZpZ2F0aW9uQnV0dG9uVHlwZXNob3J0Q29kZVRyYW5zZm9ybXNjYXB0aW9uaW1hZ2VDcm9wcmFuZG9tT3JkZXJmaXhlZEhlaWdodGxpbmtUb3NpemVTbHVnYWxsb3dSZXNpemVhc3BlY3RSYXRpb2lubmVyQmxvY2tzY2xpZW50SWRpc1ZhbGlkb3JpZ2luYWxDb250ZW50bmFtZWF0dHJpYnV0ZXN1cmxhbHRjYXB0aW9ubGlnaHRib3hpZHNpemVTbHVnbGlua0Rlc3RpbmF0aW9uaW5uZXJCbG9ja3NjbGllbnRJZGlzVmFsaWRvcmlnaW5hbENvbnRlbnRuYW1lYXR0cmlidXRlc3VybGFsdGNhcHRpb25saWdodGJveGlkc2l6ZVNsdWdsaW5rRGVzdGluYXRpb25pbm5lckJsb2Nrc2NsaWVudElkaXNWYWxpZG9yaWdpbmFsQ29udGVudG5hbWVhdHRyaWJ1dGVzdXJsYWx0Y2FwdGlvbmxpZ2h0Ym94aWRzaXplU2x1Z2xpbmtEZXN0aW5hdGlvbmlubmVyQmxvY2tzY2xpZW50SWRpc1ZhbGlkb3JpZ2luYWxDb250ZW50bmFtZWF0dHJpYnV0ZXN1cmxhbHRjYXB0aW9ubGlnaHRib3hpZHNpemVTbHVnbGlua0Rlc3RpbmF0aW9uaW5uZXJCbG9ja3NjbGllbnRJZGlzVmFsaWRvcmlnaW5hbENvbnRlbnRuYW1lYXR0cmlidXRlc3VybGFsdGNhcHRpb25saWdodGJveGlkc2l6ZVNsdWdsaW5rRGVzdGluYXRpb25pbm5lckJsb2Nrc2NsaWVudElkaXNWYWxpZG9yaWdpbmFsQ29udGVudG5hbWVhdHRyaWJ1dGVzdXJsYWx0Y2FwdGlvbmxpZ2h0Ym94aWRzaXplU2x1Z2xpbmtEZXN0aW5hdGlvbmlubmVyQmxvY2tzY2xpZW50SWRpc1ZhbGlkb3JpZ2luYWxDb250ZW50bmFtZWF0dHJpYnV0ZXN1cmxhbHRjYXB0aW9ubGlnaHRib3hpZHNpemVTbHVnbGlua0Rlc3RpbmF0aW9uaW5uZXJCbG9ja3NjbGllbnRJZGlzVmFsaWRvcmlnaW5hbENvbnRlbnRuYW1lYXR0cmlidXRlc3VybGFsdGNhcHRpb25saWdodGJveGlkc2l6ZVNsdWdsaW5rRGVzdGluYXRpb25pbm5lckJsb2Nrc2NsaWVudElkaXNWYWxpZG9yaWdpbmFsQ29udGVudG5hbWVhdHRyaWJ1dGVzdXJsYWx0Y2FwdGlvbmxpZ2h0Ym94aWRzaXplU2x1Z2xpbmtEZXN0aW5hdGlvbmlubmVyQmxvY2tzY2xpZW50SWRpc1ZhbGlkb3JpZ2luYWxDb250ZW50bmFtZWF0dHJpYnV0ZXN1cmxhbHRjYXB0aW9ubGlnaHRib3hpZHNpemVTbHVnbGlua0Rlc3RpbmF0aW9uaW5uZXJCbG9ja3NjbGllbnRJZGlzVmFsaWRvcmlnaW5hbENvbnRlbnRuYW1lYXR0cmlidXRlc3VybGFsdGNhcHRpb25saWdodGJveGlkc2l6ZVNsdWdsaW5rRGVzdGluYXRpb25pbm5lckJsb2Nrc2NsaWVudElkaXNWYWxpZG9yaWdpbmFsQ29udGVudG5hbWVhdHRyaWJ1dGVzdXJsYWx0Y2FwdGlvbmxpZ2h0Ym94aWRzaXplU2x1Z2xpbmtEZXN0aW5hdGlvbmlubmVyQmxvY2tzY2xpZW50SWRpc1ZhbGlkb3JpZ2luYWxDb250ZW50bmFtZWF0dHJpYnV0ZXN1cmxhbHRjYXB0aW9ubGlnaHRib3hpZHNpemVTbHVnbGlua0Rlc3RpbmF0aW9uaW5uZXJCbG9ja3NjbGllbnRJZGlzVmFsaWRvcmlnaW5hbENvbnRlbnRuYW1lYXR0cmlidXRlc3VybGFsdGNhcHRpb25saWdodGJveGlkc2l6ZVNsdWdsaW5rRGVzdGluYXRpb25pbm5lckJsb2Nrc2NsaWVudElkaXNWYWxpZG9yaWdpbmFsQ29udGVudG5hbWVhdHRyaWJ1dGVzdXJsYWx0Y2FwdGlvbmxpZ2h0Ym94aWRzaXplU2x1Z2xpbmtEZXN0aW5hdGlvbmlubmVyQmxvY2tzY2xpZW50SWRpc1ZhbGlkb3JpZ2luYWxDb250ZW50bmFtZWF0dHJpYnV0ZXN1cmxhbHRjYXB0aW9ubGlnaHRib3hpZHNpemVTbHVnbGlua0Rlc3RpbmF0aW9uaW5uZXJCbG9ja3NjbGllbnRJZGlzVmFsaWRvcmlnaW5hbENvbnRlbnRuYW1lYXR0cmlidXRlc3VybGFsdGNhcHRpb25saWdodGJveGlkc2l6ZVNsdWdsaW5rRGVzdGluYXRpb25pbm5lckJsb2Nrc2NsaWVudElkaXNWYWxpZG9yaWdpbmFsQ29udGVudG5hbWVhdHRyaWJ1dGVzdXJsYWx0Y2FwdGlvbkRyIEdyemVnb3J6IEZpZ2llbCAtIFphc3TEmXBjYSBEeXJla3RvcmEgV0JQIGRzLiBtZXJ5dG9yeWN6bnljaCBwb2R6acSZa293YcWCIHphIHNwb3RrYW5pZWxpZ2h0Ym94aWRzaXplU2x1Z2xpbmtEZXN0aW5hdGlvbmlubmVyQmxvY2tzY2xpZW50SWRpc1ZhbGlkb3JpZ2luYWxDb250ZW50bmFtZWF0dHJpYnV0ZXN1cmxhbHRjYXB0aW9ubGlnaHRib3hpZHNpemVTbHVnbGlua0Rlc3RpbmF0aW9uaW5uZXJCbG9ja3NjbGllbnRJZGlzVmFsaWRvcmlnaW5hbENvbnRlbnRuYW1lYXR0cmlidXRlc3VybGFsdGNhcHRpb25saWdodGJveGlkc2l6ZVNsdWdsaW5rRGVzdGluYXRpb25pbm5lckJsb2Nrc2NsaWVudElkaXNWYWxpZG9yaWdpbmFsQ29udGVudG5hbWVhdHRyaWJ1dGVzdXJsYWx0Y2FwdGlvbmxpZ2h0Ym94aWRzaXplU2x1Z2xpbmtEZXN0aW5hdGlvbmlubmVyQmxvY2tzY2xpZW50SWRpc1ZhbGlkb3JpZ2luYWxDb250ZW50bmFtZWF0dHJpYnV0ZXN1cmxhbHRjYXB0aW9ubGlnaHRib3hpZHNpemVTbHVnbGlua0Rlc3RpbmF0aW9uaW5uZXJCbG9ja3NjbGllbnRJZGlzVmFsaWRvcmlnaW5hbENvbnRlbnRuYW1lYXR0cmlidXRlc3VybGFsdGNhcHRpb25saWdodGJveGlkc2l6ZVNsdWdsaW5rRGVzdGluYXRpb25pbm5lckJsb2Nrc2NsaWVudElkaXNWYWxpZG9yaWdpbmFsQ29udGVudG5hbWVhdHRyaWJ1dGVzY29udGVudDxzdHJvbmc+Rm90LiBNLiBLb3rFgm93c2tpIDwvc3Ryb25nPmRyb3BDYXBzdHlsZWlubmVyQmxvY2tzY2xpZW50SWRpc1ZhbGlkb3JpZ2luYWxDb250ZW50bmFtZWF0dHJpYnV0ZXNjb250ZW50PGVtPkR6aWHFgiBJbmZvcm1hY2ppIGkgUHJvbW9jamkgPC9lbT5kcm9wQ2Fwc3R5bGVpbm5lckJsb2Nrc2NsaWVudElkaXNWYWxpZG9yaWdpbmFsQ29udGVudG5hbWVhdHRyaWJ1dGVzY29udGVudGRyb3BDYXBpbm5lckJsb2Nrc3N0YXRlc2F2ZWRBdHN0YXRlc2F2ZWRCeQUHCAQIBAgGCAWCAQgHqZABCAcIBggOCA4ICwgGSAEGCAQYGQwODw0SEA0RCQoVFBIWFxgRDU8AEQ0KDQ4LCQsJE0kADREeJCMJCAoIBAgGCAcPBEoACAsIBw8ECgePAgcLCAcPBAoHjQIHCwgHDwQKBgMUEwcJSwAGCEsBCAcPBApDAAcIAggPCwgHDwQKQwAHCAIIDwsIBw8ECkMABwgCCA8LCAcPBApDAAcIAggPCwgHDwQKQwAHCAIIDwsIBw8ECkMABwgCCA8LCAcPBApDAAcIAggPCwgHDwQKQwAHCAIIDwsIBw8ECkMABwgCCA8LCAcPBApDAAcIAggPCwgHDwQKQwAHCAIIDwsIBw8ECkMABwgCCA8LCAcPBApDAAcIAggPCwgHDwQKQwAHCAIIDwsIBw8ECkMABwgCCA8LCAcPBApDAAcIAggPCwgHDwQKQwAHCAIIDwsIBw8ECkMAB5cBCAIIDwsIBw8ECkMABwgCCA8LCAcPBApDAAcIAggPCwgHDwQKQwAHCAIIDwsIBw8ECkMABwgCCA8LCAcPBApDAAcIAggPCwgHDwQKByMHBQsIBw8ECgclBwULCAcPBApHAAsFBwUHEgEEAAABAAAAAQgAJwECAPUCAXtCAQEAQQAAQQACAEEAAgBBAAIAQQACAEEAAgBBAAIAQQACAEEAAgBBAAIAQQACAEEAAgBBAAIAQQACAEEAAgBBAAIAQQACAEEAAgBBAAIAQQACAEEAAgBBAAIAQQACAEEAAgBBAAIAQQACAEEAAgBBAAIAQQACAEEAAgADQcsCAdADAH0BdxMyMDI2LTA0LTEwVDEwOjQ2OjI2d0B3ZXJuaXNhei13eXN0YXd5LWktd2llY3pvci1wb2V6amktZGFudXR5LWt1cmN6ZXdpY3otdy1vYmlla3R5d2lldwdwdWJsaXNofRR9gvgJdwZjbG9zZWR3BmNsb3NlZHl3AHcIc3RhbmRhcmR4dwB5dwB3AHcAdwB3AHl5dwB3AHcAdwB3AHcAdwB3AHUAdQB3AHcAdwB3AHcAdwB3AHcAdwB3AHcAdwB3AHcAeXl3AHcAdwB3AHUEfbALfQp9Nn03dQB3JDQ0N2U1OGM5LTBkNGItNGJhNC04MzlkLWQ3ZjA3Nzk4MWVjMnh3CzwhLS1tb3JlLS0+dwljb3JlL21vcmV3AHl3JDJiMjBiZWQyLTI2MzMtNDM4Yy1iZGZhLTZjOWYyOGYxYWNhY3h3nQE8cD45IGt3aWV0bmlhIDIwMjYgci4gdyBHYWxlcmlpIEJpYmxpb3Rla2kgb2RiecWCIHNpxJkgd2VybmlzYcW8IHd5c3Rhd3kgaSB3aWVjesOzciBwb2V6amkgPHN0cm9uZz4iR8WCxJliaWEga29sb3J1IGkgc8WCb3dhIERhbnV0eSBLdXJjemV3aWN6Ijwvc3Ryb25nPi48L3A+dw5jb3JlL3BhcmFncmFwaHl3JDM4ZDFkOWY3LWFmMWUtNGRkNC05ZGY4LWM3ZTk0OGViNDJiNXh3mQE8cD5Qb2RjemFzIHdlcm5pc2HFvHUgb2RiecWCIHNpxJkgdGFrxbxlIGtvbmNlcnQgcGlvc2Vua2kgcG9ldHlja2llaiB3IHd5a29uYW5pdSA8c3Ryb25nPkFubnkgTWl0dXJ5IDwvc3Ryb25nPmkgPHN0cm9uZz5NaWNoYcWCYSBQYXN0dXN6YWthPC9zdHJvbmc+LjwvcD53DmNvcmUvcGFyYWdyYXBoeXckZGNhNmU3NzctNjc1MC00ZmI0LWI1ZWYtY2Y0MmE5NjNhMjMzeHeDATxmaWd1cmUgY2xhc3M9IndwLWJsb2NrLWdhbGxlcnkgaGFzLW5lc3RlZC1pbWFnZXMgY29sdW1ucy1kZWZhdWx0IGlzLWNyb3BwZWQiPgoKCgoKCgoKCgoKCgoKCgoKCgoKCgoKCgoKCgoKCgoKCgoKCgoKCgoKCgoKPC9maWd1cmU+dwxjb3JlL2dhbGxlcnl1AHUAdwRpY29udQB4eXh3CGxpZ2h0Ym94dwVsYXJnZXl3BGF1dG93JDE5NThmNDU1LTMzMTgtNGE0YS04ZTA2LTgzMGIwYjFjZTA3NXh36QE8ZmlndXJlIGNsYXNzPSJ3cC1ibG9jay1pbWFnZSBzaXplLWZ1bGwiPjxpbWcgc3JjPSJodHRwczovL3dicC5sdWJsaW4ucGwvd3AtY29udGVudC91cGxvYWRzLzIwMjYvMDQvRFNDXzk3NDItanBnLndlYnAiIGFsdD0iV2VybmlzYcW8IHd5c3Rhd3kgaSB3aWVjesOzciBwb2V6amkgRGFudXR5IEt1cmN6ZXdpY3ogJiM4MjExOyB3IG9iaWVrdHl3aWUiIGNsYXNzPSJ3cC1pbWFnZS04MTQwOCIvPjwvZmlndXJlPncKY29yZS9pbWFnZXdCaHR0cHM6Ly93YnAubHVibGluLnBsL3dwLWNvbnRlbnQvdXBsb2Fkcy8yMDI2LzA0L0RTQ185NzQyLWpwZy53ZWJwd0ZXZXJuaXNhxbwgd3lzdGF3eSBpIHdpZWN6w7NyIHBvZXpqaSBEYW51dHkgS3VyY3pld2ljeiDigJMgdyBvYmlla3R5d2lldgEHZW5hYmxlZHh9gPgJdwRmdWxsdwRub25ldyRjNTUyNjk3OS01M2U3LTQ0NmItOGIyMy1lNWVkY2M2N2I0OWJ4d+kBPGZpZ3VyZSBjbGFzcz0id3AtYmxvY2staW1hZ2Ugc2l6ZS1mdWxsIj48aW1nIHNyYz0iaHR0cHM6Ly93YnAubHVibGluLnBsL3dwLWNvbnRlbnQvdXBsb2Fkcy8yMDI2LzA0L0RTQ185NzUzLWpwZy53ZWJwIiBhbHQ9Ildlcm5pc2HFvCB3eXN0YXd5IGkgd2llY3rDs3IgcG9lemppIERhbnV0eSBLdXJjemV3aWN6ICYjODIxMTsgdyBvYmlla3R5d2llIiBjbGFzcz0id3AtaW1hZ2UtODE0MTAiLz48L2ZpZ3VyZT53CmNvcmUvaW1hZ2V3Qmh0dHBzOi8vd2JwLmx1Ymxpbi5wbC93cC1jb250ZW50L3VwbG9hZHMvMjAyNi8wNC9EU0NfOTc1My1qcGcud2VicHdGV2VybmlzYcW8IHd5c3Rhd3kgaSB3aWVjesOzciBwb2V6amkgRGFudXR5IEt1cmN6ZXdpY3og4oCTIHcgb2JpZWt0eXdpZXYBB2VuYWJsZWR4fYL4CXcEZnVsbHcEbm9uZXckZjQ0NDBmNGUtYTI5Ny00MjVhLWJlYjMtYzM3YjQyZjRmODYyeHfpATxmaWd1cmUgY2xhc3M9IndwLWJsb2NrLWltYWdlIHNpemUtZnVsbCI+PGltZyBzcmM9Imh0dHBzOi8vd2JwLmx1Ymxpbi5wbC93cC1jb250ZW50L3VwbG9hZHMvMjAyNi8wNC9EU0NfOTc5My1qcGcud2VicCIgYWx0PSJXZXJuaXNhxbwgd3lzdGF3eSBpIHdpZWN6w7NyIHBvZXpqaSBEYW51dHkgS3VyY3pld2ljeiAmIzgyMTE7IHcgb2JpZWt0eXdpZSIgY2xhc3M9IndwLWltYWdlLTgxNDE5Ii8+PC9maWd1cmU+dwpjb3JlL2ltYWdld0JodHRwczovL3dicC5sdWJsaW4ucGwvd3AtY29udGVudC91cGxvYWRzLzIwMjYvMDQvRFNDXzk3OTMtanBnLndlYnB3Rldlcm5pc2HFvCB3eXN0YXd5IGkgd2llY3rDs3IgcG9lemppIERhbnV0eSBLdXJjemV3aWN6IOKAkyB3IG9iaWVrdHl3aWV2AQdlbmFibGVkeH2L+Al3BGZ1bGx3BG5vbmV3JDE3Y2ViMjhkLTEzZWYtNGM1Yy04ZjdhLWUxMGExZWQwMzE2MXh36QE8ZmlndXJlIGNsYXNzPSJ3cC1ibG9jay1pbWFnZSBzaXplLWZ1bGwiPjxpbWcgc3JjPSJodHRwczovL3dicC5sdWJsaW4ucGwvd3AtY29udGVudC91cGxvYWRzLzIwMjYvMDQvRFNDXzk3NjctanBnLndlYnAiIGFsdD0iV2VybmlzYcW8IHd5c3Rhd3kgaSB3aWVjesOzciBwb2V6amkgRGFudXR5IEt1cmN6ZXdpY3ogJiM4MjExOyB3IG9iaWVrdHl3aWUiIGNsYXNzPSJ3cC1pbWFnZS04MTQxMyIvPjwvZmlndXJlPncKY29yZS9pbWFnZXdCaHR0cHM6Ly93YnAubHVibGluLnBsL3dwLWNvbnRlbnQvdXBsb2Fkcy8yMDI2LzA0L0RTQ185NzY3LWpwZy53ZWJwd0ZXZXJuaXNhxbwgd3lzdGF3eSBpIHdpZWN6w7NyIHBvZXpqaSBEYW51dHkgS3VyY3pld2ljeiDigJMgdyBvYmlla3R5d2lldgEHZW5hYmxlZHh9hfgJdwRmdWxsdwRub25ldyQ2MzA3NzZmMy0yZTE5LTRmNzUtOTM2NS04YmUyMjY3OGM5MDB4d+kBPGZpZ3VyZSBjbGFzcz0id3AtYmxvY2staW1hZ2Ugc2l6ZS1mdWxsIj48aW1nIHNyYz0iaHR0cHM6Ly93YnAubHVibGluLnBsL3dwLWNvbnRlbnQvdXBsb2Fkcy8yMDI2LzA0L0RTQ185NzcxLWpwZy53ZWJwIiBhbHQ9Ildlcm5pc2HFvCB3eXN0YXd5IGkgd2llY3rDs3IgcG9lemppIERhbnV0eSBLdXJjemV3aWN6ICYjODIxMTsgdyBvYmlla3R5d2llIiBjbGFzcz0id3AtaW1hZ2UtODE0MTQiLz48L2ZpZ3VyZT53CmNvcmUvaW1hZ2V3Qmh0dHBzOi8vd2JwLmx1Ymxpbi5wbC93cC1jb250ZW50L3VwbG9hZHMvMjAyNi8wNC9EU0NfOTc3MS1qcGcud2VicHdGV2VybmlzYcW8IHd5c3Rhd3kgaSB3aWVjesOzciBwb2V6amkgRGFudXR5IEt1cmN6ZXdpY3og4oCTIHcgb2JpZWt0eXdpZXYBB2VuYWJsZWR4fYb4CXcEZnVsbHcEbm9uZXckMTQzNTRmOTYtYzlmOS00Mjk5LWFjNGEtOGQ0ZThlNzM0ZDZheHfpATxmaWd1cmUgY2xhc3M9IndwLWJsb2NrLWltYWdlIHNpemUtZnVsbCI+PGltZyBzcmM9Imh0dHBzOi8vd2JwLmx1Ymxpbi5wbC93cC1jb250ZW50L3VwbG9hZHMvMjAyNi8wNC9EU0NfOTc3NC1qcGcud2VicCIgYWx0PSJXZXJuaXNhxbwgd3lzdGF3eSBpIHdpZWN6w7NyIHBvZXpqaSBEYW51dHkgS3VyY3pld2ljeiAmIzgyMTE7IHcgb2JpZWt0eXdpZSIgY2xhc3M9IndwLWltYWdlLTgxNDE1Ii8+PC9maWd1cmU+dwpjb3JlL2ltYWdld0JodHRwczovL3dicC5sdWJsaW4ucGwvd3AtY29udGVudC91cGxvYWRzLzIwMjYvMDQvRFNDXzk3NzQtanBnLndlYnB3Rldlcm5pc2HFvCB3eXN0YXd5IGkgd2llY3rDs3IgcG9lemppIERhbnV0eSBLdXJjemV3aWN6IOKAkyB3IG9iaWVrdHl3aWV2AQdlbmFibGVkeH2H+Al3BGZ1bGx3BG5vbmV3JDBmNmQzNjZiLWNjYzQtNDgyMC05NjFjLTQyMGFkYTc4MGNkOHh36QE8ZmlndXJlIGNsYXNzPSJ3cC1ibG9jay1pbWFnZSBzaXplLWZ1bGwiPjxpbWcgc3JjPSJodHRwczovL3dicC5sdWJsaW4ucGwvd3AtY29udGVudC91cGxvYWRzLzIwMjYvMDQvRFNDXzk3ODctanBnLndlYnAiIGFsdD0iV2VybmlzYcW8IHd5c3Rhd3kgaSB3aWVjesOzciBwb2V6amkgRGFudXR5IEt1cmN6ZXdpY3ogJiM4MjExOyB3IG9iaWVrdHl3aWUiIGNsYXNzPSJ3cC1pbWFnZS04MTQxOCIvPjwvZmlndXJlPncKY29yZS9pbWFnZXdCaHR0cHM6Ly93YnAubHVibGluLnBsL3dwLWNvbnRlbnQvdXBsb2Fkcy8yMDI2LzA0L0RTQ185Nzg3LWpwZy53ZWJwd0ZXZXJuaXNhxbwgd3lzdGF3eSBpIHdpZWN6w7NyIHBvZXpqaSBEYW51dHkgS3VyY3pld2ljeiDigJMgdyBvYmlla3R5d2lldgEHZW5hYmxlZHh9ivgJdwRmdWxsdwRub25ldyRlY2QyOTk3Yy01ZDNjLTRiZmMtOWU0MC1hNzExYjk5ZTA5YTJ4d+kBPGZpZ3VyZSBjbGFzcz0id3AtYmxvY2staW1hZ2Ugc2l6ZS1mdWxsIj48aW1nIHNyYz0iaHR0cHM6Ly93YnAubHVibGluLnBsL3dwLWNvbnRlbnQvdXBsb2Fkcy8yMDI2LzA0L0RTQ185ODA0LWpwZy53ZWJwIiBhbHQ9Ildlcm5pc2HFvCB3eXN0YXd5IGkgd2llY3rDs3IgcG9lemppIERhbnV0eSBLdXJjemV3aWN6ICYjODIxMTsgdyBvYmlla3R5d2llIiBjbGFzcz0id3AtaW1hZ2UtODE0MjEiLz48L2ZpZ3VyZT53CmNvcmUvaW1hZ2V3Qmh0dHBzOi8vd2JwLmx1Ymxpbi5wbC93cC1jb250ZW50L3VwbG9hZHMvMjAyNi8wNC9EU0NfOTgwNC1qcGcud2VicHdGV2VybmlzYcW8IHd5c3Rhd3kgaSB3aWVjesOzciBwb2V6amkgRGFudXR5IEt1cmN6ZXdpY3og4oCTIHcgb2JpZWt0eXdpZXYBB2VuYWJsZWR4fY34CXcEZnVsbHcEbm9uZXckODM5ODBlMzQtYWU5OS00ZDQ5LWE0NTUtOGYzNTNiOTAzODJieHfpATxmaWd1cmUgY2xhc3M9IndwLWJsb2NrLWltYWdlIHNpemUtZnVsbCI+PGltZyBzcmM9Imh0dHBzOi8vd2JwLmx1Ymxpbi5wbC93cC1jb250ZW50L3VwbG9hZHMvMjAyNi8wNC9EU0NfOTc5Ny1qcGcud2VicCIgYWx0PSJXZXJuaXNhxbwgd3lzdGF3eSBpIHdpZWN6w7NyIHBvZXpqaSBEYW51dHkgS3VyY3pld2ljeiAmIzgyMTE7IHcgb2JpZWt0eXdpZSIgY2xhc3M9IndwLWltYWdlLTgxNDIwIi8+PC9maWd1cmU+dwpjb3JlL2ltYWdld0JodHRwczovL3dicC5sdWJsaW4ucGwvd3AtY29udGVudC91cGxvYWRzLzIwMjYvMDQvRFNDXzk3OTctanBnLndlYnB3Rldlcm5pc2HFvCB3eXN0YXd5IGkgd2llY3rDs3IgcG9lemppIERhbnV0eSBLdXJjemV3aWN6IOKAkyB3IG9iaWVrdHl3aWV2AQdlbmFibGVkeH2M+Al3BGZ1bGx3BG5vbmV3JDNkNzFjMTk1LTE3ZGEtNDEyNi04YzIwLWYyZDU4ODIyNzAzN3h36QE8ZmlndXJlIGNsYXNzPSJ3cC1ibG9jay1pbWFnZSBzaXplLWZ1bGwiPjxpbWcgc3JjPSJodHRwczovL3dicC5sdWJsaW4ucGwvd3AtY29udGVudC91cGxvYWRzLzIwMjYvMDQvRFNDXzk4MDctanBnLndlYnAiIGFsdD0iV2VybmlzYcW8IHd5c3Rhd3kgaSB3aWVjesOzciBwb2V6amkgRGFudXR5IEt1cmN6ZXdpY3ogJiM4MjExOyB3IG9iaWVrdHl3aWUiIGNsYXNzPSJ3cC1pbWFnZS04MTQyMiIvPjwvZmlndXJlPncKY29yZS9pbWFnZXdCaHR0cHM6Ly93YnAubHVibGluLnBsL3dwLWNvbnRlbnQvdXBsb2Fkcy8yMDI2LzA0L0RTQ185ODA3LWpwZy53ZWJwd0ZXZXJuaXNhxbwgd3lzdGF3eSBpIHdpZWN6w7NyIHBvZXpqaSBEYW51dHkgS3VyY3pld2ljeiDigJMgdyBvYmlla3R5d2lldgEHZW5hYmxlZHh9jvgJdwRmdWxsdwRub25ldyQ4MDBhYTFlZS03MjNiLTQ2ODctOTYwNS0wZTY0YWNkZDJiM2J4d+kBPGZpZ3VyZSBjbGFzcz0id3AtYmxvY2staW1hZ2Ugc2l6ZS1mdWxsIj48aW1nIHNyYz0iaHR0cHM6Ly93YnAubHVibGluLnBsL3dwLWNvbnRlbnQvdXBsb2Fkcy8yMDI2LzA0L0RTQ185ODA4LWpwZy53ZWJwIiBhbHQ9Ildlcm5pc2HFvCB3eXN0YXd5IGkgd2llY3rDs3IgcG9lemppIERhbnV0eSBLdXJjemV3aWN6ICYjODIxMTsgdyBvYmlla3R5d2llIiBjbGFzcz0id3AtaW1hZ2UtODE0MjMiLz48L2ZpZ3VyZT53CmNvcmUvaW1hZ2V3Qmh0dHBzOi8vd2JwLmx1Ymxpbi5wbC93cC1jb250ZW50L3VwbG9hZHMvMjAyNi8wNC9EU0NfOTgwOC1qcGcud2VicHdGV2VybmlzYcW8IHd5c3Rhd3kgaSB3aWVjesOzciBwb2V6amkgRGFudXR5IEt1cmN6ZXdpY3og4oCTIHcgb2JpZWt0eXdpZXYBB2VuYWJsZWR4fY\/4CXcEZnVsbHcEbm9uZXckY2MxMDU3ZWYtOGM0Ni00YTE2LWI2ODItOWI4ZGZjOGEzMjU4eHfpATxmaWd1cmUgY2xhc3M9IndwLWJsb2NrLWltYWdlIHNpemUtZnVsbCI+PGltZyBzcmM9Imh0dHBzOi8vd2JwLmx1Ymxpbi5wbC93cC1jb250ZW50L3VwbG9hZHMvMjAyNi8wNC9EU0NfOTgxNi1qcGcud2VicCIgYWx0PSJXZXJuaXNhxbwgd3lzdGF3eSBpIHdpZWN6w7NyIHBvZXpqaSBEYW51dHkgS3VyY3pld2ljeiAmIzgyMTE7IHcgb2JpZWt0eXdpZSIgY2xhc3M9IndwLWltYWdlLTgxNDI2Ii8+PC9maWd1cmU+dwpjb3JlL2ltYWdld0JodHRwczovL3dicC5sdWJsaW4ucGwvd3AtY29udGVudC91cGxvYWRzLzIwMjYvMDQvRFNDXzk4MTYtanBnLndlYnB3Rldlcm5pc2HFvCB3eXN0YXd5IGkgd2llY3rDs3IgcG9lemppIERhbnV0eSBLdXJjemV3aWN6IOKAkyB3IG9iaWVrdHl3aWV2AQdlbmFibGVkeH2S+Al3BGZ1bGx3BG5vbmV3JGQ1MTdhNjZmLTM2ZGMtNDcxNC1iNGFmLTBjN2EzZTc0YzllZnh36QE8ZmlndXJlIGNsYXNzPSJ3cC1ibG9jay1pbWFnZSBzaXplLWZ1bGwiPjxpbWcgc3JjPSJodHRwczovL3dicC5sdWJsaW4ucGwvd3AtY29udGVudC91cGxvYWRzLzIwMjYvMDQvRFNDXzk4MTUtanBnLndlYnAiIGFsdD0iV2VybmlzYcW8IHd5c3Rhd3kgaSB3aWVjesOzciBwb2V6amkgRGFudXR5IEt1cmN6ZXdpY3ogJiM4MjExOyB3IG9iaWVrdHl3aWUiIGNsYXNzPSJ3cC1pbWFnZS04MTQyNSIvPjwvZmlndXJlPncKY29yZS9pbWFnZXdCaHR0cHM6Ly93YnAubHVibGluLnBsL3dwLWNvbnRlbnQvdXBsb2Fkcy8yMDI2LzA0L0RTQ185ODE1LWpwZy53ZWJwd0ZXZXJuaXNhxbwgd3lzdGF3eSBpIHdpZWN6w7NyIHBvZXpqaSBEYW51dHkgS3VyY3pld2ljeiDigJMgdyBvYmlla3R5d2lldgEHZW5hYmxlZHh9kfgJdwRmdWxsdwRub25ldyQ5YTIxZjlmZS01ZTUyLTQzMzUtYTZlYy01MDEyZDRkNTdiZjJ4d+kBPGZpZ3VyZSBjbGFzcz0id3AtYmxvY2staW1hZ2Ugc2l6ZS1mdWxsIj48aW1nIHNyYz0iaHR0cHM6Ly93YnAubHVibGluLnBsL3dwLWNvbnRlbnQvdXBsb2Fkcy8yMDI2LzA0L0RTQ185ODIwLWpwZy53ZWJwIiBhbHQ9Ildlcm5pc2HFvCB3eXN0YXd5IGkgd2llY3rDs3IgcG9lemppIERhbnV0eSBLdXJjemV3aWN6ICYjODIxMTsgdyBvYmlla3R5d2llIiBjbGFzcz0id3AtaW1hZ2UtODE0MjciLz48L2ZpZ3VyZT53CmNvcmUvaW1hZ2V3Qmh0dHBzOi8vd2JwLmx1Ymxpbi5wbC93cC1jb250ZW50L3VwbG9hZHMvMjAyNi8wNC9EU0NfOTgyMC1qcGcud2VicHdGV2VybmlzYcW8IHd5c3Rhd3kgaSB3aWVjesOzciBwb2V6amkgRGFudXR5IEt1cmN6ZXdpY3og4oCTIHcgb2JpZWt0eXdpZXYBB2VuYWJsZWR4fZP4CXcEZnVsbHcEbm9uZXckZTY1MWI2MDEtZDdhYi00NWUzLThmY2YtZmVlNWJiNDNhNDZleHfpATxmaWd1cmUgY2xhc3M9IndwLWJsb2NrLWltYWdlIHNpemUtZnVsbCI+PGltZyBzcmM9Imh0dHBzOi8vd2JwLmx1Ymxpbi5wbC93cC1jb250ZW50L3VwbG9hZHMvMjAyNi8wNC9EU0NfOTgyMi1qcGcud2VicCIgYWx0PSJXZXJuaXNhxbwgd3lzdGF3eSBpIHdpZWN6w7NyIHBvZXpqaSBEYW51dHkgS3VyY3pld2ljeiAmIzgyMTE7IHcgb2JpZWt0eXdpZSIgY2xhc3M9IndwLWltYWdlLTgxNDI4Ii8+PC9maWd1cmU+dwpjb3JlL2ltYWdld0JodHRwczovL3dicC5sdWJsaW4ucGwvd3AtY29udGVudC91cGxvYWRzLzIwMjYvMDQvRFNDXzk4MjItanBnLndlYnB3Rldlcm5pc2HFvCB3eXN0YXd5IGkgd2llY3rDs3IgcG9lemppIERhbnV0eSBLdXJjemV3aWN6IOKAkyB3IG9iaWVrdHl3aWV2AQdlbmFibGVkeH2U+Al3BGZ1bGx3BG5vbmV3JDY3MWM4MTVmLTIyMjgtNGY5Ni1iYzgyLTQzZmY3YzFhMmU0Ynh36QE8ZmlndXJlIGNsYXNzPSJ3cC1ibG9jay1pbWFnZSBzaXplLWZ1bGwiPjxpbWcgc3JjPSJodHRwczovL3dicC5sdWJsaW4ucGwvd3AtY29udGVudC91cGxvYWRzLzIwMjYvMDQvRFNDXzk4MjUtanBnLndlYnAiIGFsdD0iV2VybmlzYcW8IHd5c3Rhd3kgaSB3aWVjesOzciBwb2V6amkgRGFudXR5IEt1cmN6ZXdpY3ogJiM4MjExOyB3IG9iaWVrdHl3aWUiIGNsYXNzPSJ3cC1pbWFnZS04MTQyOSIvPjwvZmlndXJlPncKY29yZS9pbWFnZXdCaHR0cHM6Ly93YnAubHVibGluLnBsL3dwLWNvbnRlbnQvdXBsb2Fkcy8yMDI2LzA0L0RTQ185ODI1LWpwZy53ZWJwd0ZXZXJuaXNhxbwgd3lzdGF3eSBpIHdpZWN6w7NyIHBvZXpqaSBEYW51dHkgS3VyY3pld2ljeiDigJMgdyBvYmlla3R5d2lldgEHZW5hYmxlZHh9lfgJdwRmdWxsdwRub25ldyQwZmQ2ZjA4My02ZjBiLTQzOWMtYjNjOC0zZjYwZWM4Mzg1OTB4d+kBPGZpZ3VyZSBjbGFzcz0id3AtYmxvY2staW1hZ2Ugc2l6ZS1mdWxsIj48aW1nIHNyYz0iaHR0cHM6Ly93YnAubHVibGluLnBsL3dwLWNvbnRlbnQvdXBsb2Fkcy8yMDI2LzA0L0RTQ185ODI2LWpwZy53ZWJwIiBhbHQ9Ildlcm5pc2HFvCB3eXN0YXd5IGkgd2llY3rDs3IgcG9lemppIERhbnV0eSBLdXJjemV3aWN6ICYjODIxMTsgdyBvYmlla3R5d2llIiBjbGFzcz0id3AtaW1hZ2UtODE0MzEiLz48L2ZpZ3VyZT53CmNvcmUvaW1hZ2V3Qmh0dHBzOi8vd2JwLmx1Ymxpbi5wbC93cC1jb250ZW50L3VwbG9hZHMvMjAyNi8wNC9EU0NfOTgyNi1qcGcud2VicHdGV2VybmlzYcW8IHd5c3Rhd3kgaSB3aWVjesOzciBwb2V6amkgRGFudXR5IEt1cmN6ZXdpY3og4oCTIHcgb2JpZWt0eXdpZXYBB2VuYWJsZWR4fZf4CXcEZnVsbHcEbm9uZXckNGZlMDFiNzUtZGIxOS00NzNhLTg4MWQtMjAxZTkwYmI0OTU0eHf3AjxmaWd1cmUgY2xhc3M9IndwLWJsb2NrLWltYWdlIHNpemUtZnVsbCI+PGltZyBzcmM9Imh0dHBzOi8vd2JwLmx1Ymxpbi5wbC93cC1jb250ZW50L3VwbG9hZHMvMjAyNi8wNC9EU0NfOTgyNy1qcGcud2VicCIgYWx0PSJXZXJuaXNhxbwgd3lzdGF3eSBpIHdpZWN6w7NyIHBvZXpqaSBEYW51dHkgS3VyY3pld2ljeiAmIzgyMTE7IHcgb2JpZWt0eXdpZSIgY2xhc3M9IndwLWltYWdlLTgxNDMwIi8+PGZpZ2NhcHRpb24gY2xhc3M9IndwLWVsZW1lbnQtY2FwdGlvbiI+RHIgR3J6ZWdvcnogRmlnaWVsIC0gWmFzdMSZcGNhIER5cmVrdG9yYSBXQlAgZHMuIG1lcnl0b3J5Y3pueWNoIHBvZHppxJlrb3dhxYIgemEgc3BvdGthbmllPC9maWdjYXB0aW9uPjwvZmlndXJlPncKY29yZS9pbWFnZXdCaHR0cHM6Ly93YnAubHVibGluLnBsL3dwLWNvbnRlbnQvdXBsb2Fkcy8yMDI2LzA0L0RTQ185ODI3LWpwZy53ZWJwd0ZXZXJuaXNhxbwgd3lzdGF3eSBpIHdpZWN6w7NyIHBvZXpqaSBEYW51dHkgS3VyY3pld2ljeiDigJMgdyBvYmlla3R5d2lldgEHZW5hYmxlZHh9lvgJdwRmdWxsdwRub25ldyQ5MjRmY2VjNy03MTE0LTRlNDItODE2MC01ODM1YWMyNDc3ZjB4d+kBPGZpZ3VyZSBjbGFzcz0id3AtYmxvY2staW1hZ2Ugc2l6ZS1mdWxsIj48aW1nIHNyYz0iaHR0cHM6Ly93YnAubHVibGluLnBsL3dwLWNvbnRlbnQvdXBsb2Fkcy8yMDI2LzA0L0RTQ185ODQzLWpwZy53ZWJwIiBhbHQ9Ildlcm5pc2HFvCB3eXN0YXd5IGkgd2llY3rDs3IgcG9lemppIERhbnV0eSBLdXJjemV3aWN6ICYjODIxMTsgdyBvYmlla3R5d2llIiBjbGFzcz0id3AtaW1hZ2UtODE0MzMiLz48L2ZpZ3VyZT53CmNvcmUvaW1hZ2V3Qmh0dHBzOi8vd2JwLmx1Ymxpbi5wbC93cC1jb250ZW50L3VwbG9hZHMvMjAyNi8wNC9EU0NfOTg0My1qcGcud2VicHdGV2VybmlzYcW8IHd5c3Rhd3kgaSB3aWVjesOzciBwb2V6amkgRGFudXR5IEt1cmN6ZXdpY3og4oCTIHcgb2JpZWt0eXdpZXYBB2VuYWJsZWR4fZn4CXcEZnVsbHcEbm9uZXckNTcwZTRhZDMtNzMzZi00OTkzLWJiMjctMDcxYWVkNDhmM2U4eHfpATxmaWd1cmUgY2xhc3M9IndwLWJsb2NrLWltYWdlIHNpemUtZnVsbCI+PGltZyBzcmM9Imh0dHBzOi8vd2JwLmx1Ymxpbi5wbC93cC1jb250ZW50L3VwbG9hZHMvMjAyNi8wNC9EU0NfOTg0Ni1qcGcud2VicCIgYWx0PSJXZXJuaXNhxbwgd3lzdGF3eSBpIHdpZWN6w7NyIHBvZXpqaSBEYW51dHkgS3VyY3pld2ljeiAmIzgyMTE7IHcgb2JpZWt0eXdpZSIgY2xhc3M9IndwLWltYWdlLTgxNDM0Ii8+PC9maWd1cmU+dwpjb3JlL2ltYWdld0JodHRwczovL3dicC5sdWJsaW4ucGwvd3AtY29udGVudC91cGxvYWRzLzIwMjYvMDQvRFNDXzk4NDYtanBnLndlYnB3Rldlcm5pc2HFvCB3eXN0YXd5IGkgd2llY3rDs3IgcG9lemppIERhbnV0eSBLdXJjemV3aWN6IOKAkyB3IG9iaWVrdHl3aWV2AQdlbmFibGVkeH2a+Al3BGZ1bGx3BG5vbmV3JDE0YTg1MjNkLTU1MzYtNDA3MS1hMGE0LWJjM2ViNGFkNTQyZnh36QE8ZmlndXJlIGNsYXNzPSJ3cC1ibG9jay1pbWFnZSBzaXplLWZ1bGwiPjxpbWcgc3JjPSJodHRwczovL3dicC5sdWJsaW4ucGwvd3AtY29udGVudC91cGxvYWRzLzIwMjYvMDQvRFNDXzk4NTMtanBnLndlYnAiIGFsdD0iV2VybmlzYcW8IHd5c3Rhd3kgaSB3aWVjesOzciBwb2V6amkgRGFudXR5IEt1cmN6ZXdpY3ogJiM4MjExOyB3IG9iaWVrdHl3aWUiIGNsYXNzPSJ3cC1pbWFnZS04MTQzNSIvPjwvZmlndXJlPncKY29yZS9pbWFnZXdCaHR0cHM6Ly93YnAubHVibGluLnBsL3dwLWNvbnRlbnQvdXBsb2Fkcy8yMDI2LzA0L0RTQ185ODUzLWpwZy53ZWJwd0ZXZXJuaXNhxbwgd3lzdGF3eSBpIHdpZWN6w7NyIHBvZXpqaSBEYW51dHkgS3VyY3pld2ljeiDigJMgdyBvYmlla3R5d2lldgEHZW5hYmxlZHh9m\/gJdwRmdWxsdwRub25ldyQzMWVhZTVhYi1mMTMxLTRkNGYtOTZiNC1iMDVkYzg2M2I2ZWJ4d+kBPGZpZ3VyZSBjbGFzcz0id3AtYmxvY2staW1hZ2Ugc2l6ZS1mdWxsIj48aW1nIHNyYz0iaHR0cHM6Ly93YnAubHVibGluLnBsL3dwLWNvbnRlbnQvdXBsb2Fkcy8yMDI2LzA0L0RTQ185ODU5LWpwZy53ZWJwIiBhbHQ9Ildlcm5pc2HFvCB3eXN0YXd5IGkgd2llY3rDs3IgcG9lemppIERhbnV0eSBLdXJjemV3aWN6ICYjODIxMTsgdyBvYmlla3R5d2llIiBjbGFzcz0id3AtaW1hZ2UtODE0MzYiLz48L2ZpZ3VyZT53CmNvcmUvaW1hZ2V3Qmh0dHBzOi8vd2JwLmx1Ymxpbi5wbC93cC1jb250ZW50L3VwbG9hZHMvMjAyNi8wNC9EU0NfOTg1OS1qcGcud2VicHdGV2VybmlzYcW8IHd5c3Rhd3kgaSB3aWVjesOzciBwb2V6amkgRGFudXR5IEt1cmN6ZXdpY3og4oCTIHcgb2JpZWt0eXdpZXYBB2VuYWJsZWR4fZz4CXcEZnVsbHcEbm9uZXckYTc0NDFiN2MtMTBlZi00NjUwLTk4ZjUtNjA2ZWIzNDVkMGMxeHfpATxmaWd1cmUgY2xhc3M9IndwLWJsb2NrLWltYWdlIHNpemUtZnVsbCI+PGltZyBzcmM9Imh0dHBzOi8vd2JwLmx1Ymxpbi5wbC93cC1jb250ZW50L3VwbG9hZHMvMjAyNi8wNC9EU0NfOTg2Mi1qcGcud2VicCIgYWx0PSJXZXJuaXNhxbwgd3lzdGF3eSBpIHdpZWN6w7NyIHBvZXpqaSBEYW51dHkgS3VyY3pld2ljeiAmIzgyMTE7IHcgb2JpZWt0eXdpZSIgY2xhc3M9IndwLWltYWdlLTgxNDM3Ii8+PC9maWd1cmU+dwpjb3JlL2ltYWdld0JodHRwczovL3dicC5sdWJsaW4ucGwvd3AtY29udGVudC91cGxvYWRzLzIwMjYvMDQvRFNDXzk4NjItanBnLndlYnB3Rldlcm5pc2HFvCB3eXN0YXd5IGkgd2llY3rDs3IgcG9lemppIERhbnV0eSBLdXJjemV3aWN6IOKAkyB3IG9iaWVrdHl3aWV2AQdlbmFibGVkeH2d+Al3BGZ1bGx3BG5vbmV3JGE3ZjA2NTkyLTIxMjMtNDY4Yi1iZjJiLWZhNWIxOWZkZThlZHh3STxwIGNsYXNzPSJoYXMtdGV4dC1hbGlnbi1jZW50ZXIiPjxzdHJvbmc+Rm90LiBNLiBLb3rFgm93c2tpIDwvc3Ryb25nPjwvcD53DmNvcmUvcGFyYWdyYXBoeXYBCnR5cG9ncmFwaHl2AQl0ZXh0QWxpZ253BmNlbnRlcnckY2ViMWNhZDctYjdiMi00YjA4LTg4ZGYtN2YyZDc0NmU3ZmIweHdKPHAgY2xhc3M9Imhhcy10ZXh0LWFsaWduLXJpZ2h0Ij48ZW0+RHppYcWCIEluZm9ybWFjamkgaSBQcm9tb2NqaSA8L2VtPjwvcD53DmNvcmUvcGFyYWdyYXBoeXYBCnR5cG9ncmFwaHl2AQl0ZXh0QWxpZ253BXJpZ2h0dyQ1NDNkZGYwMi0yMGFlLTRkYzUtODY5YS1iZWFkNDhjMjM2MWF4dwc8cD48L3A+dw5jb3JlL3BhcmFncmFwaHl7QnnYvPrWQAB9k7LgjAwA\",\"updateId\":117863143}","pgc_sgb_lightbox_settings":"","_EventAllDay":false,"_EventTimezone":"","_EventStartDate":"","_EventEndDate":"","_EventStartDateUTC":"","_EventEndDateUTC":"","_EventShowMap":false,"_EventShowMapLink":false,"_EventURL":"","_EventCost":"","_EventCostDescription":"","_EventCurrencySymbol":"","_EventCurrencyCode":"","_EventCurrencyPosition":"","_EventDateTimeSeparator":"","_EventTimeRangeSeparator":"","_EventOrganizerID":[],"_EventVenueID":[],"_OrganizerEmail":"","_OrganizerPhone":"","_OrganizerWebsite":"","_VenueAddress":"","_VenueCity":"","_VenueCountry":"","_VenueProvince":"","_VenueState":"","_VenueZip":"","_VenuePhone":"","_VenueURL":"","_VenueStateProvince":"","_VenueLat":"","_VenueLng":"","_VenueShowMap":false,"_VenueShowMapLink":false,"_tribe_blocks_recurrence_rules":"","_tribe_blocks_recurrence_description":"","_tribe_blocks_recurrence_exclusions":"","footnotes":""},"categories":[752,10,54,55],"tags":[],"class_list":["post-81407","post","type-post","status-publish","format-standard","has-post-thumbnail","hentry","category-koncert","category-aktualnosci","category-spotkania","category-wystawy"],"publishpress_future_action":{"enabled":false,"date":"2026-05-09 11:50:45","action":"change-status","newStatus":"draft","terms":[],"taxonomy":"category","extraData":[]},"publishpress_future_workflow_manual_trigger":{"enabledWorkflows":[]},"_links":{"self":[{"href":"https:\/\/wbp.lublin.pl\/index.php\/wp-json\/wp\/v2\/posts\/81407","targetHints":{"allow":["GET"]}}],"collection":[{"href":"https:\/\/wbp.lublin.pl\/index.php\/wp-json\/wp\/v2\/posts"}],"about":[{"href":"https:\/\/wbp.lublin.pl\/index.php\/wp-json\/wp\/v2\/types\/post"}],"author":[{"embeddable":true,"href":"https:\/\/wbp.lublin.pl\/index.php\/wp-json\/wp\/v2\/users\/20"}],"replies":[{"embeddable":true,"href":"https:\/\/wbp.lublin.pl\/index.php\/wp-json\/wp\/v2\/comments?post=81407"}],"version-history":[{"count":2,"href":"https:\/\/wbp.lublin.pl\/index.php\/wp-json\/wp\/v2\/posts\/81407\/revisions"}],"predecessor-version":[{"id":81594,"href":"https:\/\/wbp.lublin.pl\/index.php\/wp-json\/wp\/v2\/posts\/81407\/revisions\/81594"}],"wp:featuredmedia":[{"embeddable":true,"href":"https:\/\/wbp.lublin.pl\/index.php\/wp-json\/wp\/v2\/media\/81410"}],"wp:attachment":[{"href":"https:\/\/wbp.lublin.pl\/index.php\/wp-json\/wp\/v2\/media?parent=81407"}],"wp:term":[{"taxonomy":"category","embeddable":true,"href":"https:\/\/wbp.lublin.pl\/index.php\/wp-json\/wp\/v2\/categories?post=81407"},{"taxonomy":"post_tag","embeddable":true,"href":"https:\/\/wbp.lublin.pl\/index.php\/wp-json\/wp\/v2\/tags?post=81407"}],"curies":[{"name":"wp","href":"https:\/\/api.w.org\/{rel}","templated":true}]}}