{"id":8158,"date":"2013-09-05T13:00:13","date_gmt":"2013-09-05T11:00:13","guid":{"rendered":"https:\/\/wbp.lublin.pl8\/index.php\/2013\/09\/05\/baranska-ewa-ja-blanka\/"},"modified":"2018-07-04T19:46:39","modified_gmt":"2018-07-04T17:46:39","slug":"baranska-ewa-ja-blanka","status":"publish","type":"post","link":"https:\/\/wbp.lublin.pl\/index.php\/2013\/09\/05\/baranska-ewa-ja-blanka\/","title":{"rendered":"Bara\u0144ska Ewa: Ja, Blanka"},"content":{"rendered":"<p><!-- [if gte mso 9]><xml>     Normal   0   21         false   false   false                             MicrosoftInternetExplorer4   <\/xml><![endif]--><\/p>\n<p style=\"text-align: justify;\">Ja\u2026 Ja jestem pi\u0119kna, niepospolicie inteligenta, utalentowana muzycznie i w og\u00f3le. \u00a0Na dodatek jestem pracowita. Nie macie poj\u0119cia, ile wysi\u0142ku mnie kosztowa\u0142o wypracowanie monarszej postawy kr\u00f3lowej: proste plecy, \u015bci\u0105gni\u0119te usta i lekko wessane policzki. Ponadto wiem doskonale, czego chc\u0119.<\/p>\n<p style=\"text-align: justify;\">Taka w\u0142a\u015bnie jest g\u0142\u00f3wna bohaterka powie\u015bci ,,Ja, Blanka\u2019\u2019 autorstwa Ewy Bara\u0144skiej \u2013 wynios\u0142a, arogancka i wyrachowana.<\/p>\n<p style=\"text-align: justify;\">Kiedy zacz\u0119\u0142am czyta\u0107 t\u0119 ksi\u0105\u017ck\u0119, pomy\u015bla\u0142am: ,,Ale ta dziewczyna jest g\u0142upia!\u2019\u2019 Irytowa\u0142a mnie swoim zachowaniem i stosunkiem do innych. Jak mog\u0142a tak przedmiotowo traktowa\u0107 koleg\u00f3w i kole\u017canki z klasy? Co z tego, \u017ce s\u0105 biedni, nie mieszkaj\u0105 w pi\u0119knych, przestronnych willach, tylko w ciasnych, szarych i ponurych blokowiskach ?! Albo jak mo\u017cna wodzi\u0107 za nos ch\u0142opaka, zak\u0142adaj\u0105c, \u017ce si\u0119 go rzuci, kiedy nawinie si\u0119 kto\u015b lepiej usytuowany ? Nie, postawa Blanki zupe\u0142nie nie pasowa\u0142a do mojego systemu warto\u015bci. Mimo to nie mog\u0142am oderwa\u0107 si\u0119 od kart tej ksi\u0105\u017cki, poniewa\u017c interesowa\u0142o mnie to, co si\u0119 stanie z t\u0105 arogantk\u0105.<\/p>\n<p style=\"text-align: justify;\">Na pocz\u0105tku powie\u015bci Blanka razem ze swoj\u0105 matk\u0105 mieszka w ciasnej kawalerce w wie\u017cowcu, na osiedlu ciesz\u0105cym si\u0119 z\u0142\u0105 s\u0142aw\u0105. Potem te dwie kobiety dos\u0142ownie ,,omami\u0142y\u2019\u2019, ,,usidli\u0142y\u2019\u2019 biznesmena \u2013 wdowca. Przenios\u0142y si\u0119 do jego du\u017cego domu w tzw. ,,dobrej\u2019\u2019 dzielnicy, gdzie mieszkaj\u0105 sami lekarze, prawnicy i bankierzy. Dopiero w\u00f3wczas bohaterka daje si\u0119 pozna\u0107 jako osoba nie tylko narcystyczna, lecz tak\u017ce pod\u0142a i perfidna. Bez skrupu\u0142\u00f3w oraz z premedytacj\u0105 wymy\u015bla\u0142a coraz to nowe oskar\u017cenia dla swojej przyrodniej siostry Tosi. A kiedy ta po raz kolejny dostawa\u0142a lanie, Blanka si\u0119 cieszy\u0142a.<\/p>\n<p style=\"text-align: justify;\">Dalej, bohaterka zmienia szko\u0142\u0119, znajomych i\u2026 ofiar\u0119. Tym razem staje si\u0119 ni\u0105 kolega z jej nowej klasy. Stan\u0105 na jej drodze, chocia\u017c nie\u015bwiadomie, teraz musi znikn\u0105\u0107, bo przecie\u017c ona, Blanka, musi by\u0107 najlepsza, musi by\u0107 zawsze pierwsza, musi zachwyca\u0107 i b\u0142yszcze\u0107. Pora\u017cki s\u0105 \u017ar\u00f3d\u0142em jej cierpie\u0144 wewn\u0119trznych, lecz r\u00f3wnie\u017c s\u0105 si\u0142\u0105 nap\u0119dow\u0105 jej \u017cycia. Zadziwiaj\u0105ce. My\u015bl\u0119, \u017ce obecnie du\u017co jest podobnych os\u00f3b, kt\u00f3re pod mask\u0105 mi\u0142ych, uk\u0142adnych i \u017cyczliwych ukrywaj\u0105 swoj\u0105 prawdziw\u0105 twarz \u2013 twarz Blanki.<\/p>\n<p style=\"text-align: justify;\">Co jeszcze mnie zainteresowa\u0142o? To, i\u017c w tej powie\u015bci role zosta\u0142y odwr\u00f3cone. Mamy tutaj, owszem, Tosi\u0119-Kopciuszka, bogatego wdowca, z\u0142\u0105 macoch\u0119 oraz jej okrutn\u0105 c\u00f3rk\u0119. Prawie \u017ce bajka. Jednak tym razem spogl\u0105damy na \u015bwiat przedstawiony oczami Blanki, przybranej c\u00f3rki biznesmena, a nie, jak zwykli\u015bmy do tej pory, Kopciuszka. Mamy mo\u017cliwo\u015b\u0107 pozna\u0107 tok my\u015blenia Blanki, bohaterki ca\u0142kowicie negatywnej, czarnej, nie zas\u0142uguj\u0105cej na nasze wsp\u00f3\u0142czucie. Przera\u017caj\u0105ce, a jednocze\u015bnie fascynuj\u0105ce. Odpychaj\u0105ce i zajmuj\u0105ce za razem. Trzymaj\u0105ce w napi\u0119ciu od pierwszej a\u017c po ostatni\u0105 stron\u0119.<\/p>\n<p style=\"text-align: justify;\">Co si\u0119 z ni\u0105 stanie? Jak d\u0142ugo jeszcze b\u0119dzie krzywdzi\u0142a innych? Czy wszystkie jej plany i marzenia zostan\u0105 zrealizowane? Kiedy i czy kto\u015b dostrze\u017ce diab\u0142a w postaci pi\u0119knego motyla? Tego dowie si\u0119 ten, kto si\u0119gnie po t\u0119 ksi\u0105\u017ck\u0119. Gor\u0105co polecam powie\u015b\u0107 ,, Ja, Blanka\u2019\u2019 Ewy Bara\u0144skiej.<\/p>\n<p><!-- [if gte mso 9]><![endif]--><!-- [if gte mso 10]>\n\n\n\n<style>  \/* Style Definitions *\/  table.MsoNormalTable \t{ \tmso-style-parent:\"\"; \tfont-size:10.0pt;\"Times New Roman\";} <\/style>\n\n <![endif]--><\/p>\n","protected":false},"excerpt":{"rendered":"<p>Ja\u2026 Ja jestem pi\u0119kna, niepospolicie inteligenta, utalentowana muzycznie i w og\u00f3le. \u00a0Na dodatek jestem pracowita. Nie macie poj\u0119cia, ile wysi\u0142ku mnie kosztowa\u0142o wypracowanie monarszej postawy kr\u00f3lowej: proste plecy, \u015bci\u0105gni\u0119te usta [&hellip;]<\/p>\n","protected":false},"author":18,"featured_media":0,"comment_status":"open","ping_status":"open","sticky":false,"template":"","format":"standard","meta":{"_tec_requires_first_save":true,"_crdt_document":"","pgc_sgb_lightbox_settings":"","_EventAllDay":false,"_EventTimezone":"","_EventStartDate":"","_EventEndDate":"","_EventStartDateUTC":"","_EventEndDateUTC":"","_EventShowMap":false,"_EventShowMapLink":false,"_EventURL":"","_EventCost":"","_EventCostDescription":"","_EventCurrencySymbol":"","_EventCurrencyCode":"","_EventCurrencyPosition":"","_EventDateTimeSeparator":"","_EventTimeRangeSeparator":"","_EventOrganizerID":[],"_EventVenueID":[],"_OrganizerEmail":"","_OrganizerPhone":"","_OrganizerWebsite":"","_VenueAddress":"","_VenueCity":"","_VenueCountry":"","_VenueProvince":"","_VenueState":"","_VenueZip":"","_VenuePhone":"","_VenueURL":"","_VenueStateProvince":"","_VenueLat":"","_VenueLng":"","_VenueShowMap":false,"_VenueShowMapLink":false,"_tribe_blocks_recurrence_rules":"","_tribe_blocks_recurrence_description":"","_tribe_blocks_recurrence_exclusions":"","footnotes":""},"categories":[110],"tags":[],"class_list":["post-8158","post","type-post","status-publish","format-standard","hentry","category-recenzje-klubowiczow"],"publishpress_future_action":{"enabled":false,"date":"2026-05-06 03:36:54","action":"change-status","newStatus":"draft","terms":[],"taxonomy":"category","extraData":[]},"publishpress_future_workflow_manual_trigger":{"enabledWorkflows":[]},"_links":{"self":[{"href":"https:\/\/wbp.lublin.pl\/index.php\/wp-json\/wp\/v2\/posts\/8158","targetHints":{"allow":["GET"]}}],"collection":[{"href":"https:\/\/wbp.lublin.pl\/index.php\/wp-json\/wp\/v2\/posts"}],"about":[{"href":"https:\/\/wbp.lublin.pl\/index.php\/wp-json\/wp\/v2\/types\/post"}],"author":[{"embeddable":true,"href":"https:\/\/wbp.lublin.pl\/index.php\/wp-json\/wp\/v2\/users\/18"}],"replies":[{"embeddable":true,"href":"https:\/\/wbp.lublin.pl\/index.php\/wp-json\/wp\/v2\/comments?post=8158"}],"version-history":[{"count":2,"href":"https:\/\/wbp.lublin.pl\/index.php\/wp-json\/wp\/v2\/posts\/8158\/revisions"}],"predecessor-version":[{"id":12841,"href":"https:\/\/wbp.lublin.pl\/index.php\/wp-json\/wp\/v2\/posts\/8158\/revisions\/12841"}],"wp:attachment":[{"href":"https:\/\/wbp.lublin.pl\/index.php\/wp-json\/wp\/v2\/media?parent=8158"}],"wp:term":[{"taxonomy":"category","embeddable":true,"href":"https:\/\/wbp.lublin.pl\/index.php\/wp-json\/wp\/v2\/categories?post=8158"},{"taxonomy":"post_tag","embeddable":true,"href":"https:\/\/wbp.lublin.pl\/index.php\/wp-json\/wp\/v2\/tags?post=8158"}],"curies":[{"name":"wp","href":"https:\/\/api.w.org\/{rel}","templated":true}]}}