{"id":8214,"date":"2013-09-27T10:51:12","date_gmt":"2013-09-27T08:51:12","guid":{"rendered":"https:\/\/wbp.lublin.pl8\/index.php\/2013\/09\/27\/maratonski-bieg-z-ksiazka-dla-dzieci-i-mlodziezy\/"},"modified":"2018-07-02T22:56:46","modified_gmt":"2018-07-02T20:56:46","slug":"maratonski-bieg-z-ksiazka-dla-dzieci-i-mlodziezy","status":"publish","type":"post","link":"https:\/\/wbp.lublin.pl\/index.php\/2013\/09\/27\/maratonski-bieg-z-ksiazka-dla-dzieci-i-mlodziezy\/","title":{"rendered":"Marato\u0144ski bieg z ksi\u0105\u017ck\u0105 dla dzieci i m\u0142odzie\u017cy"},"content":{"rendered":"<p><!-- [if !mso]>\n\n\n\n<style> v\\:* {behavior:url(#default#VML);} o\\:* {behavior:url(#default#VML);} w\\:* {behavior:url(#default#VML);} .shape {behavior:url(#default#VML);} <\/style>\n\n <![endif]--><\/p>\n<p style=\"text-align: justify;\"><b>Wbrew statystykom hrubieszowianie udowodnili, \u017ce czytaj\u0105 i to przez 24 godziny non stop. Kreowanie mody na czytanie popar\u0142o 486 os\u00f3b, kt\u00f3re uczestniczy\u0142y w Maratonie, 277 razy zamieniali si\u0119 miejscami lektorzy, by przestrze\u0144 do prezentacji g\u0142o\u015bnego czytania mia\u0142a jak najwi\u0119ksza liczba os\u00f3b.<\/b><\/p>\n<p style=\"text-align: justify;\">Ju\u017c po raz drugi Miejska Biblioteka Publiczna zarazi\u0142a epidemi\u0105 czytelnicz\u0105 Hrubiesz\u00f3w. Platform\u0105 sta\u0142a si\u0119 organizacja 24 godzinnego Maratonu G\u0142o\u015bnego Czytania. Start nast\u0105pi\u0142\u00a012\u00a0kwietnia o godz. 9.00, a meta 13 kwietnia o 9.00. Realizacja wydarzenia sta\u0142a si\u0119 mo\u017cliwa dzi\u0119ki dofinansowaniu, otrzymanemu od Instytutu Ksi\u0105\u017cki w ramach projektu \u201eTeraz MY \u2013 DKK dla dzieci i\u00a0m\u0142odzie\u017cy\u201d. Oficjalnymi partnerami by\u0142y GBP w Werbkowicach, PBP im. prof. W. Zina oraz ZSM nr 1 w Hrubieszowie.<\/p>\n<p style=\"text-align: justify;\">Z g\u0142o\u015bnik\u00f3w ustawionych w oknach Hrubieszowskiego Domu Kultury przez pe\u0142ne 24 godziny p\u0142yn\u0119\u0142y w miasto s\u0142owa zaczerpni\u0119te z literatury dla dzieci i m\u0142odzie\u017cy. W podsumowaniu okaza\u0142o si\u0119, \u017ce najpopularniejszymi autorami Maratonu byli Jan Brzechwa i Julian Tuwim. Uczestnicy Maratonu mogli przyj\u015b\u0107\u00a0z w\u0142asn\u0105 ksi\u0105\u017ck\u0105 i wybranym fragmentem, mogli wybra\u0107 co\u015b z kanonu przygotowanego przez bibliotek\u0119; czytanie nie by\u0142o konieczne, mo\u017cna by\u0142o wesprze\u0107 akcj\u0119 po prostu swoj\u0105 obecno\u015bci\u0105. Zawodnikami byli ludzie w r\u00f3\u017cnym wieku, pocz\u0105wszy od przedszkolak\u00f3w, rodzic\u00f3w, a\u017c po s\u0142uchaczy Hrubieszowskiego Uniwersytetu Trzeciego Wieku. Dzi\u0119ki wsparciu Centrum J\u0119zyka Angielskiego Helen Doron Early English bajka dla dzieci czytana by\u0142a r\u00f3wnie\u017c w j\u0119zyku angielskim, a\u00a0jej odbiorcami by\u0142 Dzieci\u0119cy Dyskusyjny Klub Ksi\u0105\u017cki \u201eLekturynki\u201d.<\/p>\n<p style=\"text-align: justify;\">Uczestnicy \u015bwi\u0119towali Mi\u0119dzynarodowy Dzie\u0144 Ksi\u0105\u017cki dla Dzieci. Reasumuj\u0105c, w\u00a0przedsi\u0119wzi\u0119ciu aktywnie wzi\u0119\u0142o udzia\u0142 486 os\u00f3b, 277 razy zmieniali si\u0119 czytaj\u0105cy lektorzy. Przedsi\u0119wzi\u0119cie nie mia\u0142oby takiej rangi i\u00a0wymiaru, gdyby nie pomoc partner\u00f3w. HDK nieodp\u0142atnie udost\u0119pni\u0142 pomieszczenia, a Niepubliczne Przedszkole Specjalne wypo\u017cyczy\u0142o niezwykle kolorowy plac zabaw oraz inne elementy scenografii, ciesz\u0105ce si\u0119 ogromn\u0105 popularno\u015bci\u0105 nie tylko w\u015br\u00f3d najm\u0142odszych. \u015awietnie czu\u0142a si\u0119 tam r\u00f3wnie\u017c m\u0142odzie\u017c, kt\u00f3ra w godzinach nocnych wykorzystywa\u0142a t\u0119 przestrze\u0144 na czytanie i regeneracj\u0119. Nieoceniona okaza\u0142a si\u0119 pomoc Zwi\u0105zku Strzeleckiego \u201eStrzelec\u201d, kt\u00f3rego cz\u0142onkowie przez wiele godzin towarzyszyli ekipie biblioteki pomagaj\u0105c zagospodarowa\u0107 przestrze\u0144 oraz strzeg\u0105c bezpiecze\u0144stwa uczestnik\u00f3w Maratonu, a na koniec imprezy jeszcze znale\u017ali si\u0142\u0119, by czynnie w\u0142\u0105czy\u0107 si\u0119 w porz\u0105dkowanie miejsca Maratonu. Wydarzenie aktywnie wspiera\u0142y lokalne media: portal LubieHrubie, Hrubieszowska.pl, Hrubiesz\u00f3w.info, Radio RTM \u201eStaszic\u201d. Wiernymi or\u0119downikami byli r\u00f3wnie\u017c: Sp\u00f3\u0142dzielczy Klub Kultury \u201eS\u0142oneczko\u201d, M\u0142odzie\u017cowa Rada Miasta, radny Andrzej Podlewski, Biblioteka Pedagogiczna, Stowarzyszenie Aktywnych Animator\u00f3w Kultury, Warsztaty Terapii Zaj\u0119ciowej, przedszkola i szko\u0142y. Organizacj\u0119 Maratonu wspomogli tak\u017ce Teatr Piosenki \u201eM\u0142yn\u201d, Agencja \u201eBruno\u201d ,VIVA CLUB\u00a0oraz niesamowici wolontariusze, kt\u00f3rzy w zale\u017cno\u015bci od zgody rodzic\u00f3w mogli towarzyszy\u0107 imprezie kilka godzin, a\u00a0siedmiu z\u00a0nich dzielnie trwa\u0142o\u00a0od pocz\u0105tku do ko\u0144ca imprezy.<\/p>\n<p style=\"text-align: justify;\">Swoj\u0105 przestrze\u0144 mia\u0142y r\u00f3wnie\u017c Dyskusyjne Kluby Ksi\u0105\u017cki dzia\u0142aj\u0105ce przy bibliotece, to one na co dzie\u0144 kreuj\u0105 mod\u0119 na czytanie w\u015br\u00f3d mieszka\u0144c\u00f3w Hrubieszowa.<\/p>\n<p style=\"text-align: center;\"><img data-dominant-color=\"5d4832\" data-has-transparency=\"false\" style=\"--dominant-color: #5d4832;\" decoding=\"async\" class=\"size-full wp-image-8172 not-transparent\" title=\" \" src=\"http:\/\/wbp.lublin.pl\/wp-content\/uploads\/2013\/09\/dkk_relacje_2013-04-12-Maraton_1.JPG\" alt=\"\" height=\"100\" \/> <img data-dominant-color=\"463e42\" data-has-transparency=\"false\" style=\"--dominant-color: #463e42;\" decoding=\"async\" class=\"size-full wp-image-8173 not-transparent\" title=\" \" src=\"http:\/\/wbp.lublin.pl\/wp-content\/uploads\/2013\/09\/dkk_relacje_2013-04-12-Maraton_2.JPG\" alt=\"\" height=\"100\" \/> <img data-dominant-color=\"343429\" data-has-transparency=\"false\" style=\"--dominant-color: #343429;\" decoding=\"async\" class=\"size-full wp-image-8174 not-transparent\" title=\" \" src=\"http:\/\/wbp.lublin.pl\/wp-content\/uploads\/2013\/09\/dkk_relacje_2013-04-12-Maraton_3.JPG\" alt=\"\" height=\"100\" \/> <img data-dominant-color=\"251e15\" data-has-transparency=\"false\" style=\"--dominant-color: #251e15;\" decoding=\"async\" class=\"size-full wp-image-8175 not-transparent\" title=\" \" src=\"http:\/\/wbp.lublin.pl\/wp-content\/uploads\/2013\/09\/dkk_relacje_2013-04-12-Maraton_4.JPG\" alt=\"\" height=\"100\" \/> <img data-dominant-color=\"3a3327\" data-has-transparency=\"false\" style=\"--dominant-color: #3a3327;\" decoding=\"async\" class=\"size-full wp-image-8176 not-transparent\" title=\" \" src=\"http:\/\/wbp.lublin.pl\/wp-content\/uploads\/2013\/09\/dkk_relacje_2013-04-12-Maraton_5.JPG\" alt=\"\" height=\"100\" \/> <img data-dominant-color=\"1a120f\" data-has-transparency=\"false\" style=\"--dominant-color: #1a120f;\" decoding=\"async\" class=\"size-full wp-image-8177 not-transparent\" title=\" \" src=\"http:\/\/wbp.lublin.pl\/wp-content\/uploads\/2013\/09\/dkk_relacje_2013-04-12-Maraton_6.JPG\" alt=\"\" height=\"100\" \/> <img data-dominant-color=\"a5917c\" data-has-transparency=\"false\" style=\"--dominant-color: #a5917c;\" decoding=\"async\" class=\"size-full wp-image-8178 not-transparent\" title=\" \" src=\"http:\/\/wbp.lublin.pl\/wp-content\/uploads\/2013\/09\/dkk_relacje_2013-04-12-Maraton_7.JPG\" alt=\"\" height=\"100\" \/> <img data-dominant-color=\"a49165\" data-has-transparency=\"false\" style=\"--dominant-color: #a49165;\" decoding=\"async\" class=\"size-full wp-image-8179 not-transparent\" title=\" \" src=\"http:\/\/wbp.lublin.pl\/wp-content\/uploads\/2013\/09\/dkk_relacje_2013-04-12-Maraton_8.JPG\" alt=\"\" height=\"100\" \/> <img data-dominant-color=\"807062\" data-has-transparency=\"false\" style=\"--dominant-color: #807062;\" decoding=\"async\" class=\"size-full wp-image-8180 not-transparent\" title=\" \" src=\"http:\/\/wbp.lublin.pl\/wp-content\/uploads\/2013\/09\/dkk_relacje_2013-04-12-Maraton_9.JPG\" alt=\"\" height=\"100\" \/> <img data-dominant-color=\"7c7673\" data-has-transparency=\"false\" style=\"--dominant-color: #7c7673;\" decoding=\"async\" class=\"size-full wp-image-8181 not-transparent\" title=\" \" src=\"http:\/\/wbp.lublin.pl\/wp-content\/uploads\/2013\/09\/dkk_relacje_2013-04-12-Maraton_10.JPG\" alt=\"\" height=\"100\" \/> <img data-dominant-color=\"817e75\" data-has-transparency=\"false\" style=\"--dominant-color: #817e75;\" decoding=\"async\" class=\"size-full wp-image-8182 not-transparent\" title=\" \" src=\"http:\/\/wbp.lublin.pl\/wp-content\/uploads\/2013\/09\/dkk_relacje_2013-04-12-Maraton_11.JPG\" alt=\"\" height=\"100\" \/> <img data-dominant-color=\"71584c\" data-has-transparency=\"false\" style=\"--dominant-color: #71584c;\" decoding=\"async\" class=\"size-full wp-image-8183 not-transparent\" title=\" \" src=\"http:\/\/wbp.lublin.pl\/wp-content\/uploads\/2013\/09\/dkk_relacje_2013-04-12-Maraton_12.JPG\" alt=\"\" height=\"100\" \/> <img data-dominant-color=\"695749\" data-has-transparency=\"false\" style=\"--dominant-color: #695749;\" decoding=\"async\" class=\"size-full wp-image-8184 not-transparent\" title=\" \" src=\"http:\/\/wbp.lublin.pl\/wp-content\/uploads\/2013\/09\/dkk_relacje_2013-04-12-Maraton_13.JPG\" alt=\"\" height=\"100\" \/> <img data-dominant-color=\"a0978c\" data-has-transparency=\"false\" style=\"--dominant-color: #a0978c;\" decoding=\"async\" class=\"size-full wp-image-8185 not-transparent\" title=\" \" src=\"http:\/\/wbp.lublin.pl\/wp-content\/uploads\/2013\/09\/dkk_relacje_2013-04-12-Maraton_14.JPG\" alt=\"\" height=\"100\" \/> <img data-dominant-color=\"57433e\" data-has-transparency=\"false\" style=\"--dominant-color: #57433e;\" decoding=\"async\" class=\"size-full wp-image-8186 not-transparent\" title=\" \" src=\"http:\/\/wbp.lublin.pl\/wp-content\/uploads\/2013\/09\/dkk_relacje_2013-04-12-Maraton_15.JPG\" alt=\"\" height=\"100\" \/> <img data-dominant-color=\"616262\" data-has-transparency=\"false\" style=\"--dominant-color: #616262;\" decoding=\"async\" class=\"size-full wp-image-8187 not-transparent\" title=\" \" src=\"http:\/\/wbp.lublin.pl\/wp-content\/uploads\/2013\/09\/dkk_relacje_2013-04-12-Maraton_16.JPG\" alt=\"\" height=\"100\" \/> <img data-dominant-color=\"5f554e\" data-has-transparency=\"false\" style=\"--dominant-color: #5f554e;\" decoding=\"async\" class=\"size-full wp-image-8188 not-transparent\" title=\" \" src=\"http:\/\/wbp.lublin.pl\/wp-content\/uploads\/2013\/09\/dkk_relacje_2013-04-12-Maraton_17.JPG\" alt=\"\" height=\"100\" \/> <img data-dominant-color=\"6c5c4f\" data-has-transparency=\"false\" style=\"--dominant-color: #6c5c4f;\" decoding=\"async\" class=\"size-full wp-image-8189 not-transparent\" title=\" \" src=\"http:\/\/wbp.lublin.pl\/wp-content\/uploads\/2013\/09\/dkk_relacje_2013-04-12-Maraton_18.JPG\" alt=\"\" height=\"100\" \/> <img data-dominant-color=\"685e62\" data-has-transparency=\"false\" style=\"--dominant-color: #685e62;\" decoding=\"async\" class=\"size-full wp-image-8190 not-transparent\" title=\" \" src=\"http:\/\/wbp.lublin.pl\/wp-content\/uploads\/2013\/09\/dkk_relacje_2013-04-12-Maraton_19.JPG\" alt=\"\" height=\"100\" \/> <img data-dominant-color=\"665c59\" data-has-transparency=\"false\" style=\"--dominant-color: #665c59;\" decoding=\"async\" class=\"size-full wp-image-8191 not-transparent\" title=\" \" src=\"http:\/\/wbp.lublin.pl\/wp-content\/uploads\/2013\/09\/dkk_relacje_2013-04-12-Maraton_20.JPG\" alt=\"\" height=\"100\" \/> <img data-dominant-color=\"5b4e3f\" data-has-transparency=\"false\" style=\"--dominant-color: #5b4e3f;\" decoding=\"async\" class=\"size-full wp-image-8192 not-transparent\" title=\" \" src=\"http:\/\/wbp.lublin.pl\/wp-content\/uploads\/2013\/09\/dkk_relacje_2013-04-12-Maraton_21.JPG\" alt=\"\" height=\"100\" \/> <img data-dominant-color=\"514436\" data-has-transparency=\"false\" style=\"--dominant-color: #514436;\" decoding=\"async\" class=\"size-full wp-image-8193 not-transparent\" title=\" \" src=\"http:\/\/wbp.lublin.pl\/wp-content\/uploads\/2013\/09\/dkk_relacje_2013-04-12-Maraton_22.JPG\" alt=\"\" height=\"100\" \/> <img data-dominant-color=\"615559\" data-has-transparency=\"false\" style=\"--dominant-color: #615559;\" decoding=\"async\" class=\"size-full wp-image-8194 not-transparent\" title=\" \" src=\"http:\/\/wbp.lublin.pl\/wp-content\/uploads\/2013\/09\/dkk_relacje_2013-04-12-Maraton_23.JPG\" alt=\"\" height=\"100\" \/> <img data-dominant-color=\"735245\" data-has-transparency=\"false\" style=\"--dominant-color: #735245;\" decoding=\"async\" class=\"size-full wp-image-8195 not-transparent\" title=\" \" src=\"http:\/\/wbp.lublin.pl\/wp-content\/uploads\/2013\/09\/dkk_relacje_2013-04-12-Maraton_24.JPG\" alt=\"\" height=\"100\" \/> <img data-dominant-color=\"6d5541\" data-has-transparency=\"false\" style=\"--dominant-color: #6d5541;\" decoding=\"async\" class=\"size-full wp-image-8196 not-transparent\" title=\" \" src=\"http:\/\/wbp.lublin.pl\/wp-content\/uploads\/2013\/09\/dkk_relacje_2013-04-12-Maraton_25.JPG\" alt=\"\" height=\"100\" \/> <img data-dominant-color=\"5f4434\" data-has-transparency=\"false\" style=\"--dominant-color: #5f4434;\" decoding=\"async\" class=\"size-full wp-image-8197 not-transparent\" title=\" \" src=\"http:\/\/wbp.lublin.pl\/wp-content\/uploads\/2013\/09\/dkk_relacje_2013-04-12-Maraton_26.JPG\" alt=\"\" height=\"100\" \/> <img data-dominant-color=\"4c3d33\" data-has-transparency=\"false\" style=\"--dominant-color: #4c3d33;\" decoding=\"async\" class=\"size-full wp-image-8198 not-transparent\" title=\" \" src=\"http:\/\/wbp.lublin.pl\/wp-content\/uploads\/2013\/09\/dkk_relacje_2013-04-12-Maraton_27.JPG\" alt=\"\" height=\"100\" \/> <img data-dominant-color=\"473732\" data-has-transparency=\"false\" style=\"--dominant-color: #473732;\" decoding=\"async\" class=\"size-full wp-image-8199 not-transparent\" title=\" \" src=\"http:\/\/wbp.lublin.pl\/wp-content\/uploads\/2013\/09\/dkk_relacje_2013-04-12-Maraton_28.JPG\" alt=\"\" height=\"100\" \/> <img data-dominant-color=\"4d362e\" data-has-transparency=\"false\" style=\"--dominant-color: #4d362e;\" decoding=\"async\" class=\"size-full wp-image-8200 not-transparent\" title=\" \" src=\"http:\/\/wbp.lublin.pl\/wp-content\/uploads\/2013\/09\/dkk_relacje_2013-04-12-Maraton_29.JPG\" alt=\"\" height=\"100\" \/> <img data-dominant-color=\"775959\" data-has-transparency=\"false\" style=\"--dominant-color: #775959;\" decoding=\"async\" class=\"size-full wp-image-8201 not-transparent\" title=\" \" src=\"http:\/\/wbp.lublin.pl\/wp-content\/uploads\/2013\/09\/dkk_relacje_2013-04-12-Maraton_30.JPG\" alt=\"\" height=\"100\" \/> <img data-dominant-color=\"7d7267\" data-has-transparency=\"false\" style=\"--dominant-color: #7d7267;\" decoding=\"async\" class=\"size-full wp-image-8202 not-transparent\" title=\" \" src=\"http:\/\/wbp.lublin.pl\/wp-content\/uploads\/2013\/09\/dkk_relacje_2013-04-12-Maraton_31.JPG\" alt=\"\" height=\"100\" \/> <img data-dominant-color=\"514b44\" data-has-transparency=\"false\" style=\"--dominant-color: #514b44;\" decoding=\"async\" class=\"size-full wp-image-8203 not-transparent\" title=\" \" src=\"http:\/\/wbp.lublin.pl\/wp-content\/uploads\/2013\/09\/dkk_relacje_2013-04-12-Maraton_32.JPG\" alt=\"\" height=\"100\" \/> <img data-dominant-color=\"6e6057\" data-has-transparency=\"false\" style=\"--dominant-color: #6e6057;\" decoding=\"async\" class=\"size-full wp-image-8204 not-transparent\" title=\" \" src=\"http:\/\/wbp.lublin.pl\/wp-content\/uploads\/2013\/09\/dkk_relacje_2013-04-12-Maraton_33.JPG\" alt=\"\" height=\"100\" \/> <img data-dominant-color=\"424045\" data-has-transparency=\"false\" style=\"--dominant-color: #424045;\" decoding=\"async\" class=\"size-full wp-image-8205 not-transparent\" title=\" \" src=\"http:\/\/wbp.lublin.pl\/wp-content\/uploads\/2013\/09\/dkk_relacje_2013-04-12-Maraton_34.JPG\" alt=\"\" height=\"100\" \/> <img data-dominant-color=\"775a47\" data-has-transparency=\"false\" style=\"--dominant-color: #775a47;\" decoding=\"async\" class=\"size-full wp-image-8206 not-transparent\" title=\" \" src=\"http:\/\/wbp.lublin.pl\/wp-content\/uploads\/2013\/09\/dkk_relacje_2013-04-12-Maraton_35.JPG\" alt=\"\" height=\"100\" \/> <img data-dominant-color=\"876b5b\" data-has-transparency=\"false\" style=\"--dominant-color: #876b5b;\" decoding=\"async\" class=\"size-full wp-image-8207 not-transparent\" title=\" \" src=\"http:\/\/wbp.lublin.pl\/wp-content\/uploads\/2013\/09\/dkk_relacje_2013-04-12-Maraton_36.JPG\" alt=\"\" height=\"100\" \/> <img data-dominant-color=\"646260\" data-has-transparency=\"false\" style=\"--dominant-color: #646260;\" decoding=\"async\" class=\"size-full wp-image-8208 not-transparent\" title=\" \" src=\"http:\/\/wbp.lublin.pl\/wp-content\/uploads\/2013\/09\/dkk_relacje_2013-04-12-Maraton_37.JPG\" alt=\"\" height=\"100\" \/> <img data-dominant-color=\"625a3f\" data-has-transparency=\"false\" style=\"--dominant-color: #625a3f;\" decoding=\"async\" class=\"size-full wp-image-8209 not-transparent\" title=\" \" src=\"http:\/\/wbp.lublin.pl\/wp-content\/uploads\/2013\/09\/dkk_relacje_2013-04-12-Maraton_38.JPG\" alt=\"\" height=\"100\" \/> <img data-dominant-color=\"5a5136\" data-has-transparency=\"false\" style=\"--dominant-color: #5a5136;\" decoding=\"async\" class=\"size-full wp-image-8210 not-transparent\" title=\" \" src=\"http:\/\/wbp.lublin.pl\/wp-content\/uploads\/2013\/09\/dkk_relacje_2013-04-12-Maraton_39.JPG\" alt=\"\" height=\"100\" \/> <img data-dominant-color=\"352821\" data-has-transparency=\"false\" style=\"--dominant-color: #352821;\" decoding=\"async\" class=\"size-full wp-image-8211 not-transparent\" title=\" \" src=\"http:\/\/wbp.lublin.pl\/wp-content\/uploads\/2013\/09\/dkk_relacje_2013-04-12-Maraton_40.JPG\" alt=\"\" height=\"100\" \/> <img data-dominant-color=\"584528\" data-has-transparency=\"false\" style=\"--dominant-color: #584528;\" decoding=\"async\" class=\"size-full wp-image-8212 not-transparent\" title=\" \" src=\"http:\/\/wbp.lublin.pl\/wp-content\/uploads\/2013\/09\/dkk_relacje_2013-04-12-Maraton_41.JPG\" alt=\"\" height=\"100\" \/> <img data-dominant-color=\"5d4f3a\" data-has-transparency=\"false\" style=\"--dominant-color: #5d4f3a;\" decoding=\"async\" class=\"size-full wp-image-8213 not-transparent\" title=\" \" src=\"http:\/\/wbp.lublin.pl\/wp-content\/uploads\/2013\/09\/dkk_relacje_2013-04-12-Maraton_42.JPG\" alt=\"\" height=\"100\" \/><\/p>\n","protected":false},"excerpt":{"rendered":"<p>Wbrew statystykom hrubieszowianie udowodnili, \u017ce czytaj\u0105 i to przez 24 godziny non stop. Kreowanie mody na czytanie popar\u0142o 486 os\u00f3b, kt\u00f3re uczestniczy\u0142y w Maratonie, 277 razy zamieniali si\u0119 miejscami lektorzy, [&hellip;]<\/p>\n","protected":false},"author":18,"featured_media":8172,"comment_status":"open","ping_status":"open","sticky":false,"template":"","format":"standard","meta":{"_tec_requires_first_save":true,"_crdt_document":"","pgc_sgb_lightbox_settings":"","_EventAllDay":false,"_EventTimezone":"","_EventStartDate":"","_EventEndDate":"","_EventStartDateUTC":"","_EventEndDateUTC":"","_EventShowMap":false,"_EventShowMapLink":false,"_EventURL":"","_EventCost":"","_EventCostDescription":"","_EventCurrencySymbol":"","_EventCurrencyCode":"","_EventCurrencyPosition":"","_EventDateTimeSeparator":"","_EventTimeRangeSeparator":"","_EventOrganizerID":[],"_EventVenueID":[],"_OrganizerEmail":"","_OrganizerPhone":"","_OrganizerWebsite":"","_VenueAddress":"","_VenueCity":"","_VenueCountry":"","_VenueProvince":"","_VenueState":"","_VenueZip":"","_VenuePhone":"","_VenueURL":"","_VenueStateProvince":"","_VenueLat":"","_VenueLng":"","_VenueShowMap":false,"_VenueShowMapLink":false,"_tribe_blocks_recurrence_rules":"","_tribe_blocks_recurrence_description":"","_tribe_blocks_recurrence_exclusions":"","footnotes":""},"categories":[1],"tags":[],"class_list":["post-8214","post","type-post","status-publish","format-standard","has-post-thumbnail","hentry","category-bez-kategorii"],"publishpress_future_action":{"enabled":false,"date":"2026-05-08 09:55:53","action":"change-status","newStatus":"draft","terms":[],"taxonomy":"category","extraData":[]},"publishpress_future_workflow_manual_trigger":{"enabledWorkflows":[]},"_links":{"self":[{"href":"https:\/\/wbp.lublin.pl\/index.php\/wp-json\/wp\/v2\/posts\/8214","targetHints":{"allow":["GET"]}}],"collection":[{"href":"https:\/\/wbp.lublin.pl\/index.php\/wp-json\/wp\/v2\/posts"}],"about":[{"href":"https:\/\/wbp.lublin.pl\/index.php\/wp-json\/wp\/v2\/types\/post"}],"author":[{"embeddable":true,"href":"https:\/\/wbp.lublin.pl\/index.php\/wp-json\/wp\/v2\/users\/18"}],"replies":[{"embeddable":true,"href":"https:\/\/wbp.lublin.pl\/index.php\/wp-json\/wp\/v2\/comments?post=8214"}],"version-history":[{"count":2,"href":"https:\/\/wbp.lublin.pl\/index.php\/wp-json\/wp\/v2\/posts\/8214\/revisions"}],"predecessor-version":[{"id":13212,"href":"https:\/\/wbp.lublin.pl\/index.php\/wp-json\/wp\/v2\/posts\/8214\/revisions\/13212"}],"wp:featuredmedia":[{"embeddable":true,"href":"https:\/\/wbp.lublin.pl\/index.php\/wp-json\/wp\/v2\/media\/8172"}],"wp:attachment":[{"href":"https:\/\/wbp.lublin.pl\/index.php\/wp-json\/wp\/v2\/media?parent=8214"}],"wp:term":[{"taxonomy":"category","embeddable":true,"href":"https:\/\/wbp.lublin.pl\/index.php\/wp-json\/wp\/v2\/categories?post=8214"},{"taxonomy":"post_tag","embeddable":true,"href":"https:\/\/wbp.lublin.pl\/index.php\/wp-json\/wp\/v2\/tags?post=8214"}],"curies":[{"name":"wp","href":"https:\/\/api.w.org\/{rel}","templated":true}]}}