{"id":8221,"date":"2013-10-08T09:25:40","date_gmt":"2013-10-08T07:25:40","guid":{"rendered":"https:\/\/wbp.lublin.pl8\/index.php\/2013\/10\/08\/z-wielkim-smutkiem-i-zalem-przyjelismy-wiadomosc-o-naglej-smierci-w-dniu-7-pazdziernika-2013-r-sp-jadwigi-danuty-golec\/"},"modified":"2018-07-01T20:51:24","modified_gmt":"2018-07-01T18:51:24","slug":"z-wielkim-smutkiem-i-zalem-przyjelismy-wiadomosc-o-naglej-smierci-w-dniu-7-pazdziernika-2013-r-sp-jadwigi-danuty-golec","status":"publish","type":"post","link":"https:\/\/wbp.lublin.pl\/index.php\/2013\/10\/08\/z-wielkim-smutkiem-i-zalem-przyjelismy-wiadomosc-o-naglej-smierci-w-dniu-7-pazdziernika-2013-r-sp-jadwigi-danuty-golec\/","title":{"rendered":"Zmar\u0142a Jadwiga Danuta Golec"},"content":{"rendered":"<p><!--more--><\/p>\n<p style=\"text-align: center;\"><span style=\"color: #000000;\">Z wielkim smutkiem i \u017calem przyj\u0119li\u015bmy wiadomo\u015b\u0107<br \/>\no nag\u0142ej \u015bmierci w dniu 7 pa\u017adziernika 2013 r.\u00a0 <\/span><\/p>\n<h3 style=\"text-align: center;\"><span style=\"font-size: 18px;\"><b><em><span style=\"color: #000000;\">\u015bp. <\/span><\/em><\/b> <\/span><\/h3>\n<h3 style=\"text-align: center;\"><span style=\"font-size: 18px;\"><b><em><span style=\"color: #000000;\"><span style=\"color: #000000;\">Jadwigi Danuty Golec<\/span><\/span><\/em><\/b><\/span><b><span style=\"font-size: 16pt;\"><br \/>\n<\/span><\/b><\/h3>\n<p style=\"text-align: center;\"><span style=\"color: #000000;\">wieloletniego i zas\u0142u\u017conego pracownika<br \/>\nWojew\u00f3dzkiej Biblioteki Publicznej im. Hieronima \u0141opaci\u0144skiego w Lublinie<\/span><\/p>\n<p style=\"text-align: center;\">\n<p style=\"text-align: center;\"><img data-dominant-color=\"777f80\" data-has-transparency=\"false\" style=\"--dominant-color: #777f80;\" loading=\"lazy\" decoding=\"async\" class=\"alignnone wp-image-8217 size-full not-transparent\" src=\"http:\/\/wbp.lublin.pl\/wp-content\/uploads\/2013\/10\/wydarzenia_aktualnosci_2013_2013-10-07-JDGolec_danka-bw.jpg\" alt=\"\" width=\"351\" height=\"500\" \/><\/p>\n<p style=\"text-align: center;\">M\u0119\u017cowi i Rodzinie<br \/>\nsk\u0142adamy wyrazy g\u0142\u0119bokiego wsp\u00f3\u0142czucia<\/p>\n<p style=\"text-align: center;\"><em>Dyrekcja i Pracownicy<br \/>\nWojew\u00f3dzkiej Biblioteki Publicznej<br \/>\nim. Hieronima \u0141opaci\u0144skiego<br \/>\nw Lublinie<\/em><\/p>\n<p style=\"text-align: center;\">Uroczysto\u015bci pogrzebowe odb\u0119d\u0105 si\u0119<br \/>\n11 pa\u017adziernika 2013 r. (pi\u0105tek) o godzinie 12.00<br \/>\nw Ko\u015bciele pw. \u015bw. J\u00f3zefa w Zakrzewie.<\/p>\n<p style=\"text-align: center;\">\n<p style=\"text-align: center;\"><!-- [if gte mso 9]><xml>     Normal   0   21         false   false   false                             MicrosoftInternetExplorer4   <\/xml><![endif]--><\/p>\n<p style=\"text-align: justify; text-indent: 35.4pt; line-height: 150%;\"><img data-dominant-color=\"937d62\" data-has-transparency=\"false\" style=\"--dominant-color: #937d62;\" loading=\"lazy\" decoding=\"async\" class=\"alignleft size-full wp-image-8218 not-transparent\" src=\"http:\/\/wbp.lublin.pl\/wp-content\/uploads\/2013\/10\/wydarzenia_aktualnosci_2013_2013-10-07-JDGolec_IMG_8502.jpg\" alt=\"\" width=\"112\" height=\"200\" align=\"left\" \/><b>Jadwiga Danuta Golec<\/b> \u00a0urodzi\u0142a si\u0119 \u00a017 wrze\u015bnia 1959 roku w Mor\u0105gu. Studiowa\u0142a polonistyk\u0119 w Katolickim Uniwersytecie Lubelskim. Uko\u0144czy\u0142a Pomaturalne Studium Bibliotekarskie Zaoczne w Lublinie, uzyska\u0142a licencjat w zakresie informacji naukowej i bibliotekoznawstwa w Uniwersytecie Warszawskim.<\/p>\n<p style=\"text-align: justify; text-indent: 35.4pt; line-height: 150%;\">Prac\u0119 w Wojew\u00f3dzkiej Bibliotece Publicznej im. Hieronima \u0141opaci\u0144skiego w Lublinie rozpocz\u0119\u0142a 15 kwietnia 1986 roku. Pracowa\u0142a w Dziale Gromadzenia i Opracowania Zbior\u00f3w (m.in. kierowa\u0142a Oddzia\u0142em Katalog\u00f3w). Od 1 listopada 1995 roku pracowa\u0142a w Dziale Informacji, Bibliografii i Udost\u0119pniania (w Informatorium).\u00a0Po zmianie struktury agendy i przekszta\u0142ceniu w Dzia\u0142 Informacji i Promocji w dalszym ci\u0105gu \u2013 na stanowisku kustosza \u2013 zajmowa\u0142a si\u0119 prac\u0105 w Informatorium, udziela\u0142a informacji u\u017cytkownikom Biblioteki, przygotowywa\u0142a wystawy, redagowa\u0142a i adiustowa\u0142a teksty z\u0142o\u017cone do druku w pismach bibliotecznych.<\/p>\n<p style=\"text-align: justify; text-indent: 35.4pt; line-height: 150%;\">Za sumienn\u0105 i rzeteln\u0105 prac\u0119 zawodow\u0105 zosta\u0142a uhonorowana odznak\u0105 Zas\u0142u\u017cony Dzia\u0142acz Kultury (2000), odznaczona Srebrnym Krzy\u017cem Zas\u0142ugi (2002) oraz Nagrod\u0105 Marsza\u0142ka Wojew\u00f3dztwa Lubelskiego za znacz\u0105ce osi\u0105gni\u0119cia zawodowe i prac\u0119 spo\u0142eczn\u0105 (2007).<\/p>\n<p style=\"text-align: justify; text-indent: 35.4pt; line-height: 150%;\"><img data-dominant-color=\"9f8f6c\" data-has-transparency=\"false\" style=\"--dominant-color: #9f8f6c;\" loading=\"lazy\" decoding=\"async\" class=\"alignright size-full wp-image-8219 not-transparent\" src=\"http:\/\/wbp.lublin.pl\/wp-content\/uploads\/2013\/10\/wydarzenia_aktualnosci_2013_2013-10-07-JDGolec_IMG_8491.jpg\" alt=\"\" width=\"147\" height=\"200\" align=\"right\" \/><b>Jadwiga Danuta Golec<\/b> by\u0142a aktywnym dzia\u0142aczem \u00a0NSZZ \u201eSolidarno\u015b\u0107\u201d. By\u0142a przewodnicz\u0105c\u0105 Komisji Zak\u0142adowej w WBP im. H. \u0141opaci\u0144skiego w Lublinie w latach 1992-1994, 2002-2005; przewodnicz\u0105c\u0105 Komisji Rewizyjnej 1994-1997; cz\u0142onkiem Komisji Rewizyjnej 1998-2001,\u00a02006-2010; delegatem na Walny Zjazd Delegat\u00f3w Regionu \u015arodkowowschodniego NSZZ \u201eSolidarno\u015b\u0107\u201d 2006-2010; cz\u0142onkiem Zarz\u0105du Regionalnej Sekcji Pracownik\u00f3w Instytucji Kultury Regionu \u015arodkowowschodniego 1992-1994; delegatem na Walny Zjazd Delegat\u00f3w Sekcji Krajowej Pracownik\u00f3w Bibliotek Publicznych 1992-1994, 2006-2010, 2010-2014; przewodnicz\u0105c\u0105 Komisji Rewizyjnej Sekcji Krajowej Pracownik\u00f3w Bibliotek Publicznych 2006-2010; cz\u0142onkiem Rady Sekcji Krajowej Pracownik\u00f3w Bibliotek Publicznych 2010-2014. W dzia\u0142alno\u015b\u0107 zwi\u0105zkow\u0105 by\u0142a niezwykle zaanga\u017cowana, dba\u0142a o sprawiedliwe traktowanie pracownik\u00f3w, wielokrotnie zabiega\u0142a o ich dobro. Za dzia\u0142alno\u015b\u0107 zwi\u0105zkow\u0105 i postaw\u0119 spo\u0142ecznikowsk\u0105 zosta\u0142a uhonorowana Dyplomem z okazji 25-lecia istnienia NSZZ \u201eSolidarno\u015b\u0107\u201d oraz odznaczona Medalem Bene Meritus (2011).<\/p>\n<p style=\"text-align: justify; text-indent: 35.4pt; line-height: 150%;\"><b>Jadwiga Danuta Golec<\/b> by\u0142a znakomitym pracownikiem Biblioteki; dobrym, uczynnym i\u00a0prawym cz\u0142owiekiem. Bardzo nam Jej brakuje.<\/p>\n<p style=\"text-align: center; text-indent: 35.4pt; line-height: 150%;\"><img data-dominant-color=\"6a6a6a\" data-has-transparency=\"false\" style=\"--dominant-color: #6a6a6a;\" loading=\"lazy\" decoding=\"async\" class=\"size-full wp-image-8220 not-transparent\" src=\"http:\/\/wbp.lublin.pl\/wp-content\/uploads\/2013\/10\/wydarzenia_aktualnosci_2013_2013-10-07-JDGolec_1B.jpg\" alt=\"\" width=\"131\" height=\"200\" \/><\/p>\n","protected":false},"excerpt":{"rendered":"","protected":false},"author":9,"featured_media":8217,"comment_status":"open","ping_status":"open","sticky":false,"template":"","format":"standard","meta":{"_tec_requires_first_save":true,"_crdt_document":"","pgc_sgb_lightbox_settings":"","_EventAllDay":false,"_EventTimezone":"","_EventStartDate":"","_EventEndDate":"","_EventStartDateUTC":"","_EventEndDateUTC":"","_EventShowMap":false,"_EventShowMapLink":false,"_EventURL":"","_EventCost":"","_EventCostDescription":"","_EventCurrencySymbol":"","_EventCurrencyCode":"","_EventCurrencyPosition":"","_EventDateTimeSeparator":"","_EventTimeRangeSeparator":"","_EventOrganizerID":[],"_EventVenueID":[],"_OrganizerEmail":"","_OrganizerPhone":"","_OrganizerWebsite":"","_VenueAddress":"","_VenueCity":"","_VenueCountry":"","_VenueProvince":"","_VenueState":"","_VenueZip":"","_VenuePhone":"","_VenueURL":"","_VenueStateProvince":"","_VenueLat":"","_VenueLng":"","_VenueShowMap":false,"_VenueShowMapLink":false,"_tribe_blocks_recurrence_rules":"","_tribe_blocks_recurrence_description":"","_tribe_blocks_recurrence_exclusions":"","footnotes":""},"categories":[10,53],"tags":[],"class_list":["post-8221","post","type-post","status-publish","format-standard","has-post-thumbnail","hentry","category-aktualnosci","category-komunikaty"],"publishpress_future_action":{"enabled":false,"date":"2026-05-06 15:53:34","action":"change-status","newStatus":"draft","terms":[],"taxonomy":"category","extraData":[]},"publishpress_future_workflow_manual_trigger":{"enabledWorkflows":[]},"_links":{"self":[{"href":"https:\/\/wbp.lublin.pl\/index.php\/wp-json\/wp\/v2\/posts\/8221","targetHints":{"allow":["GET"]}}],"collection":[{"href":"https:\/\/wbp.lublin.pl\/index.php\/wp-json\/wp\/v2\/posts"}],"about":[{"href":"https:\/\/wbp.lublin.pl\/index.php\/wp-json\/wp\/v2\/types\/post"}],"author":[{"embeddable":true,"href":"https:\/\/wbp.lublin.pl\/index.php\/wp-json\/wp\/v2\/users\/9"}],"replies":[{"embeddable":true,"href":"https:\/\/wbp.lublin.pl\/index.php\/wp-json\/wp\/v2\/comments?post=8221"}],"version-history":[{"count":3,"href":"https:\/\/wbp.lublin.pl\/index.php\/wp-json\/wp\/v2\/posts\/8221\/revisions"}],"predecessor-version":[{"id":12440,"href":"https:\/\/wbp.lublin.pl\/index.php\/wp-json\/wp\/v2\/posts\/8221\/revisions\/12440"}],"wp:featuredmedia":[{"embeddable":true,"href":"https:\/\/wbp.lublin.pl\/index.php\/wp-json\/wp\/v2\/media\/8217"}],"wp:attachment":[{"href":"https:\/\/wbp.lublin.pl\/index.php\/wp-json\/wp\/v2\/media?parent=8221"}],"wp:term":[{"taxonomy":"category","embeddable":true,"href":"https:\/\/wbp.lublin.pl\/index.php\/wp-json\/wp\/v2\/categories?post=8221"},{"taxonomy":"post_tag","embeddable":true,"href":"https:\/\/wbp.lublin.pl\/index.php\/wp-json\/wp\/v2\/tags?post=8221"}],"curies":[{"name":"wp","href":"https:\/\/api.w.org\/{rel}","templated":true}]}}