{"id":8270,"date":"2013-12-11T08:53:40","date_gmt":"2013-12-11T07:53:40","guid":{"rendered":"https:\/\/wbp.lublin.pl8\/index.php\/2013\/12\/11\/z-wielkim-smutkiem-i-zalem-przyjelismy-wiadomosc-o-smierci-w-dniu-10-grudnia-2013-r-s-p-jolanty-ben\/"},"modified":"2018-07-01T20:49:27","modified_gmt":"2018-07-01T18:49:27","slug":"z-wielkim-smutkiem-i-zalem-przyjelismy-wiadomosc-o-smierci-w-dniu-10-grudnia-2013-r-s-p-jolanty-ben","status":"publish","type":"post","link":"https:\/\/wbp.lublin.pl\/index.php\/2013\/12\/11\/z-wielkim-smutkiem-i-zalem-przyjelismy-wiadomosc-o-smierci-w-dniu-10-grudnia-2013-r-s-p-jolanty-ben\/","title":{"rendered":"Zmar\u0142a Jolanta Ben"},"content":{"rendered":"<p><!--more--><\/p>\n<p style=\"text-align: center;\"><span style=\"color: #000000;\">Z wielkim smutkiem i \u017calem przyj\u0119li\u015bmy wiadomo\u015b\u0107 o \u015bmierci<br \/>\nw dniu 10 grudnia 2013 r.\u00a0 <\/span><\/p>\n<h3 style=\"text-align: center;\"><span style=\"font-size: 18px;\"><b><em><span style=\"color: #000000;\">\u015bp. <\/span><\/em><\/b> <\/span><\/h3>\n<h3 style=\"text-align: center;\"><span style=\"font-size: 18px;\"><b><em><span style=\"color: #000000;\"><span style=\"color: #000000;\">Jolanty Ben<\/span><\/span><\/em><\/b><\/span><b><span style=\"font-size: 16pt;\"><br \/>\n<\/span><\/b><\/h3>\n<p style=\"text-align: center;\"><span style=\"color: #000000;\">Wieloletniego i zas\u0142u\u017conego pracownika Wojew\u00f3dzkiej Biblioteki Publicznej<br \/>\nim. Hieronima \u0141opaci\u0144skiego w Lublinie<\/span><\/p>\n<p style=\"text-align: center;\"><img data-dominant-color=\"527f80\" data-has-transparency=\"false\" style=\"--dominant-color: #527f80;\" loading=\"lazy\" decoding=\"async\" class=\"alignnone wp-image-8267 size-full not-transparent\" src=\"http:\/\/wbp.lublin.pl\/wp-content\/uploads\/2013\/12\/wydarzenia_aktualnosci_2013_2013-12-11-Jola-Ben_jola-ben.jpg\" alt=\"\" width=\"320\" height=\"500\" \/><\/p>\n<p style=\"text-align: center;\">Dzieciom, Rodzinie i Bliskim<br \/>\nsk\u0142adamy wyrazy g\u0142\u0119bokiego wsp\u00f3\u0142czucia<\/p>\n<p style=\"text-align: center;\"><em>Dyrekcja i Pracownicy<br \/>\nWojew\u00f3dzkiej Biblioteki Publicznej<br \/>\nim. Hieronima \u0141opaci\u0144skiego<br \/>\nw Lublinie<\/em><\/p>\n<p style=\"text-align: justify;\"><img data-dominant-color=\"6f6f6e\" data-has-transparency=\"false\" style=\"--dominant-color: #6f6f6e;\" loading=\"lazy\" decoding=\"async\" class=\"alignleft size-full wp-image-8268 not-transparent\" src=\"http:\/\/wbp.lublin.pl\/wp-content\/uploads\/2013\/12\/wydarzenia_aktualnosci_2013_2013-12-11-Jola-Ben_jb1.jpg\" alt=\"\" width=\"128\" height=\"200\" align=\"left\" \/>Jolanta Ben urodzi\u0142a si\u0119 24 X 1954 r. w Lublinie. Studiowa\u0142a filologi\u0119 polsk\u0105 na UMCS w Lublinie, uko\u0144czy\u0142a studia podyplomowe z Bibliotekoznawstwa i Informacji Naukowej UMCS.<\/p>\n<p style=\"text-align: justify;\">Prac\u0119 w Wojew\u00f3dzkiej Bibliotece Publicznej im. Hieronima \u0141opaci\u0144skiego rozpocz\u0119\u0142a 16 III 1981 r. Pracowa\u0142a w Dziale Sieci Miejskiej, w Dziale Zakupu i Dystrybucji nast\u0119pnie w Dziale Instrukcyjno-Metodycznym.<\/p>\n<p style=\"text-align: justify;\">W Dziale Instrukcyjno-Metodycznym &#8211; na stanowisku starszego kustosza \u2013 zajmowa\u0142a si\u0119 promocj\u0105 literatury, profilowaniem i doborem ksi\u0119gozbior\u00f3w dla bibliotek samorz\u0105dowych, by\u0142a kuratorem wielu wystaw literackich i regionalnych. Jako instruktor sprawowa\u0142a opiek\u0119 merytoryczn\u0105 nad sieci\u0105 bibliotek publicznych w powiatach: hrubieszowskim i parczewskim.<\/p>\n<p style=\"text-align: justify;\">Uhonorowana: odznak\u0105 Zas\u0142u\u017cony Dzia\u0142acz Kultury i Br\u0105zowym Krzy\u017cem Zas\u0142ugi.<\/p>\n<p style=\"text-align: justify;\">By\u0142a wieloletni\u0105 Przewodnicz\u0105c\u0105 Zarz\u0105du Oddzia\u0142u Stowarzyszenia Bibliotekarzy Polskich w Lublinie.<\/p>\n<p style=\"text-align: justify;\">Jolanta Ben by\u0142a uczynna, kole\u017ce\u0144ska, pe\u0142na inwencji, \u017cyczliwa ludziom, wyr\u00f3\u017cnia\u0142a si\u0119 w\u015br\u00f3d nas du\u017cym poczuciem estetyki i pi\u0119kna, by\u0142a uzdolniona artystycznie.<\/p>\n<p style=\"text-align: justify;\">B\u0119dzie nam Ciebie brakowa\u0142o Jolu!<\/p>\n<p style=\"text-align: center;\"><img data-dominant-color=\"685045\" data-has-transparency=\"false\" style=\"--dominant-color: #685045;\" loading=\"lazy\" decoding=\"async\" class=\"size-full wp-image-8269 not-transparent\" src=\"http:\/\/wbp.lublin.pl\/wp-content\/uploads\/2013\/12\/wydarzenia_aktualnosci_2013_2013-12-11-Jola-Ben_jb2.jpg\" alt=\"\" width=\"164\" height=\"200\" \/><\/p>\n","protected":false},"excerpt":{"rendered":"","protected":false},"author":9,"featured_media":8267,"comment_status":"open","ping_status":"open","sticky":false,"template":"","format":"standard","meta":{"_tec_requires_first_save":true,"_crdt_document":"","pgc_sgb_lightbox_settings":"","_EventAllDay":false,"_EventTimezone":"","_EventStartDate":"","_EventEndDate":"","_EventStartDateUTC":"","_EventEndDateUTC":"","_EventShowMap":false,"_EventShowMapLink":false,"_EventURL":"","_EventCost":"","_EventCostDescription":"","_EventCurrencySymbol":"","_EventCurrencyCode":"","_EventCurrencyPosition":"","_EventDateTimeSeparator":"","_EventTimeRangeSeparator":"","_EventOrganizerID":[],"_EventVenueID":[],"_OrganizerEmail":"","_OrganizerPhone":"","_OrganizerWebsite":"","_VenueAddress":"","_VenueCity":"","_VenueCountry":"","_VenueProvince":"","_VenueState":"","_VenueZip":"","_VenuePhone":"","_VenueURL":"","_VenueStateProvince":"","_VenueLat":"","_VenueLng":"","_VenueShowMap":false,"_VenueShowMapLink":false,"_tribe_blocks_recurrence_rules":"","_tribe_blocks_recurrence_description":"","_tribe_blocks_recurrence_exclusions":"","footnotes":""},"categories":[10,53],"tags":[],"class_list":["post-8270","post","type-post","status-publish","format-standard","has-post-thumbnail","hentry","category-aktualnosci","category-komunikaty"],"publishpress_future_action":{"enabled":false,"date":"2026-05-06 15:55:23","action":"change-status","newStatus":"draft","terms":[],"taxonomy":"category","extraData":[]},"publishpress_future_workflow_manual_trigger":{"enabledWorkflows":[]},"_links":{"self":[{"href":"https:\/\/wbp.lublin.pl\/index.php\/wp-json\/wp\/v2\/posts\/8270","targetHints":{"allow":["GET"]}}],"collection":[{"href":"https:\/\/wbp.lublin.pl\/index.php\/wp-json\/wp\/v2\/posts"}],"about":[{"href":"https:\/\/wbp.lublin.pl\/index.php\/wp-json\/wp\/v2\/types\/post"}],"author":[{"embeddable":true,"href":"https:\/\/wbp.lublin.pl\/index.php\/wp-json\/wp\/v2\/users\/9"}],"replies":[{"embeddable":true,"href":"https:\/\/wbp.lublin.pl\/index.php\/wp-json\/wp\/v2\/comments?post=8270"}],"version-history":[{"count":4,"href":"https:\/\/wbp.lublin.pl\/index.php\/wp-json\/wp\/v2\/posts\/8270\/revisions"}],"predecessor-version":[{"id":12436,"href":"https:\/\/wbp.lublin.pl\/index.php\/wp-json\/wp\/v2\/posts\/8270\/revisions\/12436"}],"wp:featuredmedia":[{"embeddable":true,"href":"https:\/\/wbp.lublin.pl\/index.php\/wp-json\/wp\/v2\/media\/8267"}],"wp:attachment":[{"href":"https:\/\/wbp.lublin.pl\/index.php\/wp-json\/wp\/v2\/media?parent=8270"}],"wp:term":[{"taxonomy":"category","embeddable":true,"href":"https:\/\/wbp.lublin.pl\/index.php\/wp-json\/wp\/v2\/categories?post=8270"},{"taxonomy":"post_tag","embeddable":true,"href":"https:\/\/wbp.lublin.pl\/index.php\/wp-json\/wp\/v2\/tags?post=8270"}],"curies":[{"name":"wp","href":"https:\/\/api.w.org\/{rel}","templated":true}]}}