{"id":8278,"date":"2014-01-17T13:34:51","date_gmt":"2014-01-17T12:34:51","guid":{"rendered":"https:\/\/wbp.lublin.pl8\/index.php\/2014\/01\/17\/ciwoniuk-barbara-a-jesli-zostane\/"},"modified":"2018-07-04T19:46:43","modified_gmt":"2018-07-04T17:46:43","slug":"ciwoniuk-barbara-a-jesli-zostane","status":"publish","type":"post","link":"https:\/\/wbp.lublin.pl\/index.php\/2014\/01\/17\/ciwoniuk-barbara-a-jesli-zostane\/","title":{"rendered":"Ciwoniuk Barbara: A je\u015bli zostan\u0119"},"content":{"rendered":"<p><span style=\"font-family: Verdana;\"><span style=\"font-size: 12px;\"><span style=\"line-height: 115%;\">Ostatnimi czasy jedna z moich kole\u017canek przeczyta\u0142a ksi\u0105\u017ck\u0119 pt. <strong>\u201eA je\u015bli zostan\u0119&#8230;\u201d<\/strong> Barbary Ciwoniuk. Wyrazi\u0142a jednak niezbyt pochlebn\u0105 opini\u0119 na jej temat. Ja jednak nie czu\u0142abym si\u0119 sob\u0105 gdybym nie sprawdzi\u0142a, czy podziel\u0119 jej zdanie. I tak oto si\u0119gn\u0119\u0142am po t\u0119 lektur\u0119.<\/span><\/span><br \/>\n<\/span><\/p>\n<p><span style=\"font-family: Verdana;\"><span style=\"font-size: 12px;\"><span style=\"line-height: 115%;\">Wiktoria od\u00a0 niedawna jest sierot\u0105, jej rodzice zgin\u0119li w wypadku. Ona i dwie m\u0142odsze siostry z dnia na dzie\u0144 zosta\u0142y same, bez rodzic\u00f3w. Jej siostry zamieszkuj\u0105 u jednej z ciotek, jednak Wiki nie mo\u017ce mieszka\u0107 razem z nimi. Postanowiono, \u017ce dziewczyna zamieszka na razie u innej ciotki, Janki za kt\u00f3r\u0105 niezbyt przepada. Poza tym jej wujostwo mia\u0142o c\u00f3rk\u0119 w wieku Wiki &#8211; Lal\u0119, z kt\u00f3r\u0105 dziewczyna r\u00f3wnie\u017c nie mia\u0142a najlepszych relacji.<\/span><\/span><br \/>\n<\/span><\/p>\n<p><span style=\"font-family: Verdana;\"><span style=\"font-size: 12px;\"><span style=\"line-height: 115%;\">Przez pierwsze tygodnie Wiktoria pr\u00f3buje si\u0119 zaaklimatyzowa\u0107 w nowym miejscu, jednak wiele zdarze\u0144 jej to uniemo\u017cliwia. Po pierwsze &#8211; Lala, kt\u00f3ra z ka\u017cdym dniem daje si\u0119 jej coraz bardziej we znaki. Od razu mo\u017cna zauwa\u017cy\u0107, \u017ce Janka (bo takie imi\u0119 nosi bohaterka) nie chce aby jej kuzynka mieszka\u0142a z jej rodzin\u0105. Do tego okaza\u0142o si\u0119, \u017ce Wiki nie b\u0119dzie chodzi\u0142a z ni\u0105 do klasy tylko do klasy eksperymentalnej, gdzie jest inny system ocenianiania, a wszystkich uczni\u00f3w tej klasy nazywa si\u0119 bugsami, poniewa\u017c s\u0105 to kr\u00f3liki do\u015bwiadczalne, a przynajmniej tak wydaje si\u0119 ludziom, kt\u00f3rzy patrz\u0105 na to z boku. Mimo, \u017ce dziewczyna najch\u0119tniej wr\u00f3ci\u0142aby do swojego domu, stawia czo\u0142a nowym ludziom i miejscom i nie poddaje si\u0119. Gdy po raz pierwszy idzie do szko\u0142y aby pozna\u0107 now\u0105 klas\u0119 Wiktoria jest szargana przez nerwy jednak zupe\u0142nie niepotrzebnie. Po sko\u0144czonych zaj\u0119ciach okazuje si\u0119, \u017ce jej nowa klasa sk\u0142ada si\u0119 z naprawd\u0119 sympatycznych ludzi, kt\u00f3rzy zawsze ch\u0119tnie okazuj\u0105 pomoc. Jedynie Lala ma problem z zaakceptowaniem swojej siostry i jak tylko mo\u017ce pr\u00f3buje sp\u0119dza\u0107 z ni\u0105 jak najmniej czasu i gdy tylko ma okazj\u0119 daje jej do zrozumienia, \u017ce nie jest mile widziana w gronie jej przyjaci\u00f3\u0142, kt\u00f3rzy nawet nie pr\u00f3buj\u0105 ukry\u0107 tego, \u017ce nie lubi\u0105 Wiktorii.<\/span><\/span><br \/>\n<\/span><\/p>\n<p><span style=\"font-family: Verdana;\"><span style=\"font-size: 12px;\"><span style=\"line-height: 115%;\">Po kilku tygodniach, kiedy Wiki ju\u017c si\u0119 powoli oswoi\u0142a z now\u0105 sytuacj\u0105 w jej \u017cyciu okazuje si\u0119, \u017ce kto\u015b, kto zapewne niezbyt przepada za dziewczyn\u0105 wrzuca jej zdj\u0119cie na jeden z portali spo\u0142eczno\u015bciowych. Pojawia si\u0119 wiele niepochlebnych komentarzy pod jej adresem, jednak nowe kole\u017canki z klasy natychmiast staj\u0105 w jej obronie i dziewczyna jest im za to bardzo wdzi\u0119czna. W ko\u0144cu odnajduje prawdziw\u0105 przyja\u017a\u0144. Je\u015bli chcesz si\u0119 dowiedzie\u0107 co przytrafi si\u0119 Wiki w dalszej cz\u0119\u015bci ksi\u0105\u017cki, czy w ko\u0144cu zacznie porozumiewa\u0107 si\u0119 z Lal\u0105, czy zaaklimatyzuje si\u0119 ca\u0142kowicie w nowym miejscu, musisz przeczyta\u0107 powie\u015b\u0107 \u201eA je\u015bli zostan\u0119..\u201d Barbary Ciwoniuk.<\/span><\/span><br \/>\n<\/span><\/p>\n<p><span style=\"font-family: Verdana;\"><span style=\"font-size: 12px;\"><span style=\"line-height: 115%;\">Ksi\u0105\u017cka ta jest w sam raz, kiedy chcesz \u201eoderwa\u0107 si\u0119\u201d od codziennych spraw i wolisz sp\u0119dzi\u0107 wolny czas czytaj\u0105c ksi\u0105\u017ck\u0119. Mimo, \u017ce nie jest ona wielkich rozmiar\u00f3w to sprawi\u0142a mi wiele rado\u015bci podczas czytania. To, jak Wiktoria poradzi\u0142a sobie ze sprawami utrudniaj\u0105cymi jej \u017cycie i nie dawa\u0142y spokoju mo\u017ce da\u0107 wiele si\u0142 tym, kt\u00f3rzy nie mog\u0105 sobie poradzi\u0107 z jeszcze trudniejszymi sprawami.\u00a0 To, \u017ce narracja jest pierwszoosobowa dodatkowo nadaje charakteru tej ksi\u0105\u017cce. Wiktoria mo\u017ce naprawd\u0119 ukaza\u0107 to co czuje. Co jej si\u0119 podoba, a co nie. Jakie emocje ni\u0105 targaj\u0105 i jakie posiada przemy\u015blenia.<\/span><\/span><br \/>\n<\/span><\/p>\n<p><span style=\"font-family: Verdana;\">\u00a0<\/span><span style=\"font-size: 12px;\"><span style=\"line-height: 115%;\">Ksi\u0105\u017ck\u0105 \u201eA je\u015bli zostan\u0119..\u201d bardzo mi si\u0119 spodoba\u0142a. Jestem pewna, \u017ce jeszcze nie raz do niej wr\u00f3c\u0119. Bez wzgl\u0119du na to, czy sobie o niej przypomn\u0119 czy jeszcze raz przeczytam, zawsze b\u0119dzie mi si\u0119 dobrze kojarzy\u0142a. Serdecznie polecam t\u0119 ksi\u0105\u017ck\u0119 wszystkim, kt\u00f3ry chc\u0105 si\u0119 na jaki\u015b czas oderwa\u0107 od swoich spraw, kt\u00f3rych maj\u0105 ju\u017c dosy\u0107. Mo\u017ce akurat to, w jaki spos\u00f3b Wiki poradzi\u0142a sobie ze swoimi problemami b\u0119dzie natchnieniem dla tych, kt\u00f3rzy nie maj\u0105 pomys\u0142\u00f3w.<\/span><\/span> <span style=\"font-family: Verdana;\"><br \/>\n<\/span><\/p>\n<p><span style=\"font-family: Verdana;\"><strong><span style=\"line-height: 115%;\">Blacha Kinga<\/span><\/strong><span style=\"line-height: 115%;\"> (lat 13 )\u00a0<\/span><br \/>\n<span style=\"font-size: 12px;\"><span style=\"line-height: 115%;\">Dyskusyjny Klub Ksi\u0105\u017cki w D\u0105browicy\u00a0<\/span><\/span><br \/>\n<\/span><\/p>\n<p><span style=\"font-size: 12px;\"><span style=\"line-height: 115%;\">gmina Bi\u0142goraj, woj. Lublin<\/span><\/span><span style=\"font-family: Verdana;\"><span style=\"font-size: 12px;\"><br \/>\n<\/span><\/span><\/p>\n","protected":false},"excerpt":{"rendered":"<p>Ostatnimi czasy jedna z moich kole\u017canek przeczyta\u0142a ksi\u0105\u017ck\u0119 pt. \u201eA je\u015bli zostan\u0119&#8230;\u201d Barbary Ciwoniuk. Wyrazi\u0142a jednak niezbyt pochlebn\u0105 opini\u0119 na jej temat. Ja jednak nie czu\u0142abym si\u0119 sob\u0105 gdybym nie [&hellip;]<\/p>\n","protected":false},"author":9,"featured_media":0,"comment_status":"open","ping_status":"open","sticky":false,"template":"","format":"standard","meta":{"_tec_requires_first_save":true,"_crdt_document":"","pgc_sgb_lightbox_settings":"","_EventAllDay":false,"_EventTimezone":"","_EventStartDate":"","_EventEndDate":"","_EventStartDateUTC":"","_EventEndDateUTC":"","_EventShowMap":false,"_EventShowMapLink":false,"_EventURL":"","_EventCost":"","_EventCostDescription":"","_EventCurrencySymbol":"","_EventCurrencyCode":"","_EventCurrencyPosition":"","_EventDateTimeSeparator":"","_EventTimeRangeSeparator":"","_EventOrganizerID":[],"_EventVenueID":[],"_OrganizerEmail":"","_OrganizerPhone":"","_OrganizerWebsite":"","_VenueAddress":"","_VenueCity":"","_VenueCountry":"","_VenueProvince":"","_VenueState":"","_VenueZip":"","_VenuePhone":"","_VenueURL":"","_VenueStateProvince":"","_VenueLat":"","_VenueLng":"","_VenueShowMap":false,"_VenueShowMapLink":false,"_tribe_blocks_recurrence_rules":"","_tribe_blocks_recurrence_description":"","_tribe_blocks_recurrence_exclusions":"","footnotes":""},"categories":[110],"tags":[],"class_list":["post-8278","post","type-post","status-publish","format-standard","hentry","category-recenzje-klubowiczow"],"publishpress_future_action":{"enabled":false,"date":"2026-05-06 06:24:03","action":"change-status","newStatus":"draft","terms":[],"taxonomy":"category","extraData":[]},"publishpress_future_workflow_manual_trigger":{"enabledWorkflows":[]},"_links":{"self":[{"href":"https:\/\/wbp.lublin.pl\/index.php\/wp-json\/wp\/v2\/posts\/8278","targetHints":{"allow":["GET"]}}],"collection":[{"href":"https:\/\/wbp.lublin.pl\/index.php\/wp-json\/wp\/v2\/posts"}],"about":[{"href":"https:\/\/wbp.lublin.pl\/index.php\/wp-json\/wp\/v2\/types\/post"}],"author":[{"embeddable":true,"href":"https:\/\/wbp.lublin.pl\/index.php\/wp-json\/wp\/v2\/users\/9"}],"replies":[{"embeddable":true,"href":"https:\/\/wbp.lublin.pl\/index.php\/wp-json\/wp\/v2\/comments?post=8278"}],"version-history":[{"count":2,"href":"https:\/\/wbp.lublin.pl\/index.php\/wp-json\/wp\/v2\/posts\/8278\/revisions"}],"predecessor-version":[{"id":12858,"href":"https:\/\/wbp.lublin.pl\/index.php\/wp-json\/wp\/v2\/posts\/8278\/revisions\/12858"}],"wp:attachment":[{"href":"https:\/\/wbp.lublin.pl\/index.php\/wp-json\/wp\/v2\/media?parent=8278"}],"wp:term":[{"taxonomy":"category","embeddable":true,"href":"https:\/\/wbp.lublin.pl\/index.php\/wp-json\/wp\/v2\/categories?post=8278"},{"taxonomy":"post_tag","embeddable":true,"href":"https:\/\/wbp.lublin.pl\/index.php\/wp-json\/wp\/v2\/tags?post=8278"}],"curies":[{"name":"wp","href":"https:\/\/api.w.org\/{rel}","templated":true}]}}