{"id":8280,"date":"2014-01-21T07:13:39","date_gmt":"2014-01-21T06:13:39","guid":{"rendered":"https:\/\/wbp.lublin.pl8\/index.php\/2014\/01\/21\/cas-agnes-pod-wiatr\/"},"modified":"2018-07-04T19:46:42","modified_gmt":"2018-07-04T17:46:42","slug":"cas-agnes-pod-wiatr","status":"publish","type":"post","link":"https:\/\/wbp.lublin.pl\/index.php\/2014\/01\/21\/cas-agnes-pod-wiatr\/","title":{"rendered":"Caso Agnes : Pod wiatr"},"content":{"rendered":"<p><span style=\"font-size: 14px;\"><span style=\"font-family: Verdana;\">Powie\u015b\u0107 \u201ePod wiatr\u201d A. Caso przedstawia dramatyczne losy Sao, biednej Afrykanki urodzonej na Wyspach Zielonego Przyl\u0105dka.\u00a0 Dziewczyna by\u0142 owocem gwa\u0142tu, dlatego matka nie potrafi\u0142a jej pokocha\u0107 ani obdarzy\u0107 jakimkolwiek uczuciem. Po kilku latach Sao zosta\u0142a porzucona przez matk\u0119. Los jej nie oszcz\u0119dza. Mimo to jest dzielna i nie traci nadziei <span style=\"line-height: 115%;\"> na lepsze \u017cycie. Gdy umiera jej przyjaci\u00f3\u0142ka, postanawia zosta\u0107 lekarzem i leczy\u0107 biednych ludzi. To jest jej wielkie marzenie. Jednak bieda odbiera jej mo\u017cliwo\u015b\u0107 realizacji plan\u00f3w i dalszej edukacji. Chocia\u017c u\u015bwiadomi\u0142a sobie wtedy, \u017ce nigdy nie zostanie lekarzem w Afryce, pragn\u0119\u0142a, by jej \u017cycie mia\u0142o jak\u0105\u015b warto\u015b\u0107. My\u015bli o wyje\u017adzie do Europy, aby tam podj\u0105\u0107 studia, znale\u017a\u0107 prac\u0119, za\u0142o\u017cy\u0107 rodzin\u0119. Wierzy, \u017ce Europa pozwoli jej uwolni\u0107 si\u0119 z n\u0119dzy i zrealizowa\u0107 marzenia. Wyje\u017cd\u017ca do Portugalii &#8211; do Lizbony. <\/span><\/span><\/span><\/p>\n<p><span style=\"font-size: 14px;\"><span style=\"font-family: Verdana;\"><span style=\"line-height: 115%;\">Tam poznaje Angolczyka. Sao obdarza Bigadora wielk\u0105 mi\u0142o\u015bci\u0105, bezgranicznie mu ufaj\u0105c. Gdy zamieszkuj\u0105 razem, m\u0119\u017cczyzna zmienia si\u0119 diametralnie. Kobieta jest poni\u017cana, bita i zastraszana. Okrutny m\u0119\u017cczyzna kradnie jej syna i wywozi do Angoli. Sao rozpoczyna trudn\u0105 walk\u0119 o odzyskanie dziecka, a przede wszystkim o jego bezpiecze\u0144stwo. Czyni to z wielk\u0105 determinacj\u0105 i uporem. Pragnie, by syn \u017cy\u0142 w spokoju, z dala od przemocy i n\u0119dzy kraju, do kt\u00f3rego zabra\u0142 go ojciec. Przyje\u017cd\u017ca do Angoli, ryzykuj\u0105c, \u017ce brutalny Bigador j\u0105 zabije. Ale Sao nawet w nieszcz\u0119\u015bciu jest zdolna do podejmowania trudnych decyzji. A kiedy ju\u017c je podejmuje zawsze wprowadza w \u017cycie.<\/span><\/span><\/span><\/p>\n<p><span style=\"font-size: 14px;\"><span style=\"font-family: Verdana;\"><span style=\"line-height: 115%;\">Uda\u0142o si\u0119 jej odzyska\u0107 syna. I wtedy zrozumia\u0142a, \u017ce jej syn b\u0119dzie dorasta\u0142 bez ojca. By\u0142a to wysoka cena, jak\u0105 musia\u0142a zap\u0142aci\u0107 za swoje zwyci\u0119stwo. Ale da sobie rad\u0119, by\u0142a tego pewna. Wychowa go na dobrego, przyzwoitego i szlachetnego cz\u0142owieka.<\/span><\/span><\/span><\/p>\n<p class=\"MsoNormal\" style=\"margin-bottom: .0001pt; text-align: justify;\"><span style=\"font-size: 14px;\"><span style=\"font-family: Verdana;\"><span style=\"line-height: 115%;\">Ksi\u0105\u017cka ta jest godna polecenia. To literatura kobieca w najlepszym wydaniu. Opisuje walk\u0119 kobiety o swoj\u0105 godno\u015b\u0107 i szcz\u0119\u015bcie, walk\u0119 o dziecko na tle toksycznej, uzale\u017cniaj\u0105cej mi\u0142o\u015bci do m\u0119\u017cczyzny, kt\u00f3ry jest cudzoziemcem. Ponadto akcja\u00a0 powie\u015bci toczy si\u0119 w r\u00f3\u017cnych pa\u0144stwach, st\u0105d czytaj\u0105c mamy mo\u017cliwo\u015b\u0107 poznania r\u00f3\u017cnych kultur i obyczaj\u00f3w, r\u00f3\u017cnorodno\u015b\u0107 charakter\u00f3w ludzkich. Ca\u0142o\u015b\u0107 napisana jest prostym j\u0119zykiem, dlatego\u00a0 \u0142atwo si\u0119 j\u0105 czyta. <\/span><\/span><\/span><\/p>\n<p class=\"MsoNormal\" style=\"margin-bottom: .0001pt; text-align: justify;\"><span style=\"font-size: 14px;\"><span style=\"font-family: Verdana;\"><span style=\"line-height: 115%;\">Autorka tej powie\u015b\u0107 Agnes Caso to znana pisarka hiszpa\u0144ska. W 2009 r. powie\u015b\u0107 \u201ePod wiatr\u201d zosta\u0142a nagrodzona Premio Planeta jako najlepsza ksi\u0105\u017cka hiszpa\u0144ska roku.<\/span><\/span><\/span><\/p>\n<p class=\"MsoNormal\" style=\"margin-bottom: .0001pt; text-align: justify;\"><span style=\"font-size: 14px;\"><span style=\"font-family: Verdana;\"><span style=\"line-height: 115%;\">\u00a0<\/span><\/span><\/span><\/p>\n<p class=\"MsoNormal\" style=\"text-align: right;\" align=\"right\"><span style=\"font-size: 14px;\"><span style=\"font-family: Verdana;\"><span style=\"line-height: 115%;\">Regina Gil<\/span><\/span><\/span><\/p>\n<p class=\"MsoNormal\" style=\"text-align: right;\" align=\"right\"><span style=\"font-size: 14px;\"><span style=\"font-family: Verdana;\"><span style=\"line-height: 115%;\">DKK Modliborzyce<\/span> <\/span><\/span><\/p>\n","protected":false},"excerpt":{"rendered":"<p>Powie\u015b\u0107 \u201ePod wiatr\u201d A. Caso przedstawia dramatyczne losy Sao, biednej Afrykanki urodzonej na Wyspach Zielonego Przyl\u0105dka.\u00a0 Dziewczyna by\u0142 owocem gwa\u0142tu, dlatego matka nie potrafi\u0142a jej pokocha\u0107 ani obdarzy\u0107 jakimkolwiek uczuciem. [&hellip;]<\/p>\n","protected":false},"author":9,"featured_media":0,"comment_status":"open","ping_status":"open","sticky":false,"template":"","format":"standard","meta":{"_tec_requires_first_save":true,"_crdt_document":"","pgc_sgb_lightbox_settings":"","_EventAllDay":false,"_EventTimezone":"","_EventStartDate":"","_EventEndDate":"","_EventStartDateUTC":"","_EventEndDateUTC":"","_EventShowMap":false,"_EventShowMapLink":false,"_EventURL":"","_EventCost":"","_EventCostDescription":"","_EventCurrencySymbol":"","_EventCurrencyCode":"","_EventCurrencyPosition":"","_EventDateTimeSeparator":"","_EventTimeRangeSeparator":"","_EventOrganizerID":[],"_EventVenueID":[],"_OrganizerEmail":"","_OrganizerPhone":"","_OrganizerWebsite":"","_VenueAddress":"","_VenueCity":"","_VenueCountry":"","_VenueProvince":"","_VenueState":"","_VenueZip":"","_VenuePhone":"","_VenueURL":"","_VenueStateProvince":"","_VenueLat":"","_VenueLng":"","_VenueShowMap":false,"_VenueShowMapLink":false,"_tribe_blocks_recurrence_rules":"","_tribe_blocks_recurrence_description":"","_tribe_blocks_recurrence_exclusions":"","footnotes":""},"categories":[110],"tags":[],"class_list":["post-8280","post","type-post","status-publish","format-standard","hentry","category-recenzje-klubowiczow"],"publishpress_future_action":{"enabled":false,"date":"2026-05-06 05:00:21","action":"change-status","newStatus":"draft","terms":[],"taxonomy":"category","extraData":[]},"publishpress_future_workflow_manual_trigger":{"enabledWorkflows":[]},"_links":{"self":[{"href":"https:\/\/wbp.lublin.pl\/index.php\/wp-json\/wp\/v2\/posts\/8280","targetHints":{"allow":["GET"]}}],"collection":[{"href":"https:\/\/wbp.lublin.pl\/index.php\/wp-json\/wp\/v2\/posts"}],"about":[{"href":"https:\/\/wbp.lublin.pl\/index.php\/wp-json\/wp\/v2\/types\/post"}],"author":[{"embeddable":true,"href":"https:\/\/wbp.lublin.pl\/index.php\/wp-json\/wp\/v2\/users\/9"}],"replies":[{"embeddable":true,"href":"https:\/\/wbp.lublin.pl\/index.php\/wp-json\/wp\/v2\/comments?post=8280"}],"version-history":[{"count":2,"href":"https:\/\/wbp.lublin.pl\/index.php\/wp-json\/wp\/v2\/posts\/8280\/revisions"}],"predecessor-version":[{"id":12851,"href":"https:\/\/wbp.lublin.pl\/index.php\/wp-json\/wp\/v2\/posts\/8280\/revisions\/12851"}],"wp:attachment":[{"href":"https:\/\/wbp.lublin.pl\/index.php\/wp-json\/wp\/v2\/media?parent=8280"}],"wp:term":[{"taxonomy":"category","embeddable":true,"href":"https:\/\/wbp.lublin.pl\/index.php\/wp-json\/wp\/v2\/categories?post=8280"},{"taxonomy":"post_tag","embeddable":true,"href":"https:\/\/wbp.lublin.pl\/index.php\/wp-json\/wp\/v2\/tags?post=8280"}],"curies":[{"name":"wp","href":"https:\/\/api.w.org\/{rel}","templated":true}]}}