{"id":8282,"date":"2014-01-24T13:55:50","date_gmt":"2014-01-24T12:55:50","guid":{"rendered":"https:\/\/wbp.lublin.pl8\/index.php\/2014\/01\/24\/tolkien-john-wladca-pierscieni\/"},"modified":"2018-07-02T21:58:02","modified_gmt":"2018-07-02T19:58:02","slug":"tolkien-john-wladca-pierscieni","status":"publish","type":"post","link":"https:\/\/wbp.lublin.pl\/index.php\/2014\/01\/24\/tolkien-john-wladca-pierscieni\/","title":{"rendered":"Tolkien J. R. R.: W\u0142adca Pier\u015bcieni"},"content":{"rendered":"<p><span style=\"font-size: 12px;\"><span style=\"font-family: Verdana;\">Uwielbiam wszystkie ksi\u0105\u017cki, kt\u00f3re zosta\u0142y napisane w stylu fantasy, ale ta, wydana po raz pierwszy latach 1954-1955 jest przeze mnie czytana zawsze z zapartym tchem. Ksi\u0105\u017ck\u0119 przet\u0142umaczono na dziesi\u0105tki j\u0119zyk\u00f3w. W polskiej wersji j\u0119zykowej\u00a0 pierwszy raz ukaza\u0142a si\u0119 w latach 1961-1963. Sukces ksi\u0105\u017cki spowodowa\u0142 gigantyczny rozw\u00f3j gatunku fantasy, ale mimo tysi\u0119cy ksi\u0105\u017cek <i>W\u0142adca Pier\u015bcieni <\/i>wci\u0105\u017c pozostaje najbardziej cenion\u0105 pozycj\u0105 tego gatunku literackiego. <\/span><\/span><\/p>\n<p class=\"Default\" style=\"text-align: justify;\"><span style=\"font-size: 12px;\"><span style=\"font-family: Verdana;\">\u201eW\u0142adca Pier\u015bcieni\u201d, mimo i\u017c napisana dawno temu, to jedna z najbardziej niezwyk\u0142ych ksi\u0105\u017cek w ca\u0142ej wsp\u00f3\u0142czesnej literaturze. Fantastyczna epopeja o przedsi\u0119wzi\u0119ciu maj\u0105cym ratowa\u0107 \u015bwiat pogr\u0105\u017cony w ba\u015bni. Ksi\u0105\u017cka opowiada o mitycznej wyprawie w celu zniszczenia magicznego pier\u015bcienia i uratowania \u015bwiata przed z\u0142em. Na pierwszy rzut oka ksi\u0105\u017cka wyczarowuje \u015bwiat zupe\u0142nie odmienny od naszego, a przecie\u017c grozi mu dziwnie znajome niebezpiecze\u0144stwo. <\/span><\/span><\/p>\n<p class=\"Default\" style=\"text-align: justify;\"><span style=\"font-size: 12px;\"><span style=\"font-family: Verdana;\"><i>Je\u015bli si\u0119 przeczyta W\u0142adc\u0119 Pier\u015bcieni, zaczyna si\u0119 wierzy\u0107, \u017ce ten \u015bwiat m\u00f3g\u0142 istnie\u0107 naprawd\u0119. <\/i>\u2013 <b>Elijah Wood <\/b>(Frodo Baggins). <\/span><\/span><\/p>\n<p class=\"Default\" style=\"text-align: justify;\"><span style=\"font-size: 12px;\"><span style=\"font-family: Verdana;\">Kim by\u0142 tw\u00f3rca W\u0142adcy Pier\u015bcieni? Jakie wydarzenia nim zainspirowa\u0142y? <\/span><\/span><\/p>\n<p class=\"Default\" style=\"text-align: justify;\"><span style=\"font-size: 12px;\"><span style=\"font-family: Verdana;\">\u017beby zrozumie\u0107 histori\u0119 W\u0142adcy Pier\u015bcieni musimy zrozumie\u0107 samego autora. John Ronald Reuel Tolkien od dziecka wychowywa\u0142 si\u0119 w idyllicznej angielskiej wsi Sarhole. Tamtejsza ludno\u015b\u0107 sk\u0142ada\u0142a si\u0119 g\u0142\u00f3wnie z rolnik\u00f3w, a kiedy nadesz\u0142a wojna z pi\u0119knej zieleni wszystko zmieni\u0142o si\u0119 w czer\u0144. Tolkien nie m\u00f3g\u0142 przebole\u0107 tych zmian jakie przynios\u0142a ze sob\u0105 wojna, tak bardzo by\u0142 zwi\u0105zany ze wsi\u0105. Ju\u017c jako dziecko fascynowa\u0142y go inne j\u0119zyki, a zw\u0142aszcza stare i zapomniane. Sam nauczy\u0142 si\u0119 fi\u0144skiego, od kt\u00f3rego prawdopodobnie zaczerpn\u0105\u0142 podstawy i stworzy\u0142 j\u0119zyk elf\u00f3w, eterycznych postaci wyst\u0119puj\u0105cych w powie\u015bci. Kiedy wst\u0105pi\u0142 do wojska w 1915 roku zacz\u0105\u0142 pog\u0142\u0119bia\u0107 swoj\u0105 wyobra\u017ani\u0119 i przenosi\u0107 j\u0105 na papier. Wprowadzi\u0142 do swej opowie\u015bci mn\u00f3stwo w\u0142asnego do\u015bwiadczenia wojennej grozy. M\u00f3wi si\u0119, \u017ce \u015ar\u00f3dziemie powsta\u0142o podczas walki na froncie, kiedy to niebo b\u0142yszcza\u0142o i hucza\u0142o od wszelkich wystrza\u0142\u00f3w. Sam Tolkien twierdzi\u0142, \u017ce nie wymy\u015bli\u0142 \u015ar\u00f3dziemia a jedynie je odkry\u0142. Po wielu latach Tolkien zdoby\u0142 upragnione stanowisko jako wyk\u0142adowca w Oxfordzie. Jego dzie\u0142a sta\u0142y si\u0119 wzorem do na\u015bladowania dla wielu pisarzy. Bohaterowie trylogii zaskarbili sobie mi\u0142o\u015b\u0107 milion\u00f3w ludzi na ca\u0142ym \u015bwiecie, w tym tak\u017ce m\u0142odego Petera Jacksona, kt\u00f3ry w wieku zaledwie 17 lat zacz\u0105\u0142 poznawa\u0107 \u015bwiat Tolkiena. Zafascynowa\u0142 go do tego stopnia, \u017ce postanowi\u0142 zobaczy\u0107 zekranizowan\u0105 Trylogi\u0119 w przysz\u0142o\u015bci. Marzenie si\u0119 spe\u0142ni\u0142o. Znalaz\u0142 idealne miejsce w swoim rodzinnym kraju Nowej Zelandii na odzwierciedlenie Shire, dzi\u0119ki czemu mo\u017cemy ogl\u0105da\u0107 cudownie sfilmowan\u0105 wiosk\u0119 hobbit\u00f3w. <\/span><\/span><\/p>\n<p class=\"Default\" style=\"text-align: justify;\"><span style=\"font-size: 12px;\"><span style=\"font-family: Verdana;\">Moim zdaniem \u201eW\u0142adca Pier\u015bcieni\u201d to jedna z najbardziej niezwyk\u0142ych ksi\u0105\u017cek w ca\u0142ej wsp\u00f3\u0142czesnej literaturze. Ogromna, z epickim rozmachem napisana powie\u015b\u0107 wprowadza nas w wykreowany przez wyobra\u017ani\u0119 autora \u015bwiat \u2013 fantastyczny, lecz ukazany wszechstronnie i szczeg\u00f3\u0142owo, r\u00f3wnie pe\u0142ny i bogaty, jak \u015bwiat realny. Znajdziemy w niej zar\u00f3wno zwyk\u0142ych ludzi jak i przer\u00f3\u017cne stwory takie jak elfy, ogry, krasnoludy czy duchy. <\/span><\/span><\/p>\n<p class=\"Default\" style=\"text-align: justify;\"><span style=\"font-size: 12px;\"><span style=\"font-family: Verdana;\">Jest to historia o misji maj\u0105cej na celu zniszczenie Jedynego Pier\u015bcienia (wykutego przez W\u0142adc\u0119 Ciemno\u015bci w Orodruinie), kt\u00f3ry pozwala kontrolowa\u0107 inne Pier\u015bcienie W\u0142adzy. Czynu tego musi dokona\u0107 Frodo Baggins, hobbit z Shire. Jego zadaniem jest zniszczenie pier\u015bcienia, a tym samym pokonanie Saurona, czyli tytu\u0142owego W\u0142adc\u0119 Pier\u015bcieni. Towarzyszy mu wierny przyjaciel a zarazem jego ogrodnik\u2013 Sam. Ksi\u0105\u017cka ju\u017c na pocz\u0105tku przedstawia g\u0142\u00f3wnego bohatera. Tolkien niezwykle realnie przedstawia obraz hobbit\u00f3w, kt\u00f3rzy tak jak w naszych czasach, lubuj\u0105 si\u0119 w piciu i ta\u0144cu, chc\u0105 cieszy\u0107 si\u0119 sielankowym \u017cyciem blisko natury oraz szukaj\u0105 spokoju. Zostaj\u0105 tak\u017ce przedstawione takie postacie jak Gandalf, kt\u00f3ry jest jedn\u0105 z najwa\u017cniejszych postaci , oraz Aragorn, przysz\u0142y Kr\u00f3l \u015ar\u00f3dziemia. W powie\u015bci jest ukazana tak\u017ce niezwyk\u0142a przyja\u017a\u0144 jaka rodzi si\u0119 pomi\u0119dzy elfem a krasnoludem, kt\u00f3ra od pocz\u0105tku zdawa\u0142a si\u0119 byd niemo\u017cliwa. Dzi\u0119ki takim postaciom opowie\u015bd staje si\u0119 niezwykle wzruszaj\u0105ca i miejscami zabawna, chod momentami przera\u017caj\u0105ca. Bogaty obraz czarodziejskiego \u015bwiata oraz akcja rzuca na czytelnika czar, od kt\u00f3rego nawet po zakooczeniu lektury trudno si\u0119 uwolnid. Szczeg\u00f3lnie polecam t\u0119 trylogi\u0119 tym, kt\u00f3rzy kochaj\u0105 \u015bwiat magii i fantastyki. Ksi\u0105\u017cka sk\u0142ania do refleksji nad \u017cyciem codziennym, tym co niemo\u017cliwe oraz przysz\u0142o\u015bci\u0105. <\/span><\/span><\/p>\n<p class=\"Default\" style=\"text-align: justify; page-break-before: always;\"><span style=\"font-size: 12px;\"><span style=\"font-family: Verdana;\">W ci\u0105gu przesz\u0142o czterdziestu lat od pierwszego ukazania \u201eW\u0142adcy Pier\u015bcieni\u201d miliony ludzi na ca\u0142ym \u015bwiecie uleg\u0142y temu urokowi. Ze mn\u0105 sta\u0142o si\u0119 tak samo, uleg\u0142am czarowi tej powie\u015bci, wyre\u017cyserowa\u0142am film w\u0142asnej wyobra\u017ani, stworzy\u0142am bohater\u00f3w, kt\u00f3rzy wci\u0105\u017c ze mn\u0105 \u017cyj\u0105. I z wami stanie si\u0119 podobnie, gdy tylko posmakujecie magi\u0119 stylu Tolkiena. <\/span><\/span><\/p>\n<p class=\"MsoNormal\"><span style=\"font-size: 12px;\"><span style=\"font-family: Verdana;\">Magdalena M\u0119kal<\/span><\/span><\/p>\n<p class=\"MsoNormal\"><span style=\"font-size: 12px;\"><span style=\"font-family: Verdana;\">D<\/span><\/span>KK Goraj<\/p>\n<p class=\"MsoNormal\">woj. lubelskie<\/p>\n","protected":false},"excerpt":{"rendered":"<p>Uwielbiam wszystkie ksi\u0105\u017cki, kt\u00f3re zosta\u0142y napisane w stylu fantasy, ale ta, wydana po raz pierwszy latach 1954-1955 jest przeze mnie czytana zawsze z zapartym tchem. Ksi\u0105\u017ck\u0119 przet\u0142umaczono na dziesi\u0105tki j\u0119zyk\u00f3w. [&hellip;]<\/p>\n","protected":false},"author":9,"featured_media":0,"comment_status":"open","ping_status":"open","sticky":false,"template":"","format":"standard","meta":{"_tec_requires_first_save":true,"_crdt_document":"","pgc_sgb_lightbox_settings":"","_EventAllDay":false,"_EventTimezone":"","_EventStartDate":"","_EventEndDate":"","_EventStartDateUTC":"","_EventEndDateUTC":"","_EventShowMap":false,"_EventShowMapLink":false,"_EventURL":"","_EventCost":"","_EventCostDescription":"","_EventCurrencySymbol":"","_EventCurrencyCode":"","_EventCurrencyPosition":"","_EventDateTimeSeparator":"","_EventTimeRangeSeparator":"","_EventOrganizerID":[],"_EventVenueID":[],"_OrganizerEmail":"","_OrganizerPhone":"","_OrganizerWebsite":"","_VenueAddress":"","_VenueCity":"","_VenueCountry":"","_VenueProvince":"","_VenueState":"","_VenueZip":"","_VenuePhone":"","_VenueURL":"","_VenueStateProvince":"","_VenueLat":"","_VenueLng":"","_VenueShowMap":false,"_VenueShowMapLink":false,"_tribe_blocks_recurrence_rules":"","_tribe_blocks_recurrence_description":"","_tribe_blocks_recurrence_exclusions":"","footnotes":""},"categories":[110],"tags":[],"class_list":["post-8282","post","type-post","status-publish","format-standard","hentry","category-recenzje-klubowiczow"],"publishpress_future_action":{"enabled":false,"date":"2026-05-06 05:00:42","action":"change-status","newStatus":"draft","terms":[],"taxonomy":"category","extraData":[]},"publishpress_future_workflow_manual_trigger":{"enabledWorkflows":[]},"_links":{"self":[{"href":"https:\/\/wbp.lublin.pl\/index.php\/wp-json\/wp\/v2\/posts\/8282","targetHints":{"allow":["GET"]}}],"collection":[{"href":"https:\/\/wbp.lublin.pl\/index.php\/wp-json\/wp\/v2\/posts"}],"about":[{"href":"https:\/\/wbp.lublin.pl\/index.php\/wp-json\/wp\/v2\/types\/post"}],"author":[{"embeddable":true,"href":"https:\/\/wbp.lublin.pl\/index.php\/wp-json\/wp\/v2\/users\/9"}],"replies":[{"embeddable":true,"href":"https:\/\/wbp.lublin.pl\/index.php\/wp-json\/wp\/v2\/comments?post=8282"}],"version-history":[{"count":2,"href":"https:\/\/wbp.lublin.pl\/index.php\/wp-json\/wp\/v2\/posts\/8282\/revisions"}],"predecessor-version":[{"id":12976,"href":"https:\/\/wbp.lublin.pl\/index.php\/wp-json\/wp\/v2\/posts\/8282\/revisions\/12976"}],"wp:attachment":[{"href":"https:\/\/wbp.lublin.pl\/index.php\/wp-json\/wp\/v2\/media?parent=8282"}],"wp:term":[{"taxonomy":"category","embeddable":true,"href":"https:\/\/wbp.lublin.pl\/index.php\/wp-json\/wp\/v2\/categories?post=8282"},{"taxonomy":"post_tag","embeddable":true,"href":"https:\/\/wbp.lublin.pl\/index.php\/wp-json\/wp\/v2\/tags?post=8282"}],"curies":[{"name":"wp","href":"https:\/\/api.w.org\/{rel}","templated":true}]}}