{"id":8286,"date":"2014-02-13T07:08:38","date_gmt":"2014-02-13T06:08:38","guid":{"rendered":"https:\/\/wbp.lublin.pl8\/index.php\/2014\/02\/13\/kolodziej-gaja-dar\/"},"modified":"2018-07-02T21:57:06","modified_gmt":"2018-07-02T19:57:06","slug":"kolodziej-gaja-dar","status":"publish","type":"post","link":"https:\/\/wbp.lublin.pl\/index.php\/2014\/02\/13\/kolodziej-gaja-dar\/","title":{"rendered":"Ko\u0142odziej Gaja : Dar"},"content":{"rendered":"<p style=\"text-align: justify;\"><span style=\"font-size: 12px;\"><span style=\"font-family: Verdana;\"><span style=\"line-height: 115%;\">Na pierwszy rzut oka Kora Smoli\u0144ska to normalna nastolatka \u2013 chodzi do liceum i jest bardzo dobr\u0105 uczennic\u0105, ale posiada dar czytania w my\u015blach innych. Mieszka u wujostwa w Warszawie, gdzie przenios\u0142a si\u0119 po \u015bmierci matki. Ze wzgl\u0119du na sw\u00f3j dar Kora trzyma si\u0119 na uboczu, jest cich\u0105 i nie\u015bmia\u0142\u0105 osob\u0105, zamkni\u0119t\u0105 w sobie. Tak\u017ce na jej charakter wp\u0142yn\u0119\u0142o zachowanie jej kuzynki, Ma\u0142gorzaty, kt\u00f3ra dr\u0119czy j\u0105 na ka\u017cdym kroku. Do swojej tajemnicy dopu\u015bci\u0142a swoich najbli\u017cszych i jedynych przyjaci\u00f3\u0142, Teo i Asi\u0119. Jej \u017cycie ulega zmianie, kiedy do ich klasy do\u0142\u0105cza Eryk Nil, nowy ucze\u0144. Dzia\u0142a on na Kor\u0119 tak samo, jak czerwona p\u0142achta na byka. Dziewczyna zastanawia si\u0119 , co takiego jest w tym ch\u0142opaku, \u017ce w jego obecno\u015bci zachowuj\u0119 si\u0119 w taki spos\u00f3b jak nigdy dot\u0105d. Kolejnym problemem dla nastolatki jest to, jak postrzegaj\u0105 jej umiej\u0119tno\u015b\u0107 Asia i Teo. Oni uwa\u017caj\u0105 \u201eto\u201d za wspania\u0142y dar, za\u015b Kora traktuje to bardziej jak przekle\u0144stwo, poniewa\u017c wed\u0142ug niej to uci\u0105\u017cliwe s\u0142ysze\u0107 my\u015bli innych.<\/span><\/span><\/span><\/p>\n<p class=\"MsoNormal\" style=\"text-align: justify;\"><span style=\"font-size: 12px;\"><span style=\"font-family: Verdana;\"><span style=\"line-height: 115%;\">Czy dziewczyna zmieni zdanie, co do posiadania takiego daru? Czy uda jej si\u0119 odnale\u017a\u0107 spok\u00f3j ducha, a tak\u017ce mi\u0142o\u015b\u0107? Te rzeczy, kt\u00f3re s\u0105 tak bardzo potrzebne w \u017cyciu? <\/span><\/span><\/span><\/p>\n<p class=\"MsoNormal\" style=\"text-align: justify;\"><span style=\"font-size: 12px;\"><span style=\"font-family: Verdana;\"><span style=\"line-height: 115%;\">\u201eDar\u201d Gai Ko\u0142odziej tak mnie zainteresowa\u0142, \u017ce czyta\u0142am go w ka\u017cdej wolnej chwili i nawet siedzia\u0142am do p\u00f3\u017ana w nocy z my\u015bl\u0105 \u201e jeszcze tylko jeden rozdzia\u0142 i id\u0119 spa\u0107\u201d.<\/span><\/span><\/span><\/p>\n<p class=\"MsoNormal\"><span style=\"font-size: 12px;\"><span style=\"font-family: Verdana;\"><span style=\"line-height: 115%;\">\u00a0<\/span><br \/>\n<span style=\"line-height: 115%;\">Anna B\u0142o\u0144ska <\/span><\/span><\/span><\/p>\n<p class=\"MsoNormal\"><span style=\"font-size: 12px;\"><span style=\"font-family: Verdana;\"><span style=\"line-height: 115%;\">DKK w Stojeszynie Pierwszym, woj. Lubelski<br \/>\n<\/span><\/span><\/span><\/p>\n<p><span style=\"font-size: 12px;\"><span style=\"font-family: Verdana;\">\u00a0<\/span><\/span><\/p>\n","protected":false},"excerpt":{"rendered":"<p>Na pierwszy rzut oka Kora Smoli\u0144ska to normalna nastolatka \u2013 chodzi do liceum i jest bardzo dobr\u0105 uczennic\u0105, ale posiada dar czytania w my\u015blach innych. Mieszka u wujostwa w Warszawie, [&hellip;]<\/p>\n","protected":false},"author":9,"featured_media":0,"comment_status":"open","ping_status":"open","sticky":false,"template":"","format":"standard","meta":{"_tec_requires_first_save":true,"_crdt_document":"","pgc_sgb_lightbox_settings":"","_EventAllDay":false,"_EventTimezone":"","_EventStartDate":"","_EventEndDate":"","_EventStartDateUTC":"","_EventEndDateUTC":"","_EventShowMap":false,"_EventShowMapLink":false,"_EventURL":"","_EventCost":"","_EventCostDescription":"","_EventCurrencySymbol":"","_EventCurrencyCode":"","_EventCurrencyPosition":"","_EventDateTimeSeparator":"","_EventTimeRangeSeparator":"","_EventOrganizerID":[],"_EventVenueID":[],"_OrganizerEmail":"","_OrganizerPhone":"","_OrganizerWebsite":"","_VenueAddress":"","_VenueCity":"","_VenueCountry":"","_VenueProvince":"","_VenueState":"","_VenueZip":"","_VenuePhone":"","_VenueURL":"","_VenueStateProvince":"","_VenueLat":"","_VenueLng":"","_VenueShowMap":false,"_VenueShowMapLink":false,"_tribe_blocks_recurrence_rules":"","_tribe_blocks_recurrence_description":"","_tribe_blocks_recurrence_exclusions":"","footnotes":""},"categories":[110],"tags":[],"class_list":["post-8286","post","type-post","status-publish","format-standard","hentry","category-recenzje-klubowiczow"],"publishpress_future_action":{"enabled":false,"date":"2026-05-06 08:56:23","action":"change-status","newStatus":"draft","terms":[],"taxonomy":"category","extraData":[]},"publishpress_future_workflow_manual_trigger":{"enabledWorkflows":[]},"_links":{"self":[{"href":"https:\/\/wbp.lublin.pl\/index.php\/wp-json\/wp\/v2\/posts\/8286","targetHints":{"allow":["GET"]}}],"collection":[{"href":"https:\/\/wbp.lublin.pl\/index.php\/wp-json\/wp\/v2\/posts"}],"about":[{"href":"https:\/\/wbp.lublin.pl\/index.php\/wp-json\/wp\/v2\/types\/post"}],"author":[{"embeddable":true,"href":"https:\/\/wbp.lublin.pl\/index.php\/wp-json\/wp\/v2\/users\/9"}],"replies":[{"embeddable":true,"href":"https:\/\/wbp.lublin.pl\/index.php\/wp-json\/wp\/v2\/comments?post=8286"}],"version-history":[{"count":2,"href":"https:\/\/wbp.lublin.pl\/index.php\/wp-json\/wp\/v2\/posts\/8286\/revisions"}],"predecessor-version":[{"id":12909,"href":"https:\/\/wbp.lublin.pl\/index.php\/wp-json\/wp\/v2\/posts\/8286\/revisions\/12909"}],"wp:attachment":[{"href":"https:\/\/wbp.lublin.pl\/index.php\/wp-json\/wp\/v2\/media?parent=8286"}],"wp:term":[{"taxonomy":"category","embeddable":true,"href":"https:\/\/wbp.lublin.pl\/index.php\/wp-json\/wp\/v2\/categories?post=8286"},{"taxonomy":"post_tag","embeddable":true,"href":"https:\/\/wbp.lublin.pl\/index.php\/wp-json\/wp\/v2\/tags?post=8286"}],"curies":[{"name":"wp","href":"https:\/\/api.w.org\/{rel}","templated":true}]}}