{"id":8289,"date":"2014-02-19T07:47:47","date_gmt":"2014-02-19T06:47:47","guid":{"rendered":"https:\/\/wbp.lublin.pl8\/index.php\/2014\/02\/19\/garcia-gallego-aura-tam-gdzie-spiewaja-drzewa\/"},"modified":"2018-07-02T21:56:41","modified_gmt":"2018-07-02T19:56:41","slug":"garcia-gallego-aura-tam-gdzie-spiewaja-drzewa","status":"publish","type":"post","link":"https:\/\/wbp.lublin.pl\/index.php\/2014\/02\/19\/garcia-gallego-aura-tam-gdzie-spiewaja-drzewa\/","title":{"rendered":"Garcia Gallego Laura: Tam, gdzie \u015bpiewaj\u0105 drzewa"},"content":{"rendered":"<p><span style=\"font-size: 12px;\"><span style=\"font-family: Verdana;\"> \u00a0\u00a0\u00a0\u00a0\u00a0\u00a0\u00a0\u00a0 Kilka dni temu przegl\u0105da\u0142am p\u00f3\u0142ki biblioteki w poszukiwaniu dobrej ksi\u0105\u017cki fantastycznej. Szuka\u0142am czego\u015b odmiennego od tak popularnej dzisiejszej fantastyki, w kt\u00f3rej dominuj\u0105 wampiry. Moj\u0105 uwag\u0119 zwr\u00f3ci\u0142a ksi\u0105\u017cka o poetyckim tytule \u201eTam, gdzie \u015bpiewaj\u0105 drzewa\u201d. Okaza\u0142o si\u0119, \u017ce jej\u00a0 autork\u0105 jest Laura Gallego. Przyznam si\u0119, \u017ce nie zna\u0142am wcze\u015bniej\u00a0 tej u hiszpa\u0144skiej pisarki. Zainteresowa\u0142a mnie r\u00f3wnie\u017c ba\u015bniowa ok\u0142adka, kt\u00f3ra, kt\u00f3ra zdawa\u0142 si\u0119 kusi\u0107 magi\u0105 tajemnicy. <\/span><\/span><\/p>\n<p class=\"MsoNormal\" style=\"margin-bottom: .0001pt; text-align: justify; text-indent: 35.4pt; line-height: normal;\"><span style=\"font-size: 12px;\"><span style=\"font-family: Verdana;\">Kiedy ju\u017c znalaz\u0142am si\u0119 w zaciszu swojego pokoju zacz\u0119\u0142am czyta\u0107. Ju\u017c od pierwszych stron wiedzia\u0142am, \u017ce to by\u0142 trafny wyb\u00f3r. Lektura ta urzek\u0142a mnie bez reszty. Wreszcie trafi\u0142am na \u015bwietn\u0105 fantastyczn\u0105 ksi\u0105\u017ck\u0119 dla m\u0142odzie\u017cy. Wybaczcie, ale nie mog\u0119 si\u0119 powstrzyma\u0107 aby nie przytoczy\u0107 troszeczk\u0119 fabu\u0142y . Opowiada histori\u0119 m\u0142odej dziewczyny, c\u00f3rki ksi\u0119cia Rocagris, Viany. \u017byje ona w ba\u015bniowym \u015bwiecie, pe\u0142nym szlachetnych rycerzy, ujmuj\u0105cych dam dworu i wspania\u0142ych przyg\u00f3d. Ukochanym Viany jest Robian \u2013 m\u0142ody, przystojny rycerz. Dziewczyna darzy go wielk\u0105 mi\u0142o\u015bci\u0105 i wie, \u017ce kt\u00f3rego\u015b dnia pobior\u0105 si\u0119. Jednak beztroski \u015bwiat g\u0142\u00f3wnej bohaterki wali si\u0119 w dniu pozornie szcz\u0119\u015bliwym i beztroskim \u2013 dniu kr\u00f3lewskiego balu. Bawi\u0105cy si\u0119 wy\u015bmienicie go\u015bcie bagatelizuj\u0105 ostrze\u017cenie tajemniczego Wilka o rosn\u0105cych w si\u0142\u0119 oddzia\u0142ach krwio\u017cerczych i brutalnych barbarzy\u0144c\u00f3w, \u00a0(co p\u00f3\u017aniej okazuje si\u0119 najgorsz\u0105 decyzj\u0105, kt\u00f3ra doprowadzi\u0142a do wielkiego z\u0142a\u2026). Gdy na kraj naje\u017cd\u017caj\u0105 barbarzy\u0144cy wszyscy rycerze i ksi\u0105\u017c\u0119ta, w tym ojciec Viany i jej narzeczony Robian, zmuszeni s\u0105 walczy\u0107 z naje\u017ad\u017acami i broni\u0107 kr\u00f3lestwa. Jednak ich si\u0142y s\u0105 zbyt s\u0142abe.\u00a0 Nortia\u00a0 dostaje si\u0119 pod panowanie wodza barbarzy\u0144c\u00f3w. \u00a0To jeszcze nie koniec z\u0142ych wydarze\u0144.\u00a0 Robian zaskakuje i przysparza wielu trosk dziedziczce dworu na Rocargris (jakich to ju\u017c poczytajcie w ksi\u0105\u017cce). Dziewczyna zostaje po\u015blubiona jednemu z wrogich wojownik\u00f3w, co zreszt\u0105 bardzo ci\u0119\u017cko prze\u017cywa.\u00a0 Idealny \u015bwiat szesnastolatki brutalnie si\u0119 wali. W wyniku wypadku m\u0105\u017c Viany, Holdar umiera, a ona sama zmuszona jest ucieka\u0107 z zamku, co przysporzy jej wiele l\u0119ku, ale r\u00f3wnocze\u015bnie b\u0119dzie jej wybawieniem. Viana zamieszkuje w Wielkim Lesie wraz z rycerzem zwanym przez wszystkich Wilkiem \u2013 tym samym, kt\u00f3ry ostrzega\u0142 ludzi przed rosn\u0105cymi w si\u0142\u0119 barbarzy\u0144cami\u2026 Viana by\u0142a c\u00f3rk\u0105 w\u0142adcy, a tym samym dam\u0105, nie przygotowan\u0105 do \u017cycia w lesie, ale szybko zrozumie, \u017ce nasta\u0142y trudne czasy i wszystkie zasady wpajane jej od dziecka nie zapewni\u0105 jej przetrwania.\u00a0 Z rozpieczonej szlachcianki zamienia si\u0119 powoli w pewn\u0105 siebie, odwa\u017cn\u0105 i zr\u0119czn\u0105 m\u0142od\u0105 kobiet\u0119, kt\u00f3ra wraz z ocala\u0142ymi niedobitkami kr\u00f3lewskiej armii pragnie ocali\u0107 Norti\u0119. \u00a0Tam gdzie zaprowadzi\u0142 j\u0105 jak mog\u0142o si\u0119 zdawa\u0107 koniec \u015bwiat \u2013jej \u015bwiata odnajduje serce Lasu. To tam \u015bpiewaj\u0105 drzewa\u2026 I tyle o tre\u015bci. Ksi\u0105\u017cka jest bardzo dobrze napisana. Przenosi nas do \u015bwiata ba\u015bni, przygody,\u00a0 magii. Odwieczna walka dobra ze z\u0142em nadal trwa. Troch\u0119 jak ma\u0142y brzd\u0105c z wypiekami na twarzy czekamy na to co si\u0119 stanie. Jako\u015b tak nie wiadomo czemu nawet rzeczy niemo\u017cliwe staj\u0105 si\u0119 zupe\u0142nie realne. Otwar\u0142y si\u0119 bramy wyobra\u017ani i czeg\u00f3\u017c chcie\u0107 wi\u0119cej. Wspania\u0142e jest to, \u017ce fabu\u0142a, kt\u00f3r\u0105 kreuje autorka nie jest przewidywalna, a napi\u0119cie stopniowane powoli. \u00a0Sam temat nie jest jeszcze przereklamowany, jak cz\u0119sto jest w przypadku wampir\u00f3w, a nawet coraz popularniejszych elf\u00f3w. Ta ksi\u0105\u017cka po prostu wci\u0105ga- potrafimy kompletnie odci\u0105\u0107 si\u0119 od otaczaj\u0105cej nas rzeczywisto\u015bci, by pozna\u0107 losy Viany i dowiedzie\u0107 si\u0119, jak\u0105 tajemnic\u0119 ukrywa Uri.\u00a0 Jednocze\u015bnie poznajemy , jak ci\u0119\u017cka potrafi by\u0107 rzeczywisto\u015b\u0107 i w jakim tempie nasze \u017cycie mo\u017ce zmieni\u0107 si\u0119 o 180 stopni. Najbardziej podoba\u0142o mi si\u0119 to, \u017ce autorka postawi\u0142a na oryginalno\u015b\u0107 i wymy\u015bli\u0142a ca\u0142kiem nowy \u015bwiat i ciekawych bohater\u00f3w, kt\u00f3rzy od pierwszych stron zdobywaj\u0105 nasze serca. Plusem by\u0142 r\u00f3wnie\u017c fakt, \u017ce wydarzenia nie by\u0142y przes\u0142odzone; mogli\u015bmy wsp\u00f3\u0142czu\u0107 bohaterom, prze\u017cywa\u0107 wraz z nimi ich rozterki, troski i l\u0119ki o lepsze jutro. Pisarka tak \u015bwietnie stworzy\u0142a portrety bohater\u00f3w, \u017ce\u00a0 szybko staj\u0105 si\u0119 nam bliscy. Najpi\u0119kniejsza dla mnie i my\u015bl\u0119, \u017ce nie tylko dla mnie by\u0142a posta\u0107 Uriego, zielonosk\u00f3rego ch\u0142opaka, a dlaczego? Poczytajcie a sami si\u0119 przekonacie. <\/span><\/span><\/p>\n<p class=\"MsoNormal\" style=\"margin-bottom: .0001pt; text-align: justify; text-indent: 35.4pt; line-height: normal;\"><span style=\"font-size: 12px;\"><span style=\"font-family: Verdana;\">Ta ksi\u0105\u017cka \u00a0zainteresuje nastoletniego czytelnika, jak i doros\u0142ego, bo przecie\u017c w ka\u017cdym z nas drzemie odrobina dziecka. \u00a0Czy historia ma happy and? Na to ka\u017cdy odpowie inaczej. Z jednej strony kr\u00f3lestwo przetrwa\u0142o kryzys, a z drugiej strony zako\u0144czenie niejednej wra\u017cliwej czytelniczce wycisn\u0119\u0142o z oczu \u00a0\u0142zy. Mi\u0142ej i pe\u0142nej wra\u017ce\u0144 w\u0119dr\u00f3wki po krainie jak\u0105 stworzy\u0142a dla nas czytelnik\u00f3w Laura Gallego Garcia.<\/span><\/span><\/p>\n<p class=\"MsoNormal\" style=\"margin-bottom: .0001pt; text-align: justify; text-indent: 35.4pt; line-height: normal;\">Julia Muca, lat 14<\/p>\n<p class=\"MsoNormal\" style=\"margin-bottom: .0001pt; text-align: justify; text-indent: 35.4pt; line-height: normal;\">DKK &#8222;OK\u0142adka&#8221; w Aleksandrowie<span style=\"font-size: 12px;\"><span style=\"font-family: Verdana;\"><br \/>\n<\/span><\/span><\/p>\n","protected":false},"excerpt":{"rendered":"<p>\u00a0\u00a0\u00a0\u00a0\u00a0\u00a0\u00a0\u00a0 Kilka dni temu przegl\u0105da\u0142am p\u00f3\u0142ki biblioteki w poszukiwaniu dobrej ksi\u0105\u017cki fantastycznej. Szuka\u0142am czego\u015b odmiennego od tak popularnej dzisiejszej fantastyki, w kt\u00f3rej dominuj\u0105 wampiry. Moj\u0105 uwag\u0119 zwr\u00f3ci\u0142a ksi\u0105\u017cka o poetyckim [&hellip;]<\/p>\n","protected":false},"author":9,"featured_media":0,"comment_status":"open","ping_status":"open","sticky":false,"template":"","format":"standard","meta":{"_tec_requires_first_save":true,"_crdt_document":"","pgc_sgb_lightbox_settings":"","_EventAllDay":false,"_EventTimezone":"","_EventStartDate":"","_EventEndDate":"","_EventStartDateUTC":"","_EventEndDateUTC":"","_EventShowMap":false,"_EventShowMapLink":false,"_EventURL":"","_EventCost":"","_EventCostDescription":"","_EventCurrencySymbol":"","_EventCurrencyCode":"","_EventCurrencyPosition":"","_EventDateTimeSeparator":"","_EventTimeRangeSeparator":"","_EventOrganizerID":[],"_EventVenueID":[],"_OrganizerEmail":"","_OrganizerPhone":"","_OrganizerWebsite":"","_VenueAddress":"","_VenueCity":"","_VenueCountry":"","_VenueProvince":"","_VenueState":"","_VenueZip":"","_VenuePhone":"","_VenueURL":"","_VenueStateProvince":"","_VenueLat":"","_VenueLng":"","_VenueShowMap":false,"_VenueShowMapLink":false,"_tribe_blocks_recurrence_rules":"","_tribe_blocks_recurrence_description":"","_tribe_blocks_recurrence_exclusions":"","footnotes":""},"categories":[110],"tags":[],"class_list":["post-8289","post","type-post","status-publish","format-standard","hentry","category-recenzje-klubowiczow"],"publishpress_future_action":{"enabled":false,"date":"2026-05-06 06:25:34","action":"change-status","newStatus":"draft","terms":[],"taxonomy":"category","extraData":[]},"publishpress_future_workflow_manual_trigger":{"enabledWorkflows":[]},"_links":{"self":[{"href":"https:\/\/wbp.lublin.pl\/index.php\/wp-json\/wp\/v2\/posts\/8289","targetHints":{"allow":["GET"]}}],"collection":[{"href":"https:\/\/wbp.lublin.pl\/index.php\/wp-json\/wp\/v2\/posts"}],"about":[{"href":"https:\/\/wbp.lublin.pl\/index.php\/wp-json\/wp\/v2\/types\/post"}],"author":[{"embeddable":true,"href":"https:\/\/wbp.lublin.pl\/index.php\/wp-json\/wp\/v2\/users\/9"}],"replies":[{"embeddable":true,"href":"https:\/\/wbp.lublin.pl\/index.php\/wp-json\/wp\/v2\/comments?post=8289"}],"version-history":[{"count":2,"href":"https:\/\/wbp.lublin.pl\/index.php\/wp-json\/wp\/v2\/posts\/8289\/revisions"}],"predecessor-version":[{"id":12879,"href":"https:\/\/wbp.lublin.pl\/index.php\/wp-json\/wp\/v2\/posts\/8289\/revisions\/12879"}],"wp:attachment":[{"href":"https:\/\/wbp.lublin.pl\/index.php\/wp-json\/wp\/v2\/media?parent=8289"}],"wp:term":[{"taxonomy":"category","embeddable":true,"href":"https:\/\/wbp.lublin.pl\/index.php\/wp-json\/wp\/v2\/categories?post=8289"},{"taxonomy":"post_tag","embeddable":true,"href":"https:\/\/wbp.lublin.pl\/index.php\/wp-json\/wp\/v2\/tags?post=8289"}],"curies":[{"name":"wp","href":"https:\/\/api.w.org\/{rel}","templated":true}]}}