{"id":8290,"date":"2014-02-19T07:50:56","date_gmt":"2014-02-19T06:50:56","guid":{"rendered":"https:\/\/wbp.lublin.pl8\/index.php\/2014\/02\/19\/de-vigan-delephine-no-i-ja\/"},"modified":"2018-07-04T19:46:44","modified_gmt":"2018-07-04T17:46:44","slug":"de-vigan-delephine-no-i-ja","status":"publish","type":"post","link":"https:\/\/wbp.lublin.pl\/index.php\/2014\/02\/19\/de-vigan-delephine-no-i-ja\/","title":{"rendered":"De Vigan Delephine: No i Ja"},"content":{"rendered":"<p><span style=\"font-size: 12px;\"><span style=\"font-family: Verdana;\"><span lang=\"EN-US\">\u00a0\u00a0\u00a0\u00a0\u00a0\u00a0\u00a0\u00a0\u00a0\u00a0\u00a0 <\/span>Ksi\u0105\u017cka \u201eNo i Ja\u201d Delephine de Vigan to bestseller nagrodzony wieloma nagrodami, mi\u0119dzy innymi Prix Des Libraires 2008, Rotary Club 2008, Prix Farniente &#8211; Basket 2009. <\/span><\/span><\/p>\n<p class=\"MsoNormal\" style=\"margin-bottom: .0001pt; text-align: justify; line-height: normal;\"><span style=\"font-size: 12px;\"><span style=\"font-family: Verdana;\">Przeczyta\u0142am j\u0105, bo sta\u0142a si\u0119 ona tematem dyskusji podczas spotkania DKK. Poleci\u0142a mi j\u0105 moja przyjaci\u00f3\u0142ka, wi\u0119c postanowi\u0142am po\u015bwi\u0119ci\u0107 jej troch\u0119 czasu.\u00a0<\/span><\/span><\/p>\n<p class=\"MsoNormal\" style=\"margin-bottom: .0001pt; text-align: justify; line-height: normal;\"><span style=\"font-size: 12px;\"><span style=\"font-family: Verdana;\">\u00a0\u00a0\u00a0\u00a0\u00a0\u00a0\u00a0\u00a0\u00a0\u00a0\u00a0 Fabu\u0142a ksi\u0105\u017cki rozgrywa si\u0119 w Pary\u017cu. Jest to miejsce pe\u0142ne ha\u0142asu, przepychu, problem\u00f3w i bezdomnych &#8211; tak widzi ten \u015bwiat LouBertignac, g\u0142\u00f3wna bohaterka utworu. Lou jest wybitnie uzdolnion\u0105 trzynastolatk\u0105, skromn\u0105, zamkni\u0119t\u0105 w sobie. Wydawa\u0107 by si\u0119 mog\u0142o, \u017ce ma wszystko, co jest potrzebne do szcz\u0119\u015bcia &#8211; obydwoje rodzic\u00f3w, ciep\u0142y, \u00a0du\u017cy\u00a0dom i niewiarygodn\u0105 inteligencj\u0119. Jednak to tylko pozory. Prawda jest taka, \u017ce g\u0142\u00f3wna bohaterka nie czuj\u0119 si\u0119 dobrze. Jej dom jest cichy, brak w nim \u017cycia. Ojciec ci\u0119\u017cko pracuj\u0119, zarabia na utrzymacie rodziny sam, bo mamaLou jest \u201echora\u201d. Ma \u201echore\u201d d\u0142onie, kt\u00f3re nie potrafi\u0105 ju\u017c przytula\u0107 c\u00f3rki. \u201eChore\u201d oczy, bo nie potrafi\u0105 patrze\u0107 na dziewczyn\u0119 z mi\u0142o\u015bci\u0105. Inteligencja g\u0142\u00f3wnej bohaterki jest zarazem cudownym darem jak i przekle\u0144stwem. Zamyka j\u0105 w klatce w\u0142asnego \u015bwiata, do kt\u00f3rego nie maj\u0105 wst\u0119pu lub po prostu nie chc\u0105 wej\u015b\u0107 jej r\u00f3wie\u015bnicy. Dzi\u0119ki swojemu geniuszowi przeskoczy\u0142a ona kilka klas. Niestety odnalezienie si\u0119 w grupie z szesnastolatkami nie jest dla niej \u0142atwe. Lou to jeszcze dziecko, nie potrafi \u015bmia\u0107 si\u0119 z dowcip\u00f3w koleg\u00f3w z klasy, nie potrafi my\u015ble\u0107 ca\u0142ymi dniami o sobotniej imprezie. Z jednej strony za stara na dziecko, z drugiej za m\u0142oda na \u201epann\u0119\u201d. LouBertignac gubi w tym \u015bwiecie swoje wewn\u0119trzne \u201eja\u201d. I to \u201eja\u201d po cz\u0119\u015bci oddaje jej No- osiemnastoletnia dziewczyna, mieszkaj\u0105ca na ulicy. Obie bohaterki spotykaj\u0105 si\u0119 przypadkiem w tunelach metra. Lou wyci\u0105ga r\u0119k\u0119 do nieznajomej, wygl\u0105daj\u0105cej n\u0119dznie i by\u0107 mo\u017ce niebezpiecznej dziewczyny. Na pocz\u0105tku kieruje ni\u0105 w\u0142asny egoizm- chce dosta\u0107 dobr\u0105 ocen\u0119 z referatu na temat bezdomnych. Dziewczyna postanawia zmieni\u0107 los kloszardki, ale nie jest to takie proste. G\u0142\u00f3wna bohaterka zarzuca sie\u0107 na nowo poznan\u0105 dziewczyn\u0119, my\u015bl\u0105c tylko o referacie. Ku jej zaskoczeniu z czasem sama w ni\u0105 wpada. Poznaj\u0105c bli\u017cej przypadkiem spotkan\u0105 No odnajduje w niej to, czego jej brakowa\u0142o \u2013bratni\u0105 dusz\u0119. Okazuje si\u0119, \u017ce No chce s\u0142ucha\u0107 o jej szkole, eksperymentach i problemach. S\u0105 dla siebie troch\u0119 jak siostry bli\u017aniaczki, kt\u00f3re \u0142\u0105czy magiczna, chocia\u017c niezrozumia\u0142a do ko\u0144ca wi\u0119\u017a. Dwie znacznie r\u00f3\u017cni\u0105ce si\u0119 dziewczyny &#8211; dwa r\u00f3\u017cne \u015bwiaty, kt\u00f3re na siebie wpadaj\u0105, \u015bcieraj\u0105 si\u0119 ze sob\u0105, wytwarzaj\u0105 si\u0142\u0119, \u015bwiate\u0142ko w ciemnym tunelu- przyja\u017a\u0144. Trzynastolatka nie potrafi \u017cy\u0107 bez No, martwi si\u0119 o ni\u0105. Boi si\u0119, \u017ce mo\u017ce j\u0105 straci\u0107. Lou, namawia rodzic\u00f3w, aby pozwolili No zamieszka\u0107 w swoim domu. Z pocz\u0105tku, wszystko idzie jak nale\u017cy. Dziewczyna w\u0142\u0105cza si\u0119 do domowych obowi\u0105zk\u00f3w, znajduje prac\u0119. Dzi\u0119ki osiemnastolatce mama Lou otwiera si\u0119 na innych, wychodz\u0105c z g\u0142\u0119bokiej depresji po \u015bmierci m\u0142odszej c\u00f3rki. Bezdomna troch\u0119 jak anio\u0142 zaczyna budzi\u0107 rodzin\u0119 znowu do \u017cycia. Niestety, pojawia si\u0119 problem. Wychodzi z cienia widmo alkoholizmu wisz\u0105ce nad No. Jak poradzi sobie dziewczyna? Czy historia bohaterek b\u0119dzie mia\u0142a szcz\u0119\u015bliwe zako\u0144czenie? Odpowiedzi na te i inne pytania znajdziecie czytaj\u0105c ksi\u0105\u017ck\u0119.\u00a0<\/span><\/span><\/p>\n<p class=\"MsoNormal\" style=\"margin-bottom: .0001pt; text-align: justify; line-height: normal;\"><span style=\"font-size: 12px;\"><span style=\"font-family: Verdana;\">\u00a0\u00a0\u00a0\u00a0\u00a0\u00a0\u00a0\u00a0\u00a0\u00a0\u00a0 Musz\u0119 przyzna\u0107, \u017ce dla mnie by\u0142o to pewnym wyzwaniem. Opowie\u015b\u0107 nie nale\u017cy do naj\u0142atwiejszych pod r\u00f3\u017cnymi wzgl\u0119dami. Fabu\u0142a wymaga uwagi, ale odp\u0142aca niezapomnianym spotkaniem z bohaterami i ich \u015bwiatem. Jak ju\u017c zag\u0142\u0119biasz si\u0119 w niej to trudno rzuci\u0107 ksi\u0105\u017ck\u0119 w przys\u0142owiowy k\u0105t, bo w g\u0142owie buzuj\u0105 my\u015bli: -co dalej\u2026\u00a0 Jest to utw\u00f3r, kt\u00f3ry pomaga nam zrzuci\u0107 mask\u0119 i spojrze\u0107 na swoje wn\u0119trze bez wszystkich upi\u0119ksze\u0144. Pokazuje, \u017ce ka\u017cdy jest inny, \u017ce ma prawo do prze\u017cywania wszystkiego na sw\u00f3j spos\u00f3b. Opowie\u015b\u0107 pomaga zastanowi\u0107 si\u0119 nam, czym jest szcz\u0119\u015bcie, by go nie przegapi\u0107. To ksi\u0105\u017cka, otwieraj\u0105ca oczy na trudne rzeczy, kt\u00f3re dotykaj\u0105 coraz cz\u0119\u015bciej m\u0142odych ludzi jak chocia\u017cby alkoholizm, samotno\u015b\u0107 i nak\u0142ania, aby zacz\u0105\u0107 o tym m\u00f3wi\u0107.\u00a0 To r\u00f3wnie\u017c historia o delikatnej pierwszej mi\u0142o\u015bci, (kto o niej nie marzy) i Francji. Wszystkiego dope\u0142nia nietuzinkowy j\u0119zyk autorki, kt\u00f3ry pozwala na delektowanie si\u0119 kolejnymi zdaniami. Jednym s\u0142owem szukaj tej ksi\u0105\u017cki i zacznij czyta\u0107. <\/span><\/span><\/p>\n<p class=\"MsoNormal\" style=\"margin-bottom: .0001pt; text-align: justify; line-height: normal;\">\n<b><i>Klaudia Bil, <\/i><\/b><i>lat 15<\/i><\/p>\n<p>\u00a0<i>DKK \u201eOk\u0142adka\u201d w Aleksandrowie<\/i><\/p>\n<p class=\"MsoNormal\" style=\"text-align: justify;\"><span style=\"font-size: 12px;\"><span style=\"font-family: Verdana;\"><span style=\"line-height: 115%;\">\u00a0<\/span><\/span><\/span><\/p>\n","protected":false},"excerpt":{"rendered":"<p>\u00a0\u00a0\u00a0\u00a0\u00a0\u00a0\u00a0\u00a0\u00a0\u00a0\u00a0 Ksi\u0105\u017cka \u201eNo i Ja\u201d Delephine de Vigan to bestseller nagrodzony wieloma nagrodami, mi\u0119dzy innymi Prix Des Libraires 2008, Rotary Club 2008, Prix Farniente &#8211; Basket 2009. Przeczyta\u0142am j\u0105, bo [&hellip;]<\/p>\n","protected":false},"author":9,"featured_media":0,"comment_status":"open","ping_status":"open","sticky":false,"template":"","format":"standard","meta":{"_tec_requires_first_save":true,"_crdt_document":"","pgc_sgb_lightbox_settings":"","_EventAllDay":false,"_EventTimezone":"","_EventStartDate":"","_EventEndDate":"","_EventStartDateUTC":"","_EventEndDateUTC":"","_EventShowMap":false,"_EventShowMapLink":false,"_EventURL":"","_EventCost":"","_EventCostDescription":"","_EventCurrencySymbol":"","_EventCurrencyCode":"","_EventCurrencyPosition":"","_EventDateTimeSeparator":"","_EventTimeRangeSeparator":"","_EventOrganizerID":[],"_EventVenueID":[],"_OrganizerEmail":"","_OrganizerPhone":"","_OrganizerWebsite":"","_VenueAddress":"","_VenueCity":"","_VenueCountry":"","_VenueProvince":"","_VenueState":"","_VenueZip":"","_VenuePhone":"","_VenueURL":"","_VenueStateProvince":"","_VenueLat":"","_VenueLng":"","_VenueShowMap":false,"_VenueShowMapLink":false,"_tribe_blocks_recurrence_rules":"","_tribe_blocks_recurrence_description":"","_tribe_blocks_recurrence_exclusions":"","footnotes":""},"categories":[110],"tags":[],"class_list":["post-8290","post","type-post","status-publish","format-standard","hentry","category-recenzje-klubowiczow"],"publishpress_future_action":{"enabled":false,"date":"2026-05-06 06:24:01","action":"change-status","newStatus":"draft","terms":[],"taxonomy":"category","extraData":[]},"publishpress_future_workflow_manual_trigger":{"enabledWorkflows":[]},"_links":{"self":[{"href":"https:\/\/wbp.lublin.pl\/index.php\/wp-json\/wp\/v2\/posts\/8290","targetHints":{"allow":["GET"]}}],"collection":[{"href":"https:\/\/wbp.lublin.pl\/index.php\/wp-json\/wp\/v2\/posts"}],"about":[{"href":"https:\/\/wbp.lublin.pl\/index.php\/wp-json\/wp\/v2\/types\/post"}],"author":[{"embeddable":true,"href":"https:\/\/wbp.lublin.pl\/index.php\/wp-json\/wp\/v2\/users\/9"}],"replies":[{"embeddable":true,"href":"https:\/\/wbp.lublin.pl\/index.php\/wp-json\/wp\/v2\/comments?post=8290"}],"version-history":[{"count":2,"href":"https:\/\/wbp.lublin.pl\/index.php\/wp-json\/wp\/v2\/posts\/8290\/revisions"}],"predecessor-version":[{"id":12863,"href":"https:\/\/wbp.lublin.pl\/index.php\/wp-json\/wp\/v2\/posts\/8290\/revisions\/12863"}],"wp:attachment":[{"href":"https:\/\/wbp.lublin.pl\/index.php\/wp-json\/wp\/v2\/media?parent=8290"}],"wp:term":[{"taxonomy":"category","embeddable":true,"href":"https:\/\/wbp.lublin.pl\/index.php\/wp-json\/wp\/v2\/categories?post=8290"},{"taxonomy":"post_tag","embeddable":true,"href":"https:\/\/wbp.lublin.pl\/index.php\/wp-json\/wp\/v2\/tags?post=8290"}],"curies":[{"name":"wp","href":"https:\/\/api.w.org\/{rel}","templated":true}]}}