{"id":8296,"date":"2014-02-24T14:02:28","date_gmt":"2014-02-24T13:02:28","guid":{"rendered":"https:\/\/wbp.lublin.pl8\/index.php\/2014\/02\/24\/praszyski-roman-corka-wokulskiego\/"},"modified":"2018-07-02T21:57:39","modified_gmt":"2018-07-02T19:57:39","slug":"praszyski-roman-corka-wokulskiego","status":"publish","type":"post","link":"https:\/\/wbp.lublin.pl\/index.php\/2014\/02\/24\/praszyski-roman-corka-wokulskiego\/","title":{"rendered":"Praszy\u0144ski Roman: C\u00f3rka Wokulskiego"},"content":{"rendered":"<p style=\"text-align: justify;\"><span style=\"font-size: 12px;\"><span style=\"font-family: Verdana;\">R<span style=\"line-height: 115%;\">oman Praszy\u0144ski stworzy\u0142 awanturniczo-przygodow\u0105 powie\u015b\u0107 z bohaterami Lalki w rolach g\u0142\u00f3wnych i wagonem z\u0142ota w tle. Znajdujemy tu Wokulskiego, Suzina, Ochockiego Szumana a nawet samego Prusa &#8211; nie ma jednak nic z pozytywistycznych hase\u0142 samej Lalki. Wokulski z Suzinem to \u017cyciowi bankruci, Izabela to luksusowa kurtyzana a tylko &#8211; fizycznie nieobecny u Prusa Stawski, wszechstronnym aferzyst\u0105 pozosta\u0142.<\/span><\/span><\/span><\/p>\n<p style=\"text-align: justify;\">\u00a0<span style=\"font-size: 12px;\"><span style=\"font-family: Verdana;\"><span style=\"line-height: 115%;\">\u00a0\u00a0\u00a0 Jak na awanturnicz\u0105 literatur\u0119 przysta\u0142o, akcja powie\u015bci jest wartka, <\/span><\/span><\/span><span style=\"font-size: 12px;\"><span style=\"font-family: Verdana;\"><span style=\"line-height: 115%;\">z niespodziewanymi zwrotami i zaskakuj\u0105cymi rozwi\u0105zaniami. Ca\u0142o\u015b\u0107 czyta si\u0119 przyjemnie, trzeba tylko robi\u0107 to z &#8222;przymru\u017ceniem oka&#8221;, bo realny \u015bwiat \u00a0miesza si\u0119 tu z fantazj\u0105, czego dowodem sprawa Miszy-niezwyk\u0142ego nied\u017awiedzia lub akcja z u\u017cyciem odrzutowego balonu.<\/span><\/span><\/span><\/p>\n<p class=\"MsoNormal\" style=\"margin-bottom: .0001pt; text-align: justify;\"><span style=\"font-size: 12px;\"><span style=\"font-family: Verdana;\"><span style=\"line-height: 115%;\">\u00a0\u00a0\u00a0\u00a0\u00a0\u00a0\u00a0\u00a0 Ksi\u0105\u017ck\u0119 przeczyta\u0107 warto &#8211; chocia\u017cby tylko po to ,by por\u00f3wna\u0107 znanych wcze\u015bniej bohater\u00f3w Lalki z tymi, stworzonymi przez Praszy\u0144skiego.<\/span><\/span><\/span><\/p>\n<p class=\"MsoNormal\" style=\"margin-bottom: 0.0001pt; text-align: justify;\"><span style=\"font-size: 12px;\"><span style=\"font-family: Verdana;\"><span style=\"line-height: 115%;\">\u00a0<\/span><\/span><\/span><\/p>\n<p class=\"MsoNormal\" style=\"margin-bottom: 0.0001pt; text-align: justify;\"><span style=\"font-size: 12px;\"><span style=\"font-family: Verdana;\"><span style=\"line-height: 115%;\">El\u017cbieta Drzazga<\/span><\/span><\/span><\/p>\n<p class=\"MsoNormal\" style=\"margin-bottom: 0.0001pt; text-align: justify;\"><span style=\"font-size: 12px;\"><span style=\"font-family: Verdana;\"><span style=\"line-height: 115%;\">DKK w Modliborzycach<\/span><\/span><\/span><\/p>\n<p class=\"MsoNormal\" style=\"margin-bottom: 0.0001pt; text-align: justify;\"><span style=\"font-size: 12px;\"><span style=\"font-family: Verdana;\"><span style=\"line-height: 115%;\">\u00a0<\/span><\/span><\/span><\/p>\n","protected":false},"excerpt":{"rendered":"<p>Roman Praszy\u0144ski stworzy\u0142 awanturniczo-przygodow\u0105 powie\u015b\u0107 z bohaterami Lalki w rolach g\u0142\u00f3wnych i wagonem z\u0142ota w tle. Znajdujemy tu Wokulskiego, Suzina, Ochockiego Szumana a nawet samego Prusa &#8211; nie ma jednak [&hellip;]<\/p>\n","protected":false},"author":9,"featured_media":0,"comment_status":"open","ping_status":"open","sticky":false,"template":"","format":"standard","meta":{"_tec_requires_first_save":true,"_crdt_document":"","pgc_sgb_lightbox_settings":"","_EventAllDay":false,"_EventTimezone":"","_EventStartDate":"","_EventEndDate":"","_EventStartDateUTC":"","_EventEndDateUTC":"","_EventShowMap":false,"_EventShowMapLink":false,"_EventURL":"","_EventCost":"","_EventCostDescription":"","_EventCurrencySymbol":"","_EventCurrencyCode":"","_EventCurrencyPosition":"","_EventDateTimeSeparator":"","_EventTimeRangeSeparator":"","_EventOrganizerID":[],"_EventVenueID":[],"_OrganizerEmail":"","_OrganizerPhone":"","_OrganizerWebsite":"","_VenueAddress":"","_VenueCity":"","_VenueCountry":"","_VenueProvince":"","_VenueState":"","_VenueZip":"","_VenuePhone":"","_VenueURL":"","_VenueStateProvince":"","_VenueLat":"","_VenueLng":"","_VenueShowMap":false,"_VenueShowMapLink":false,"_tribe_blocks_recurrence_rules":"","_tribe_blocks_recurrence_description":"","_tribe_blocks_recurrence_exclusions":"","footnotes":""},"categories":[110],"tags":[],"class_list":["post-8296","post","type-post","status-publish","format-standard","hentry","category-recenzje-klubowiczow"],"publishpress_future_action":{"enabled":false,"date":"2026-05-06 07:56:14","action":"change-status","newStatus":"draft","terms":[],"taxonomy":"category","extraData":[]},"publishpress_future_workflow_manual_trigger":{"enabledWorkflows":[]},"_links":{"self":[{"href":"https:\/\/wbp.lublin.pl\/index.php\/wp-json\/wp\/v2\/posts\/8296","targetHints":{"allow":["GET"]}}],"collection":[{"href":"https:\/\/wbp.lublin.pl\/index.php\/wp-json\/wp\/v2\/posts"}],"about":[{"href":"https:\/\/wbp.lublin.pl\/index.php\/wp-json\/wp\/v2\/types\/post"}],"author":[{"embeddable":true,"href":"https:\/\/wbp.lublin.pl\/index.php\/wp-json\/wp\/v2\/users\/9"}],"replies":[{"embeddable":true,"href":"https:\/\/wbp.lublin.pl\/index.php\/wp-json\/wp\/v2\/comments?post=8296"}],"version-history":[{"count":2,"href":"https:\/\/wbp.lublin.pl\/index.php\/wp-json\/wp\/v2\/posts\/8296\/revisions"}],"predecessor-version":[{"id":12947,"href":"https:\/\/wbp.lublin.pl\/index.php\/wp-json\/wp\/v2\/posts\/8296\/revisions\/12947"}],"wp:attachment":[{"href":"https:\/\/wbp.lublin.pl\/index.php\/wp-json\/wp\/v2\/media?parent=8296"}],"wp:term":[{"taxonomy":"category","embeddable":true,"href":"https:\/\/wbp.lublin.pl\/index.php\/wp-json\/wp\/v2\/categories?post=8296"},{"taxonomy":"post_tag","embeddable":true,"href":"https:\/\/wbp.lublin.pl\/index.php\/wp-json\/wp\/v2\/tags?post=8296"}],"curies":[{"name":"wp","href":"https:\/\/api.w.org\/{rel}","templated":true}]}}