{"id":8299,"date":"2014-02-24T14:13:19","date_gmt":"2014-02-24T13:13:19","guid":{"rendered":"https:\/\/wbp.lublin.pl8\/index.php\/2014\/02\/24\/rawicz-sawomir-dugi-marsz\/"},"modified":"2018-07-02T21:57:43","modified_gmt":"2018-07-02T19:57:43","slug":"rawicz-sawomir-dugi-marsz","status":"publish","type":"post","link":"https:\/\/wbp.lublin.pl\/index.php\/2014\/02\/24\/rawicz-sawomir-dugi-marsz\/","title":{"rendered":"Rawicz S\u0142awomir: D\u0142ugi marsz"},"content":{"rendered":"<p><span style=\"font-size: 12px;\"><span style=\"font-family: Verdana;\"><span style=\"line-height: 115%;\">Z literatury i film\u00f3w znam histori\u0119 kilku ucieczek z syberyjskiego zes\u0142ania. Ostatnio pozna\u0142em kolejn\u0105-opowiedzian\u0105 przez S\u0142awomira Rawicza w ksi\u0105\u017cce &#8222;D\u0142ugi marsz &#8222;.<\/span> <\/span><\/span><\/p>\n<p class=\"MsoNormal\" style=\"margin-bottom: .0001pt; text-align: justify;\"><span style=\"font-size: 12px;\"><span style=\"font-family: Verdana;\"><span style=\"line-height: 115%;\">Wrze\u015bniowy oficer, aresztowany i skazany przez Rosjan na wieloletni\u0105 katorg\u0119, wraz z kilkoma wsp\u00f3\u0142wi\u0119\u017aniami ucieka z obozu. Pieszo w\u0119druje przez syberyjsk\u0105 tajg\u0119 wzd\u0142u\u017c Leny i brzeg\u00f3w Bajka\u0142u, przez stepy Mongolii, pustyni\u0119 Gobi i Himalaje.<\/span><\/span><\/span><\/p>\n<p class=\"MsoNormal\" style=\"margin-bottom: .0001pt; text-align: justify;\"><span style=\"font-size: 12px;\"><span style=\"font-family: Verdana;\"><span style=\"line-height: 115%;\">Ta podr\u00f3\u017c trwa ponad rok i obfituje w niezwyk\u0142e wydarzenia, do spotkania z Yeti w\u0142\u0105cznie. Bez znajomo\u015bci terenu, bez map i kompasu uciekinierzy \u00a0docieraj\u0105 do Indii.<\/span><\/span><\/span><\/p>\n<p class=\"MsoNormal\" style=\"margin-bottom: .0001pt; text-align: justify;\"><span style=\"font-size: 12px;\"><span style=\"font-family: Verdana;\"><span style=\"line-height: 115%;\">Dzi\u0119ki czemu? No, w\u0142a\u015bnie&#8230;&#8230; <\/span><\/span><\/span><span style=\"font-size: 12px;\"><span style=\"font-family: Verdana;\"><span style=\"line-height: 115%;\">Znawcy przedmiotu twierdz\u0105 wprawdzie, \u017ce takiej ucieczki nie by\u0142o&#8230;&#8230;\u017ce to by\u0142o ca\u0142kiem inaczej&#8230;..Mo\u017cna im wierzy\u0107 lub nie&#8230;..<\/span><\/span><\/span><\/p>\n<p class=\"MsoNormal\" style=\"margin-bottom: .0001pt; text-align: justify;\"><span style=\"font-size: 12px;\"><span style=\"font-family: Verdana;\"><span style=\"line-height: 115%;\">Ksi\u0105\u017ck\u0119 jednak przeczyta\u0107 warto!<\/span><\/span><\/span><\/p>\n<p class=\"MsoNormal\" style=\"margin-bottom: .0001pt;\"><span style=\"font-size: 12px;\"><span style=\"font-family: Verdana;\"><span style=\"line-height: 115%;\">\u00a0<\/span><\/span><\/span><\/p>\n<p class=\"MsoNormal\" style=\"margin-bottom: .0001pt;\"><span style=\"font-size: 12px;\"><span style=\"font-family: Verdana;\"><span style=\"line-height: 115%;\">Zdzis\u0142aw Drzazga<\/span><\/span><\/span><\/p>\n<p class=\"MsoNormal\" style=\"margin-bottom: .0001pt;\"><span style=\"font-size: 12px;\"><span style=\"font-family: Verdana;\"><span style=\"line-height: 115%;\">DKK w Modliborzycach<\/span><\/span><\/span><\/p>\n<p class=\"MsoNormal\"><span style=\"font-size: 12px;\"><span style=\"font-family: Verdana;\"><span style=\"line-height: 115%;\">\u00a0<\/span><\/span><\/span><\/p>\n<p class=\"MsoNormal\"><span style=\"font-size: 12px;\"><span style=\"font-family: Verdana;\">\u00a0<\/span><\/span><\/p>\n","protected":false},"excerpt":{"rendered":"<p>Z literatury i film\u00f3w znam histori\u0119 kilku ucieczek z syberyjskiego zes\u0142ania. Ostatnio pozna\u0142em kolejn\u0105-opowiedzian\u0105 przez S\u0142awomira Rawicza w ksi\u0105\u017cce &#8222;D\u0142ugi marsz &#8222;. Wrze\u015bniowy oficer, aresztowany i skazany przez Rosjan na [&hellip;]<\/p>\n","protected":false},"author":9,"featured_media":0,"comment_status":"open","ping_status":"open","sticky":false,"template":"","format":"standard","meta":{"_tec_requires_first_save":true,"_crdt_document":"","pgc_sgb_lightbox_settings":"","_EventAllDay":false,"_EventTimezone":"","_EventStartDate":"","_EventEndDate":"","_EventStartDateUTC":"","_EventEndDateUTC":"","_EventShowMap":false,"_EventShowMapLink":false,"_EventURL":"","_EventCost":"","_EventCostDescription":"","_EventCurrencySymbol":"","_EventCurrencyCode":"","_EventCurrencyPosition":"","_EventDateTimeSeparator":"","_EventTimeRangeSeparator":"","_EventOrganizerID":[],"_EventVenueID":[],"_OrganizerEmail":"","_OrganizerPhone":"","_OrganizerWebsite":"","_VenueAddress":"","_VenueCity":"","_VenueCountry":"","_VenueProvince":"","_VenueState":"","_VenueZip":"","_VenuePhone":"","_VenueURL":"","_VenueStateProvince":"","_VenueLat":"","_VenueLng":"","_VenueShowMap":false,"_VenueShowMapLink":false,"_tribe_blocks_recurrence_rules":"","_tribe_blocks_recurrence_description":"","_tribe_blocks_recurrence_exclusions":"","footnotes":""},"categories":[110],"tags":[],"class_list":["post-8299","post","type-post","status-publish","format-standard","hentry","category-recenzje-klubowiczow"],"publishpress_future_action":{"enabled":false,"date":"2026-05-06 07:49:07","action":"change-status","newStatus":"draft","terms":[],"taxonomy":"category","extraData":[]},"publishpress_future_workflow_manual_trigger":{"enabledWorkflows":[]},"_links":{"self":[{"href":"https:\/\/wbp.lublin.pl\/index.php\/wp-json\/wp\/v2\/posts\/8299","targetHints":{"allow":["GET"]}}],"collection":[{"href":"https:\/\/wbp.lublin.pl\/index.php\/wp-json\/wp\/v2\/posts"}],"about":[{"href":"https:\/\/wbp.lublin.pl\/index.php\/wp-json\/wp\/v2\/types\/post"}],"author":[{"embeddable":true,"href":"https:\/\/wbp.lublin.pl\/index.php\/wp-json\/wp\/v2\/users\/9"}],"replies":[{"embeddable":true,"href":"https:\/\/wbp.lublin.pl\/index.php\/wp-json\/wp\/v2\/comments?post=8299"}],"version-history":[{"count":2,"href":"https:\/\/wbp.lublin.pl\/index.php\/wp-json\/wp\/v2\/posts\/8299\/revisions"}],"predecessor-version":[{"id":12951,"href":"https:\/\/wbp.lublin.pl\/index.php\/wp-json\/wp\/v2\/posts\/8299\/revisions\/12951"}],"wp:attachment":[{"href":"https:\/\/wbp.lublin.pl\/index.php\/wp-json\/wp\/v2\/media?parent=8299"}],"wp:term":[{"taxonomy":"category","embeddable":true,"href":"https:\/\/wbp.lublin.pl\/index.php\/wp-json\/wp\/v2\/categories?post=8299"},{"taxonomy":"post_tag","embeddable":true,"href":"https:\/\/wbp.lublin.pl\/index.php\/wp-json\/wp\/v2\/tags?post=8299"}],"curies":[{"name":"wp","href":"https:\/\/api.w.org\/{rel}","templated":true}]}}