{"id":8339,"date":"2014-04-22T09:04:26","date_gmt":"2014-04-22T07:04:26","guid":{"rendered":"https:\/\/wbp.lublin.pl8\/index.php\/2014\/04\/22\/dirie-warris-corka-nomadow\/"},"modified":"2018-07-04T19:46:44","modified_gmt":"2018-07-04T17:46:44","slug":"dirie-warris-corka-nomadow","status":"publish","type":"post","link":"https:\/\/wbp.lublin.pl\/index.php\/2014\/04\/22\/dirie-warris-corka-nomadow\/","title":{"rendered":"Dirie Warris: C\u00f3rka Nomad\u00f3w"},"content":{"rendered":"<p style=\"text-align: justify;\"><span style=\"font-size: 12.0pt; mso-bidi-font-size: 14.0pt; line-height: 115%;\">Warris jest z pochodzenia Somalijk\u0105. Przez kilkana\u015bcie lat wychowywa\u0142a si\u0119 w koczowniczej rodzinie, w trudnych warunkach pustynnych. Zgodnie z rytua\u0142em obowi\u0105zuj\u0105cym w krajach muzu\u0142ma\u0144skich zosta\u0142a poddana praktyce okaleczania kobiet. Mia\u0142a 13 lat, kiedy ojciec pr\u00f3bowa\u0142 wyda\u0107 j\u0105 za starszego m\u0119\u017cczyzn\u0119 tylko dlatego, \u017ce ten ofiarowa\u0142 mu stado wielb\u0142\u0105d\u00f3w.<\/span><\/p>\n<p class=\"MsoNormal\" style=\"margin-bottom: .0001pt; text-align: justify; text-indent: 35.4pt;\"><span style=\"font-size: 12.0pt; mso-bidi-font-size: 14.0pt; line-height: 115%;\">Porzuci\u0142a wtedy rodzin\u0119 i wyjecha\u0142a do USA. Przekona\u0142a si\u0119 jednak, \u017ce styl \u017cycia na Zachodzie by\u0142 pod wieloma wzgl\u0119dami trudniejszy ni\u017c przypuszcza\u0142a. Mimo i\u017c za\u0142o\u017cy\u0142a rodzin\u0119 i urodzi\u0142a syna, czu\u0142a si\u0119 samotna i zagubiona. Ci\u0105gle my\u015bla\u0142a o rodzinie, kt\u00f3r\u0105 zostawi\u0142a w Somali, nie wiedzia\u0142a, co si\u0119 z ni\u0105 dzieje. T\u0119sknot\u0119 pog\u0142\u0119bia\u0142y nieporozumienia<br \/>\nz m\u0119\u017cem i te\u015bciow\u0105. Nie akceptowali oni jej zwyczaj\u00f3w, zachowa\u0144, ani metod wychowania syna. Wtedy postanowi\u0142a odwiedzi\u0107 swoj\u0105 ojczyzn\u0119, aby zobaczy\u0107 si\u0119 z rodzina a zw\u0142aszcza matk\u0105. Matka by\u0142a dla niej wzorem kobiety m\u0105drej, bardzo zapracowanej i poni\u017canej, ale nie narzekaj\u0105cej na sw\u00f3j los. Cieszy\u0142a ja my\u015bl na spotkanie z ojcem, mimo i\u017c to jego post\u0119powanie zmusi\u0142o j\u0105 do opuszczenia rodzinnych stron. <\/span><\/p>\n<p class=\"MsoNormal\" style=\"margin-bottom: .0001pt; text-align: justify; text-indent: 35.4pt;\"><span style=\"font-size: 12.0pt; mso-bidi-font-size: 14.0pt; line-height: 115%;\"><span style=\"mso-spacerun: yes;\">\u00a0<\/span><span style=\"mso-spacerun: yes;\">\u00a0<\/span>Podr\u00f3\u017c do Somali nie by\u0142a \u0142atwa. By\u0142 to okres brutalnych wojen mi\u0119dzy plemionami i walki o w\u0142adz\u0119. Ale mi\u0142o\u015b\u0107 do ojczyzny i najbli\u017cszych pozwoli\u0142a jej dotrze\u0107 do celu. Pobyt w\u015br\u00f3d swoich u\u015bwiadomi\u0142 jej jednak, \u017ce bardzo si\u0119 zmieni\u0142a i nie pasuje do otoczenia. Zobaczy\u0142a ten kraj na nowo, pozna\u0142a \u017cycie tubylc\u00f3w, ich stan zdrowia, obyczaje i kultur\u0119 afryka\u0144sk\u0105. Nie pozosta\u0142a w Somali ze swoja rodzin\u0105, wr\u00f3ci\u0142a do dotychczasowego \u017cycia, ale utwierdzi\u0142a si\u0119 w przekonaniu, \u017ce zawsze b\u0119dzie Somalijk\u0105, mimo i\u017c wiele wycierpia\u0142a<br \/>\nw dzieci\u0144stwie. Dla Somalijczyka rodzina jest najwa\u017cniejsza, a poczucie przynale\u017cno\u015bci do ojczystego kraju i wi\u0119zy pokrewie\u0144stwa s\u0105 bardzo silne. Obserwacja \u017cycia i rytua\u0142\u00f3w w kraju pozwoli\u0142y Warris przemy\u015ble\u0107 swoje dzia\u0142ania w ramach ONZ w zakresie pomocy swoim rodakom, a zw\u0142aszcza kobietom. Zaanga\u017cowa\u0142a si\u0119 w walk\u0119 z problemami wsp\u00f3\u0142czesnej Afryki. Stworzy\u0142a fundacj\u0119 \u201eJutrzenka Pustyni\u201d, nios\u0105c\u0105 pomoc dla dyskryminowanych kobiet.<\/span><\/p>\n<p class=\"MsoNormal\" style=\"margin-bottom: .0001pt; text-align: justify; text-indent: 35.4pt;\"><span style=\"font-size: 12.0pt; mso-bidi-font-size: 14.0pt; line-height: 115%;\">Regina Gil<\/span><\/p>\n<p class=\"MsoNormal\" style=\"margin-bottom: .0001pt; text-align: justify; text-indent: 35.4pt;\"><span style=\"font-size: 12.0pt; mso-bidi-font-size: 14.0pt; line-height: 115%;\">DKK Modliborzyce<\/span><\/p>\n<p style=\"text-align: justify;\">\n","protected":false},"excerpt":{"rendered":"<p>Warris jest z pochodzenia Somalijk\u0105. Przez kilkana\u015bcie lat wychowywa\u0142a si\u0119 w koczowniczej rodzinie, w trudnych warunkach pustynnych. Zgodnie z rytua\u0142em obowi\u0105zuj\u0105cym w krajach muzu\u0142ma\u0144skich zosta\u0142a poddana praktyce okaleczania kobiet. Mia\u0142a [&hellip;]<\/p>\n","protected":false},"author":9,"featured_media":0,"comment_status":"open","ping_status":"open","sticky":false,"template":"","format":"standard","meta":{"_tec_requires_first_save":true,"_crdt_document":"","pgc_sgb_lightbox_settings":"","_EventAllDay":false,"_EventTimezone":"","_EventStartDate":"","_EventEndDate":"","_EventStartDateUTC":"","_EventEndDateUTC":"","_EventShowMap":false,"_EventShowMapLink":false,"_EventURL":"","_EventCost":"","_EventCostDescription":"","_EventCurrencySymbol":"","_EventCurrencyCode":"","_EventCurrencyPosition":"","_EventDateTimeSeparator":"","_EventTimeRangeSeparator":"","_EventOrganizerID":[],"_EventVenueID":[],"_OrganizerEmail":"","_OrganizerPhone":"","_OrganizerWebsite":"","_VenueAddress":"","_VenueCity":"","_VenueCountry":"","_VenueProvince":"","_VenueState":"","_VenueZip":"","_VenuePhone":"","_VenueURL":"","_VenueStateProvince":"","_VenueLat":"","_VenueLng":"","_VenueShowMap":false,"_VenueShowMapLink":false,"_tribe_blocks_recurrence_rules":"","_tribe_blocks_recurrence_description":"","_tribe_blocks_recurrence_exclusions":"","footnotes":""},"categories":[110],"tags":[],"class_list":["post-8339","post","type-post","status-publish","format-standard","hentry","category-recenzje-klubowiczow"],"publishpress_future_action":{"enabled":false,"date":"2026-05-06 06:25:34","action":"change-status","newStatus":"draft","terms":[],"taxonomy":"category","extraData":[]},"publishpress_future_workflow_manual_trigger":{"enabledWorkflows":[]},"_links":{"self":[{"href":"https:\/\/wbp.lublin.pl\/index.php\/wp-json\/wp\/v2\/posts\/8339","targetHints":{"allow":["GET"]}}],"collection":[{"href":"https:\/\/wbp.lublin.pl\/index.php\/wp-json\/wp\/v2\/posts"}],"about":[{"href":"https:\/\/wbp.lublin.pl\/index.php\/wp-json\/wp\/v2\/types\/post"}],"author":[{"embeddable":true,"href":"https:\/\/wbp.lublin.pl\/index.php\/wp-json\/wp\/v2\/users\/9"}],"replies":[{"embeddable":true,"href":"https:\/\/wbp.lublin.pl\/index.php\/wp-json\/wp\/v2\/comments?post=8339"}],"version-history":[{"count":2,"href":"https:\/\/wbp.lublin.pl\/index.php\/wp-json\/wp\/v2\/posts\/8339\/revisions"}],"predecessor-version":[{"id":12866,"href":"https:\/\/wbp.lublin.pl\/index.php\/wp-json\/wp\/v2\/posts\/8339\/revisions\/12866"}],"wp:attachment":[{"href":"https:\/\/wbp.lublin.pl\/index.php\/wp-json\/wp\/v2\/media?parent=8339"}],"wp:term":[{"taxonomy":"category","embeddable":true,"href":"https:\/\/wbp.lublin.pl\/index.php\/wp-json\/wp\/v2\/categories?post=8339"},{"taxonomy":"post_tag","embeddable":true,"href":"https:\/\/wbp.lublin.pl\/index.php\/wp-json\/wp\/v2\/tags?post=8339"}],"curies":[{"name":"wp","href":"https:\/\/api.w.org\/{rel}","templated":true}]}}