{"id":8354,"date":"2014-05-14T12:28:25","date_gmt":"2014-05-14T10:28:25","guid":{"rendered":"https:\/\/wbp.lublin.pl8\/index.php\/2014\/05\/14\/wdrowanie-po-lublinie\/"},"modified":"2018-07-02T22:56:45","modified_gmt":"2018-07-02T20:56:45","slug":"wdrowanie-po-lublinie","status":"publish","type":"post","link":"https:\/\/wbp.lublin.pl\/index.php\/2014\/05\/14\/wdrowanie-po-lublinie\/","title":{"rendered":"W\u0119drowanie po Lublinie"},"content":{"rendered":"<p><span style=\"font-size: 12px;\"><span style=\"font-family: Verdana;\">\u00a0 &#8230;&#8221;nad zau\u0142kiem arkada<\/span><\/span><\/p>\n<p>&nbsp;<\/p>\n<p class=\"MsoNormal\" style=\"margin-bottom: .0001pt; text-align: justify; text-justify: inter-ideograph; line-height: normal; tab-stops: 45.8pt 91.6pt 137.4pt 183.2pt 229.0pt 274.8pt 320.6pt 366.4pt 412.2pt 458.0pt 503.8pt 549.6pt 595.4pt 641.2pt 687.0pt 732.8pt;\"><span style=\"font-size: 12px;\"><span style=\"font-family: Verdana;\">\u00a0\u00a0\u00a0\u00a0 dom domowi d\u0142o\u0144 tak u\u015bcisn\u0105\u0142<\/span><\/span><\/p>\n<p class=\"MsoNormal\" style=\"margin-bottom: .0001pt; text-align: justify; text-justify: inter-ideograph; line-height: normal; tab-stops: 45.8pt 91.6pt 137.4pt 183.2pt 229.0pt 274.8pt 320.6pt 366.4pt 412.2pt 458.0pt 503.8pt 549.6pt 595.4pt 641.2pt 687.0pt 732.8pt;\"><span style=\"font-size: 12px;\"><span style=\"font-family: Verdana;\">\u00a0\u00a0\u00a0\u00a0 i zastyg\u0142 z nag\u0142a&#8230;&#8221;<\/span><\/span><\/p>\n<p class=\"MsoNormal\" style=\"margin-bottom: .0001pt; text-align: justify; text-justify: inter-ideograph; line-height: normal; tab-stops: 45.8pt 91.6pt 137.4pt 183.2pt 229.0pt 274.8pt 320.6pt 366.4pt 412.2pt 458.0pt 503.8pt 549.6pt 595.4pt 641.2pt 687.0pt 732.8pt;\"><span style=\"font-size: 12px;\"><span style=\"font-family: Verdana;\">\u00a0\u00a0\u00a0\u00a0\u00a0\u00a0\u00a0\u00a0\u00a0\u00a0\u00a0\u00a0\u00a0\u00a0\u00a0\u00a0\u00a0\u00a0\u00a0\u00a0\u00a0\u00a0\u00a0\u00a0\u00a0\u00a0 J. Czechowicz<\/span><\/span><\/p>\n<p class=\"MsoNormal\" style=\"margin-bottom: .0001pt; text-align: justify; text-justify: inter-ideograph; line-height: normal; tab-stops: 45.8pt 91.6pt 137.4pt 183.2pt 229.0pt 274.8pt 320.6pt 366.4pt 412.2pt 458.0pt 503.8pt 549.6pt 595.4pt 641.2pt 687.0pt 732.8pt;\"><span style=\"font-size: 12px;\"><span style=\"font-family: Verdana;\">\u00a0Majowe, przer\u00f3\u017cne odcienie zielono\u015bci, bzowe i owocowych drzew kwietne zapachy o\u015bmieli\u0142y do wyj\u015bcia poza bibliotek\u0119. Nadarzy\u0142a si\u0119 ku temu doskona\u0142a okazja, wszak zaprzyja\u017aniony czytelnik filii nr 10, wdzi\u0119czny m\u0142odo\u015bci\u0105 sw\u0105, to przewodnik po Lublinie, pilot wycieczek po Polsce, \u015bwiecie. Zatem 6 maja , w barwach DKK, wyruszyli\u015bmy wraz z popo\u0142udniowym s\u0142o\u0144cem, zr\u00f3\u017cnicowan\u0105 wiekowo grup\u0105. Spacer nasz rozpocz\u0119li\u015bmy od Wzg\u00f3rza Zamkowego, by \u0142agodnym zej\u015bciem poprzez Bram\u0119 Grodzk\u0105 powita\u0107 Stare Miasto.<\/span><\/span><\/p>\n<p class=\"MsoNormal\" style=\"margin-bottom: .0001pt; text-align: justify; text-justify: inter-ideograph; line-height: normal; tab-stops: 45.8pt 91.6pt 137.4pt 183.2pt 229.0pt 274.8pt 320.6pt 366.4pt 412.2pt 458.0pt 503.8pt 549.6pt 595.4pt 641.2pt 687.0pt 732.8pt;\"><span style=\"font-size: 12px;\"><span style=\"font-family: Verdana;\">Czas na Plac Po Farze, potem za\u015b Rynek z dawnym ratuszem miejskim. I okalaj\u0105ce go zewsz\u0105d kamienice, \u017ce&#8230; dech zapiera. Te attyki, dekoracje sgraffitowe, portale, medaliony z popiersiami znanych postaci, pilastry, wszelkie ornamenty&#8230; Przej\u015bcie na Plac Katedralny, z katedr\u0105 wspaniale usytuowan\u0105 w g\u0142\u0119bi, gdzie po wej\u015bciu da\u0142o si\u0119 s\u0142ysze\u0107 majowe ch\u00f3ralne pie\u015bni. St\u0105d wspania\u0142y widok na Wie\u017c\u0119 Trynitarsk\u0105, gdzie tym razem nie &#8221;furgota\u0142 blaszany kogucik&#8221;. Furgota\u0142a za\u015b, w ma\u0142ych paluchach Bartka, chor\u0105giewka z logo DKK, kt\u00f3r\u0105 uwa\u017cnie dzier\u017cy\u0107 raczy\u0142. Przepi\u0119knym zau\u0142kiem dotarli\u015bmy na ulic\u0119 Z\u0142ot\u0105 i pod dawny Dom Z\u0142otnika. Stamt\u0105d tylko krok do Bazyliki oo. Dominikan\u00f3w. Wi\u0119ckowski Krzysztof, czytelnik nasz &#8211; &#8221;przewodnik mas&#8221; wprost oczarowa\u0142 nas . Po pierwsze, rozleg\u0142\u0105 wiedz\u0105 przynale\u017cn\u0105 fachowi temu, po wt\u00f3re, wartk\u0105, swobodn\u0105 ( przy wt\u00f3rze min i gestykulacji) wypowiedzi\u0105. Za\u015b po trzecie, odkry\u0142 przed nami wiele tajemnic, doskonale za jego przewodnictwem odczytywali\u015bmy kartki historii &#8221;wielkiej ksi\u0119gi Lublina&#8221;. Na czele z ma\u0142ym Bartkiem, niestrudzonym piechurem, zainteresowanym tematem, kt\u00f3ry &#8221;pomaga\u0142&#8221; Krzysiowi przewodnikowi. I tu, ten\u017ce Bartkowi sw\u00f3j &#8221;szacun&#8221; wys\u0142owi\u0142. Tu\u017c za Bartkiem pod\u0105\u017ca\u0142a (samodzielnie lub na ramionach taty) siostra jego ma\u0142a. Wszyscy z zaciekawieniem, zas\u0142uchaniem w\u0119drowali\u015bmy, ch\u0142on\u0105c wiele magicznych opowie\u015bci. I tych z prawd\u0105 historii w tle, i legend. O nieustannie zapalonej lampie, o tym, kiedy kogucik zapieje, o &#8221;kamieniu nieszcz\u0119\u015bcia&#8221;. Krzysztofie, dzi\u0119kujemy Ci bardzo, bo\u015b chcia\u0142 z nami pow\u0119drowa\u0107. Wszelkie w\u0119dr\u00f3wki za\u015b, ku zdrowotno\u015bci wszak. W\u0119dr\u00f3wki w g\u0142\u0105b historii, w g\u0142\u0105b miejsc, w g\u0142\u0105b siebie&#8230;Istotna to rzecz. Potrzebna. Poznawcza.<\/span><\/span><\/p>\n<p class=\"MsoNormal\" style=\"margin-bottom: .0001pt; text-align: justify; text-justify: inter-ideograph; line-height: normal; tab-stops: 45.8pt 91.6pt 137.4pt 183.2pt 229.0pt 274.8pt 320.6pt 366.4pt 412.2pt 458.0pt 503.8pt 549.6pt 595.4pt 641.2pt 687.0pt 732.8pt;\"><span style=\"font-size: 12px;\"><span style=\"font-family: Verdana;\">Urszula Rybak<\/span><\/span><\/p>\n<p class=\"MsoNormal\" style=\"margin-bottom: .0001pt; text-align: justify; text-justify: inter-ideograph; line-height: normal; tab-stops: 45.8pt 91.6pt 137.4pt 183.2pt 229.0pt 274.8pt 320.6pt 366.4pt 412.2pt 458.0pt 503.8pt 549.6pt 595.4pt 641.2pt 687.0pt 732.8pt;\"><span style=\"font-size: 12px;\"><span style=\"font-family: Verdana;\">DKK Lublin <\/span><\/span><\/p>\n<p class=\"MsoNormal\" style=\"margin-bottom: .0001pt; text-align: justify; text-justify: inter-ideograph; line-height: normal; tab-stops: 45.8pt 91.6pt 137.4pt 183.2pt 229.0pt 274.8pt 320.6pt 366.4pt 412.2pt 458.0pt 503.8pt 549.6pt 595.4pt 641.2pt 687.0pt 732.8pt;\"><span style=\"font-size: 12px;\"><span style=\"font-family: Verdana;\">MBP Lublin Filia 10 <\/span><\/span><\/p>\n<p class=\"MsoNormal\" style=\"margin-bottom: .0001pt; text-align: justify; text-justify: inter-ideograph; line-height: normal; tab-stops: 45.8pt 91.6pt 137.4pt 183.2pt 229.0pt 274.8pt 320.6pt 366.4pt 412.2pt 458.0pt 503.8pt 549.6pt 595.4pt 641.2pt 687.0pt 732.8pt;\"><span style=\"font-size: 12px;\"><span style=\"font-family: Verdana;\">fot. Anna S\u0142owik<\/span><\/span><\/p>\n<p class=\"MsoNormal\" style=\"text-align: justify; text-justify: inter-ideograph;\"><span style=\"font-size: 12px;\"><span style=\"font-family: Verdana;\"><span style=\"line-height: 115%;\">\u00a0<\/span><\/span><\/span><\/p>\n","protected":false},"excerpt":{"rendered":"<p>\u00a0 &#8230;&#8221;nad zau\u0142kiem arkada &nbsp; \u00a0\u00a0\u00a0\u00a0 dom domowi d\u0142o\u0144 tak u\u015bcisn\u0105\u0142 \u00a0\u00a0\u00a0\u00a0 i zastyg\u0142 z nag\u0142a&#8230;&#8221; \u00a0\u00a0\u00a0\u00a0\u00a0\u00a0\u00a0\u00a0\u00a0\u00a0\u00a0\u00a0\u00a0\u00a0\u00a0\u00a0\u00a0\u00a0\u00a0\u00a0\u00a0\u00a0\u00a0\u00a0\u00a0\u00a0 J. Czechowicz \u00a0Majowe, przer\u00f3\u017cne odcienie zielono\u015bci, bzowe i owocowych drzew kwietne zapachy o\u015bmieli\u0142y [&hellip;]<\/p>\n","protected":false},"author":9,"featured_media":0,"comment_status":"open","ping_status":"open","sticky":false,"template":"","format":"standard","meta":{"_tec_requires_first_save":true,"_crdt_document":"","pgc_sgb_lightbox_settings":"","_EventAllDay":false,"_EventTimezone":"","_EventStartDate":"","_EventEndDate":"","_EventStartDateUTC":"","_EventEndDateUTC":"","_EventShowMap":false,"_EventShowMapLink":false,"_EventURL":"","_EventCost":"","_EventCostDescription":"","_EventCurrencySymbol":"","_EventCurrencyCode":"","_EventCurrencyPosition":"","_EventDateTimeSeparator":"","_EventTimeRangeSeparator":"","_EventOrganizerID":[],"_EventVenueID":[],"_OrganizerEmail":"","_OrganizerPhone":"","_OrganizerWebsite":"","_VenueAddress":"","_VenueCity":"","_VenueCountry":"","_VenueProvince":"","_VenueState":"","_VenueZip":"","_VenuePhone":"","_VenueURL":"","_VenueStateProvince":"","_VenueLat":"","_VenueLng":"","_VenueShowMap":false,"_VenueShowMapLink":false,"_tribe_blocks_recurrence_rules":"","_tribe_blocks_recurrence_description":"","_tribe_blocks_recurrence_exclusions":"","footnotes":""},"categories":[1],"tags":[],"class_list":["post-8354","post","type-post","status-publish","format-standard","hentry","category-bez-kategorii"],"publishpress_future_action":{"enabled":false,"date":"2026-05-06 15:55:06","action":"change-status","newStatus":"draft","terms":[],"taxonomy":"category","extraData":[]},"publishpress_future_workflow_manual_trigger":{"enabledWorkflows":[]},"_links":{"self":[{"href":"https:\/\/wbp.lublin.pl\/index.php\/wp-json\/wp\/v2\/posts\/8354","targetHints":{"allow":["GET"]}}],"collection":[{"href":"https:\/\/wbp.lublin.pl\/index.php\/wp-json\/wp\/v2\/posts"}],"about":[{"href":"https:\/\/wbp.lublin.pl\/index.php\/wp-json\/wp\/v2\/types\/post"}],"author":[{"embeddable":true,"href":"https:\/\/wbp.lublin.pl\/index.php\/wp-json\/wp\/v2\/users\/9"}],"replies":[{"embeddable":true,"href":"https:\/\/wbp.lublin.pl\/index.php\/wp-json\/wp\/v2\/comments?post=8354"}],"version-history":[{"count":2,"href":"https:\/\/wbp.lublin.pl\/index.php\/wp-json\/wp\/v2\/posts\/8354\/revisions"}],"predecessor-version":[{"id":13210,"href":"https:\/\/wbp.lublin.pl\/index.php\/wp-json\/wp\/v2\/posts\/8354\/revisions\/13210"}],"wp:attachment":[{"href":"https:\/\/wbp.lublin.pl\/index.php\/wp-json\/wp\/v2\/media?parent=8354"}],"wp:term":[{"taxonomy":"category","embeddable":true,"href":"https:\/\/wbp.lublin.pl\/index.php\/wp-json\/wp\/v2\/categories?post=8354"},{"taxonomy":"post_tag","embeddable":true,"href":"https:\/\/wbp.lublin.pl\/index.php\/wp-json\/wp\/v2\/tags?post=8354"}],"curies":[{"name":"wp","href":"https:\/\/api.w.org\/{rel}","templated":true}]}}