{"id":8355,"date":"2014-05-14T12:33:21","date_gmt":"2014-05-14T10:33:21","guid":{"rendered":"https:\/\/wbp.lublin.pl8\/index.php\/2014\/05\/14\/24-godziny-przygody-z-maratonem-czytania\/"},"modified":"2018-07-04T19:46:38","modified_gmt":"2018-07-04T17:46:38","slug":"24-godziny-przygody-z-maratonem-czytania","status":"publish","type":"post","link":"https:\/\/wbp.lublin.pl\/index.php\/2014\/05\/14\/24-godziny-przygody-z-maratonem-czytania\/","title":{"rendered":"24 godziny przygody z Maratonem Czytania"},"content":{"rendered":"<p style=\"text-align: justify;\"><span style=\"font-family: Verdana;\"><span style=\"font-size: 12px;\"> <b style=\"mso-bidi-font-weight: normal;\"><span style=\"line-height: 115%;\">Hrubieszowianie nie czytaj\u0105? Przecz\u0105 temu fakty. Pan Samochodzik, Harry Potter, Kr\u00f3l Maciu\u015b I, Koszmarny Karolek, Winnetou, Muminki, Ania, Tomki i inni bohaterowie literaccy towarzyszyli uczestnikom 24 godzinnego Maratonu G\u0142o\u015bnego Czytania. Hrubiesz\u00f3w ju\u017c po raz trzeci mia\u0142 swoje \u015bwi\u0119to czytania. Miejska Biblioteka Publiczna tym razem rozczytywa\u0142a mieszka\u0144c\u00f3w literatur\u0105 z przygod\u0105 w tle. Wbrew statystykom Hrubiesz\u00f3w udowodni\u0142, \u017ce czyta i to przez 24 godziny non stop.<\/span><\/b><\/span><\/span><\/p>\n<p style=\"text-align: justify;\"><span style=\"font-family: Verdana;\"><span style=\"font-size: 12px;\"><span style=\"line-height: 115%;\">24 godzinny Maraton G\u0142o\u015bnego Czytania wystartowa\u0142 9\u00a0maja o godz. 10.00, a\u00a0met\u0119 osi\u0105gni\u0119to 10 maja o 10.00. Ide\u0119 popar\u0142o 523 osoby, kt\u00f3re uczestniczy\u0142y w\u00a0wydarzeniu, 182\u00a0razy zamieniali si\u0119 lektorzy, by przestrze\u0144 do prezentacji g\u0142o\u015bnego czytania mia\u0142a jak najwi\u0119ksza liczba os\u00f3b. Najpopularniejszymi bohaterami literackimi tegorocznego Maratonu byli zdecydowanie: Miko\u0142ajek, Koszmarny Karolek, Sherlock Holmes i Pan Samochodzik. Cz\u0119sto pojawia\u0142 si\u0119 tytu\u0142 \u201eMetro 2033\u201d, \u201eCzarne stopy\u201d i \u201eMa\u0142y Ksi\u0105\u017c\u0119\u201d. \u00a0Na Maraton mo\u017cna by\u0142o przyj\u015b\u0107 z w\u0142asn\u0105 ksi\u0105\u017ck\u0105 i wybranym fragmentem, mo\u017cna by\u0142o wybra\u0107 co\u015b z\u00a0kanonu przygotowanego przez bibliotek\u0119; czytanie nie by\u0142o konieczne, sama obecno\u015b\u0107 by\u0142a ju\u017c wyrazem poparcia dla akcji biblioteki. Na tym \u015bwi\u0119cie ksi\u0105\u017cki ka\u017cda grupa wiekowa znalaz\u0142a swoj\u0105 przestrze\u0144 i miejsce, pocz\u0105wszy od przedszkolak\u00f3w, rodzic\u00f3w, a\u017c po s\u0142uchaczy Hrubieszowskiego Uniwersytetu Trzeciego Wieku. <\/span><\/span><\/span><\/p>\n<p class=\"MsoNormal\" style=\"text-align: justify; text-indent: 35.4pt;\"><span style=\"font-family: Verdana;\"><span style=\"font-size: 12px;\"><span style=\"line-height: 115%;\">Z g\u0142o\u015bnik\u00f3w ustawionych w oknach Hrubieszowskiego Domu Kultury przez pe\u0142ne 24\u00a0godziny p\u0142yn\u0119\u0142y w miasto teksty m\u00f3wi\u0105ce o podr\u00f3\u017cach, przygodach, tajemnicach. O tym r\u00f3wnie\u017c opowiada\u0142 podczas ponad godzinnego spotkania Jan Zderkiewicz, hrubieszowski podr\u00f3\u017cnik, kt\u00f3ry przemierza \u015bwiat na rowerze. <\/span><\/span><\/span><\/p>\n<p class=\"MsoNormal\" style=\"text-align: justify; text-indent: 35.4pt;\"><span style=\"font-family: Verdana;\"><span style=\"font-size: 12px;\"><span style=\"line-height: 115%;\">Maraton nie mia\u0142by takiej rangi i\u00a0wymiaru, gdyby nie pomoc partner\u00f3w. <b style=\"mso-bidi-font-weight: normal;\">HDK\u00a0<\/b>nieodp\u0142atnie udost\u0119pni\u0142 pomieszczenia i nag\u0142o\u015bnienie. <b style=\"mso-bidi-font-weight: normal;\">Warsztaty Terapii Zaj\u0119ciowej<\/b> przygotowa\u0142y oryginaln\u0105, tworz\u0105c\u0105 atmosfer\u0119<\/span><\/span><\/span><span style=\"font-family: Verdana;\"><span style=\"font-size: 12px;\"><span style=\"line-height: 115%;\"> scenografi\u0119. Nieoceniona okaza\u0142a si\u0119 pomoc <b style=\"mso-bidi-font-weight: normal;\">Zwi\u0105zku Strzeleckiego \u201eStrzelec\u201d<\/b>, kt\u00f3rego cz\u0142onkowie przez wiele godzin strzegli bezpiecze\u0144stwa uczestnik\u00f3w wydarzenia, a rano znale\u017ali jeszcze si\u0142y by pom\u00f3c w\u00a0porz\u0105dkowaniu sali. Maraton aktywnie wspiera\u0142y lokalne media: portal LubieHrubie.pl, Hrubieszowska.pl, Radio RTM \u201eStaszic\u201d. Wiernymi or\u0119downikami byli r\u00f3wnie\u017c: Sp\u00f3\u0142dzielczy Klub Kultury \u201eS\u0142oneczko\u201d, M\u0142odzie\u017cowa Rada Miasta, Powiatowa Biblioteka Publiczna i\u00a0Biblioteka Pedagogiczna, Stowarzyszenie Aktywnych Animator\u00f3w Kultury, przedszkola, szko\u0142y i hrubieszowscy harcerze. Organizacj\u0119 Maratonu wspomogli tak\u017ce niesamowici wolontariusze, kt\u00f3rzy w zale\u017cno\u015bci od zgody rodzic\u00f3w mogli towarzyszy\u0107 imprezie kilka godzin, a\u00a0troje z\u00a0nich dzielnie trwa\u0142o od pocz\u0105tku do ko\u0144ca imprezy (24 h). Swoj\u0105 przestrze\u0144 mia\u0142y r\u00f3wnie\u017c Dyskusyjne Kluby Ksi\u0105\u017cki dzia\u0142aj\u0105ce przy bibliotece, to one na co dzie\u0144 kreuj\u0105 mod\u0119 na czytanie w\u015br\u00f3d mieszka\u0144c\u00f3w Hrubieszowa.<\/span><\/span><\/span><\/p>\n<p class=\"MsoNormal\" style=\"text-align: justify; text-indent: 35.4pt;\">Katarzyna Suchecka<\/p>\n<p class=\"MsoNormal\" style=\"text-align: justify; text-indent: 35.4pt;\">DKK Hrubiesz\u00f3w<\/p>\n","protected":false},"excerpt":{"rendered":"<p>Hrubieszowianie nie czytaj\u0105? Przecz\u0105 temu fakty. Pan Samochodzik, Harry Potter, Kr\u00f3l Maciu\u015b I, Koszmarny Karolek, Winnetou, Muminki, Ania, Tomki i inni bohaterowie literaccy towarzyszyli uczestnikom 24 godzinnego Maratonu G\u0142o\u015bnego Czytania. [&hellip;]<\/p>\n","protected":false},"author":9,"featured_media":0,"comment_status":"open","ping_status":"open","sticky":false,"template":"","format":"standard","meta":{"_tec_requires_first_save":true,"_crdt_document":"","pgc_sgb_lightbox_settings":"","_EventAllDay":false,"_EventTimezone":"","_EventStartDate":"","_EventEndDate":"","_EventStartDateUTC":"","_EventEndDateUTC":"","_EventShowMap":false,"_EventShowMapLink":false,"_EventURL":"","_EventCost":"","_EventCostDescription":"","_EventCurrencySymbol":"","_EventCurrencyCode":"","_EventCurrencyPosition":"","_EventDateTimeSeparator":"","_EventTimeRangeSeparator":"","_EventOrganizerID":[],"_EventVenueID":[],"_OrganizerEmail":"","_OrganizerPhone":"","_OrganizerWebsite":"","_VenueAddress":"","_VenueCity":"","_VenueCountry":"","_VenueProvince":"","_VenueState":"","_VenueZip":"","_VenuePhone":"","_VenueURL":"","_VenueStateProvince":"","_VenueLat":"","_VenueLng":"","_VenueShowMap":false,"_VenueShowMapLink":false,"_tribe_blocks_recurrence_rules":"","_tribe_blocks_recurrence_description":"","_tribe_blocks_recurrence_exclusions":"","footnotes":""},"categories":[1],"tags":[],"class_list":["post-8355","post","type-post","status-publish","format-standard","hentry","category-bez-kategorii"],"publishpress_future_action":{"enabled":false,"date":"2026-05-06 15:53:29","action":"change-status","newStatus":"draft","terms":[],"taxonomy":"category","extraData":[]},"publishpress_future_workflow_manual_trigger":{"enabledWorkflows":[]},"_links":{"self":[{"href":"https:\/\/wbp.lublin.pl\/index.php\/wp-json\/wp\/v2\/posts\/8355","targetHints":{"allow":["GET"]}}],"collection":[{"href":"https:\/\/wbp.lublin.pl\/index.php\/wp-json\/wp\/v2\/posts"}],"about":[{"href":"https:\/\/wbp.lublin.pl\/index.php\/wp-json\/wp\/v2\/types\/post"}],"author":[{"embeddable":true,"href":"https:\/\/wbp.lublin.pl\/index.php\/wp-json\/wp\/v2\/users\/9"}],"replies":[{"embeddable":true,"href":"https:\/\/wbp.lublin.pl\/index.php\/wp-json\/wp\/v2\/comments?post=8355"}],"version-history":[{"count":2,"href":"https:\/\/wbp.lublin.pl\/index.php\/wp-json\/wp\/v2\/posts\/8355\/revisions"}],"predecessor-version":[{"id":13209,"href":"https:\/\/wbp.lublin.pl\/index.php\/wp-json\/wp\/v2\/posts\/8355\/revisions\/13209"}],"wp:attachment":[{"href":"https:\/\/wbp.lublin.pl\/index.php\/wp-json\/wp\/v2\/media?parent=8355"}],"wp:term":[{"taxonomy":"category","embeddable":true,"href":"https:\/\/wbp.lublin.pl\/index.php\/wp-json\/wp\/v2\/categories?post=8355"},{"taxonomy":"post_tag","embeddable":true,"href":"https:\/\/wbp.lublin.pl\/index.php\/wp-json\/wp\/v2\/tags?post=8355"}],"curies":[{"name":"wp","href":"https:\/\/api.w.org\/{rel}","templated":true}]}}