{"id":8357,"date":"2014-05-14T13:15:43","date_gmt":"2014-05-14T11:15:43","guid":{"rendered":"https:\/\/wbp.lublin.pl8\/index.php\/2014\/05\/14\/gortat-grzegorz-ewelina-i-czarny-ptak\/"},"modified":"2018-07-02T21:56:43","modified_gmt":"2018-07-02T19:56:43","slug":"gortat-grzegorz-ewelina-i-czarny-ptak","status":"publish","type":"post","link":"https:\/\/wbp.lublin.pl\/index.php\/2014\/05\/14\/gortat-grzegorz-ewelina-i-czarny-ptak\/","title":{"rendered":"Gortat Grzegorz : Ewelina i Czarny Ptak"},"content":{"rendered":"<p style=\"text-align: justify;\"><span style=\"font-size: 12px;\"><span style=\"font-family: Verdana;\">Troch\u0119 przypadkiem wpad\u0142a mi ostatnio w r\u0119ce ksi\u0105\u017cka zatytu\u0142owana \u201eEwelina i Czarny Ptak\u201d napisana przez Grzegorza Gortata. Zainteresowa\u0142a mnie informacja, \u017ce ksi\u0105\u017cka zosta\u0142a wyr\u00f3\u017cniona w konkursie Ksi\u0105\u017cka Roku przez Polsk\u0105 Sekcj\u0119 IBBY. Lubi\u0119 czyta\u0107 tytu\u0142y, kt\u00f3re zyska\u0142y uznanie ludzi znaj\u0105cych si\u0119 na literaturze.\u00a0\u00a0 Zawsze zastanawia mnie tak\u017ce czy taka ksi\u0105\u017cka spodoba mi si\u0119 osobi\u015bcie i czy zyska uznanie w\u015br\u00f3d czytelnik\u00f3w. <\/span><\/span><\/p>\n<p style=\"text-align: justify;\"><span style=\"font-size: 12px;\"><span style=\"font-family: Verdana;\">Bohaterk\u0105 ksi\u0105\u017cki jest dziewi\u0119cioletnia Ewelina, kt\u00f3rej umiera mama a potem gdzie\u015b zagin\u0105\u0142 jej tata.\u00a0 Po\u00a0 jej \u015bmierci musi wybra\u0107 jedn\u0105 z os\u00f3b chc\u0105cych wzi\u0105\u0107 j\u0105 pod opiek\u0119. Staje ona przed trudnym wyborem. Sytuacj\u0119 t\u0119 okre\u015bla idealnie sformu\u0142owanie \u201eTak \u017ale i tak niedobrze\u201d. Kogo ma wybra\u0107? Doro\u015bli otaczaj\u0105 ma\u0142\u0105 dziewczynk\u0119, ale czy chodzi im o ni\u0105 czy o spadek, kt\u00f3ry ma otrzyma\u0107. \u015awiat intryg i podst\u0119p\u00f3w zaczyna otacza\u0107 Ewelin\u0119. Ci, kt\u00f3rzy powinni otoczy\u0107 j\u0105 opiek\u0105 (adwokat, dyrektorka sieroci\u0144ca, doktor, pastor) okazuj\u0105 si\u0119 lud\u017ami bez skrupu\u0142\u00f3w. Ich pomys\u0142owo\u015b\u0107 w oszustwach i pazerno\u015b\u0107 przybieraj\u0105 wielkie rozmiary. Kiedy wydaje si\u0119, \u017ce dziewczynka przegra ze z\u0142em pojawia si\u0119 jej tajemniczy opiekun znany nam z tytu\u0142u Czarny Ptak. Pomagaj\u0105 jej te\u017c przyjaciele: ma\u0142a suczka, kaleki ch\u0142opiec i przybyszy ornitolog (chocia\u017c wiele wskazuje na to, \u00a0\u017ce jest on wcieleniem Czarnego Ptaka).\u00a0 To oni uczestnicz\u0105 w jej rado\u015bciach i przywracaj\u0105 wiar\u0119 w sens \u017cycia. W zasadzie \u201eEwelina i Czarny Ptak\u201d to lekki horror dla m\u0142odych czytelnik\u00f3w. Autor skutecznie przeplata w utworze w\u0105tki ba\u015bni i opowie\u015bci grozy. Musz\u0119 przyzna\u0107, \u017ce momentami sama poczu\u0142am dreszcze. My\u015bl\u0119, \u017ce g\u0142\u00f3wnymi czytelnikami tej pozycji b\u0119d\u0105 starsze dzieciaki czyli tak, mniej wi\u0119cej r\u00f3wie\u015bnicy g\u0142\u00f3wnej bohaterki (chocia\u017c polecam j\u0105 wszystkim). Sama jestem nastolatk\u0105 i wcale si\u0119 nie nudzi\u0142am w trakcie tej lektury. Wr\u0119cz przypomnia\u0142a mi ona, \u017ce trudne sprawy nie omijaj\u0105 r\u00f3wnie\u017c \u015bwiata dzieci. Bardzo podoba\u0142o mi si\u0119 r\u00f3wnie\u017c to, \u017ce autor nie m\u00f3wi bardzo wyra\u017anie i wprost o z\u0142ych wydarzeniach. Stosuje przeno\u015bnie (jednak \u0142atwo je odczyta\u0107) za pomoc\u0105, kt\u00f3rych pisze o sprawach trudnych i bolesnych.\u00a0 Taki spos\u00f3b opowiadania powoduje, \u017ce\u00a0 dzieci \u0142atwiej mog\u0105 zrozumie\u0107 g\u0142\u0119bszy sens cierpienia a nie skupiaj\u0105 si\u0119 tylko na strachu. Fajnie, \u017ce nie jest to kolejna opowie\u015b\u0107\u00a0 o pierwszych mi\u0142o\u015bciach, szkolnych plotkach i ciuchach\u00a0 ale historia dotykaj\u0105ca \u017cycia z jego trudnymi stronami.<\/span><\/span><\/p>\n<p style=\"text-align: justify;\">Nie zdradz\u0119 jak zako\u0144czy si\u0119 historia Eweliny. Mam nadziej\u0119, \u017ce moja recenzja do\u015b\u0107 was zaintrygowa\u0142a i szybko zechcecie pozna\u0107 losy dziewi\u0119ciolatki cierpi\u0105cej po stracie najbli\u017cszych, kt\u00f3ra musia\u0142a nauczy\u0107 si\u0119 przezwyci\u0119\u017ca\u0107 w\u0142asne l\u0119ki. \u00a0\u00a0Autor pisze o smutku, samotno\u015bci, walce dobra ze z\u0142em a wi\u0119c rzeczach, kt\u00f3re nie s\u0105 naj\u0142atwiejsze. Niemal\u017ce ka\u017cd\u0105 stron\u0119 wype\u0142niaj\u0105 emocje. Dodatkowym atutem wed\u0142ug mnie s\u0105 czarno-bia\u0142e ilustracje autorstwa Marty Krzywickiej. Troch\u0119 tajemnicze i nieodgadnione jak fabu\u0142a ksi\u0105\u017cki. Wszystko to rozgrywa si\u0119 pod p\u0142aszczem ba\u015bni przypominaj\u0105cej troch\u0119 klimat znanych z dzieci\u0144stwa utwor\u00f3w braci Grimm przeplataj\u0105cej si\u0119 z horrorem. Na koniec dodatkowa informacja- ksi\u0105\u017cka nie jest d\u0142uga, w zasadzie mo\u017cna j\u0105 spokojnie przeczyta\u0107 niemal\u017ce w jeden dzie\u0144.<\/p>\n<p class=\"MsoNormal\" style=\"margin-bottom: .0001pt; text-align: justify; text-indent: 35.4pt;\">Julia Muca<\/p>\n<p class=\"MsoNormal\" style=\"margin-bottom: .0001pt; text-align: justify; text-indent: 35.4pt;\">DKK &#8222;Ok\u0142adka&#8221; w Aleksandrowie<\/p>\n<p style=\"text-align: justify;\">\n<p>&nbsp;<\/p>\n<p class=\"MsoNormal\" style=\"margin-bottom: .0001pt; text-align: justify; text-indent: 35.4pt;\">\n<p style=\"text-align: justify;\">\n<p style=\"text-align: justify;\">\n","protected":false},"excerpt":{"rendered":"<p>Troch\u0119 przypadkiem wpad\u0142a mi ostatnio w r\u0119ce ksi\u0105\u017cka zatytu\u0142owana \u201eEwelina i Czarny Ptak\u201d napisana przez Grzegorza Gortata. Zainteresowa\u0142a mnie informacja, \u017ce ksi\u0105\u017cka zosta\u0142a wyr\u00f3\u017cniona w konkursie Ksi\u0105\u017cka Roku przez Polsk\u0105 [&hellip;]<\/p>\n","protected":false},"author":9,"featured_media":0,"comment_status":"open","ping_status":"open","sticky":false,"template":"","format":"standard","meta":{"_tec_requires_first_save":true,"_crdt_document":"","pgc_sgb_lightbox_settings":"","_EventAllDay":false,"_EventTimezone":"","_EventStartDate":"","_EventEndDate":"","_EventStartDateUTC":"","_EventEndDateUTC":"","_EventShowMap":false,"_EventShowMapLink":false,"_EventURL":"","_EventCost":"","_EventCostDescription":"","_EventCurrencySymbol":"","_EventCurrencyCode":"","_EventCurrencyPosition":"","_EventDateTimeSeparator":"","_EventTimeRangeSeparator":"","_EventOrganizerID":[],"_EventVenueID":[],"_OrganizerEmail":"","_OrganizerPhone":"","_OrganizerWebsite":"","_VenueAddress":"","_VenueCity":"","_VenueCountry":"","_VenueProvince":"","_VenueState":"","_VenueZip":"","_VenuePhone":"","_VenueURL":"","_VenueStateProvince":"","_VenueLat":"","_VenueLng":"","_VenueShowMap":false,"_VenueShowMapLink":false,"_tribe_blocks_recurrence_rules":"","_tribe_blocks_recurrence_description":"","_tribe_blocks_recurrence_exclusions":"","footnotes":""},"categories":[110],"tags":[],"class_list":["post-8357","post","type-post","status-publish","format-standard","hentry","category-recenzje-klubowiczow"],"publishpress_future_action":{"enabled":false,"date":"2026-05-06 06:25:34","action":"change-status","newStatus":"draft","terms":[],"taxonomy":"category","extraData":[]},"publishpress_future_workflow_manual_trigger":{"enabledWorkflows":[]},"_links":{"self":[{"href":"https:\/\/wbp.lublin.pl\/index.php\/wp-json\/wp\/v2\/posts\/8357","targetHints":{"allow":["GET"]}}],"collection":[{"href":"https:\/\/wbp.lublin.pl\/index.php\/wp-json\/wp\/v2\/posts"}],"about":[{"href":"https:\/\/wbp.lublin.pl\/index.php\/wp-json\/wp\/v2\/types\/post"}],"author":[{"embeddable":true,"href":"https:\/\/wbp.lublin.pl\/index.php\/wp-json\/wp\/v2\/users\/9"}],"replies":[{"embeddable":true,"href":"https:\/\/wbp.lublin.pl\/index.php\/wp-json\/wp\/v2\/comments?post=8357"}],"version-history":[{"count":2,"href":"https:\/\/wbp.lublin.pl\/index.php\/wp-json\/wp\/v2\/posts\/8357\/revisions"}],"predecessor-version":[{"id":12882,"href":"https:\/\/wbp.lublin.pl\/index.php\/wp-json\/wp\/v2\/posts\/8357\/revisions\/12882"}],"wp:attachment":[{"href":"https:\/\/wbp.lublin.pl\/index.php\/wp-json\/wp\/v2\/media?parent=8357"}],"wp:term":[{"taxonomy":"category","embeddable":true,"href":"https:\/\/wbp.lublin.pl\/index.php\/wp-json\/wp\/v2\/categories?post=8357"},{"taxonomy":"post_tag","embeddable":true,"href":"https:\/\/wbp.lublin.pl\/index.php\/wp-json\/wp\/v2\/tags?post=8357"}],"curies":[{"name":"wp","href":"https:\/\/api.w.org\/{rel}","templated":true}]}}